{"id":466386,"date":"2023-01-30T22:50:49","date_gmt":"2023-01-31T04:50:49","guid":{"rendered":"https:\/\/www.zunoticia.com\/noticias-de-hidalgo\/?p=466386"},"modified":"2023-01-30T22:50:50","modified_gmt":"2023-01-31T04:50:50","slug":"participan-colaboradores-de-la-sedeco-en-jornada-de-salud-del-issste","status":"publish","type":"post","link":"https:\/\/www.zunoticia.com\/noticias-de-hidalgo\/2023\/01\/30\/participan-colaboradores-de-la-sedeco-en-jornada-de-salud-del-issste\/","title":{"rendered":"Participan colaboradores de la Sedeco en Jornada de Salud del ISSSTE"},"content":{"rendered":"<aside class=\"mashsb-container mashsb-main mashsb-stretched\"><div class=\"mashsb-box\"><div class=\"mashsb-count mash-large\" style=\"float:left\"><div class=\"counts mashsbcount\">15<\/div><span class=\"mashsb-sharetext\">SHARES<\/span><\/div><div class=\"mashsb-buttons\"><a class=\"mashicon-facebook mash-large mash-center mashsb-noshadow\" href=\"https:\/\/www.facebook.com\/sharer.php?u=https%3A%2F%2Fwww.zunoticia.com%2Fnoticias-de-hidalgo%2F2023%2F01%2F30%2Fparticipan-colaboradores-de-la-sedeco-en-jornada-de-salud-del-issste%2F\" target=\"_top\" rel=\"nofollow\"><span class=\"icon\"><\/span><span class=\"text\">Share<\/span><\/a><a class=\"mashicon-twitter mash-large mash-center mashsb-noshadow\" href=\"https:\/\/twitter.com\/intent\/tweet?text=&amp;url=https:\/\/www.zunoticia.com\/noticias-de-hidalgo\/2023\/01\/30\/participan-colaboradores-de-la-sedeco-en-jornada-de-salud-del-issste\/\" target=\"_top\" rel=\"nofollow\"><span class=\"icon\"><\/span><span class=\"text\">Tweet<\/span><\/a><div class=\"onoffswitch2 mash-large mashsb-noshadow\" style=\"display:none\"><\/div><\/div>\n            <\/div>\n                <div style=\"clear:both\"><\/div><div class=\"mashsb-toggle-container\"><\/div><\/aside>\n            <!-- Share buttons by mashshare.net - Version: 4.0.47-->\n<ul class=\"wp-block-list\"><li>La salud y bienestar de quienes integran un equipo de trabajo es fundamental para nosotros: Henkel<\/li><\/ul>\n\n\n\n<p><em>Por Redacci\u00f3n\/Zunoticia<\/em><\/p>\n\n\n\n<p><strong>Pachuca, Hgo.-<\/strong> Colaboradores de la Secretar\u00eda de Desarrollo Econ\u00f3mico (Sedeco), participaron en la Jornada de Salud y Audiencia P\u00fablica ofrecida por personal de la Representaci\u00f3n Estatal del ISSSTE en Hidalgo.<\/p>\n\n\n\n<p>Pensando en la salud y el bienestar de quienes integran esta secretar\u00eda, dichas acciones se lograron gracias a las gestiones impulsadas por el secretario Carlos Henkel Escorza con Felipe Arreola Torres, subdelegado M\u00e9dico del ISSSTE y con Luis Carlos Olvera Serrano, jefe de la Unidad de Atenci\u00f3n al Derechohabiente.<\/p>\n\n\n\n<p>Esta sinergia interinstitucional permiti\u00f3 acercar los diversos servicios de otorga dicha Instituci\u00f3n con la finalidad de recibir atenci\u00f3n m\u00e9dica y de esta forma prevenir enfermedades.<\/p>\n\n\n\n<figure class=\"wp-block-image size-full\"><img fetchpriority=\"high\" decoding=\"async\" width=\"1024\" height=\"682\" src=\"https:\/\/www.zunoticia.com\/noticias-de-hidalgo\/wp-content\/uploads\/2023\/01\/eZy-Watermark-30-01-2023-10-40-27p.m..jpg\" alt=\"\" class=\"wp-image-466374\" srcset=\"https:\/\/www.zunoticia.com\/noticias-de-hidalgo\/wp-content\/uploads\/2023\/01\/eZy-Watermark-30-01-2023-10-40-27p.m..jpg 1024w, https:\/\/www.zunoticia.com\/noticias-de-hidalgo\/wp-content\/uploads\/2023\/01\/eZy-Watermark-30-01-2023-10-40-27p.m.-300x200.jpg 300w, https:\/\/www.zunoticia.com\/noticias-de-hidalgo\/wp-content\/uploads\/2023\/01\/eZy-Watermark-30-01-2023-10-40-27p.m.-768x512.jpg 768w\" sizes=\"(max-width: 1024px) 100vw, 1024px\" \/><\/figure>\n\n\n\n<p>\u201cPara nosotros la salud de nuestros colaboradores y sus familias es primero, porque su bienestar impacta en lo emocional y en la productividad, por ello nuestro inter\u00e9s es que atiendan su salud en todos los aspectos para tener un equipo de trabajo fortalecido y sano\u201d, expres\u00f3 el titular de la Sedeco.<\/p>\n\n\n\n<p>La jornada de salud cont\u00f3 con orientaci\u00f3n en terapia f\u00edsica, nutrici\u00f3n, odontolog\u00eda, valoraci\u00f3n visual, planificaci\u00f3n familiar, atenci\u00f3n prenatal y de lactancia, detecci\u00f3n de diabetes mellitus, de c\u00e1ncer cervicouterino y de mama; adem\u00e1s de toma de presi\u00f3n arterial y aplicaci\u00f3n de vacunas contra la influenza y Covid-19.<\/p>\n\n\n\n<p>Asimismo, a trav\u00e9s de la audiencia p\u00fablica con m\u00f3dulos itinerantes recibieron asesor\u00eda respecto a los servicios y beneficios que las y los trabajadores del estado tienen derecho como servicios tur\u00edsticos y funerarios, pr\u00e9stamos econ\u00f3micos, actividades recreativas y cultura del deporte.<\/p>\n","protected":false},"excerpt":{"rendered":"<p>La salud y bienestar de quienes integran un equipo de trabajo es fundamental para nosotros: Henkel Por Redacci\u00f3n\/Zunoticia Pachuca, Hgo.- Colaboradores de la Secretar\u00eda de Desarrollo Econ\u00f3mico (Sedeco), participaron en la Jornada de Salud y Audiencia P\u00fablica ofrecida por personal de la Representaci\u00f3n Estatal del ISSSTE en Hidalgo. Pensando en la salud y el bienestar&hellip; <a class=\"more-link\" href=\"https:\/\/www.zunoticia.com\/noticias-de-hidalgo\/2023\/01\/30\/participan-colaboradores-de-la-sedeco-en-jornada-de-salud-del-issste\/\">Seguir leyendo <span class=\"screen-reader-text\">Participan colaboradores de la Sedeco en Jornada de Salud del ISSSTE<\/span><\/a><\/p>\n","protected":false},"author":12,"featured_media":466373,"comment_status":"closed","ping_status":"open","sticky":false,"template":"","format":"standard","meta":{"rop_custom_images_group":[],"rop_custom_messages_group":[],"rop_publish_now":"initial","rop_publish_now_accounts":{"facebook_10159540855086992_322828327761733":""},"rop_publish_now_history":[],"rop_publish_now_status":"pending","footnotes":""},"categories":[208],"tags":[214],"class_list":["post-466386","post","type-post","status-publish","format-standard","has-post-thumbnail","hentry","category-estado","tag-estado","entry"],"_links":{"self":[{"href":"https:\/\/www.zunoticia.com\/noticias-de-hidalgo\/wp-json\/wp\/v2\/posts\/466386","targetHints":{"allow":["GET"]}}],"collection":[{"href":"https:\/\/www.zunoticia.com\/noticias-de-hidalgo\/wp-json\/wp\/v2\/posts"}],"about":[{"href":"https:\/\/www.zunoticia.com\/noticias-de-hidalgo\/wp-json\/wp\/v2\/types\/post"}],"author":[{"embeddable":true,"href":"https:\/\/www.zunoticia.com\/noticias-de-hidalgo\/wp-json\/wp\/v2\/users\/12"}],"replies":[{"embeddable":true,"href":"https:\/\/www.zunoticia.com\/noticias-de-hidalgo\/wp-json\/wp\/v2\/comments?post=466386"}],"version-history":[{"count":1,"href":"https:\/\/www.zunoticia.com\/noticias-de-hidalgo\/wp-json\/wp\/v2\/posts\/466386\/revisions"}],"predecessor-version":[{"id":466390,"href":"https:\/\/www.zunoticia.com\/noticias-de-hidalgo\/wp-json\/wp\/v2\/posts\/466386\/revisions\/466390"}],"wp:featuredmedia":[{"embeddable":true,"href":"https:\/\/www.zunoticia.com\/noticias-de-hidalgo\/wp-json\/wp\/v2\/media\/466373"}],"wp:attachment":[{"href":"https:\/\/www.zunoticia.com\/noticias-de-hidalgo\/wp-json\/wp\/v2\/media?parent=466386"}],"wp:term":[{"taxonomy":"category","embeddable":true,"href":"https:\/\/www.zunoticia.com\/noticias-de-hidalgo\/wp-json\/wp\/v2\/categories?post=466386"},{"taxonomy":"post_tag","embeddable":true,"href":"https:\/\/www.zunoticia.com\/noticias-de-hidalgo\/wp-json\/wp\/v2\/tags?post=466386"}],"curies":[{"name":"wp","href":"https:\/\/api.w.org\/{rel}","templated":true}]}}