{"id":466557,"date":"2023-01-31T20:55:38","date_gmt":"2023-02-01T02:55:38","guid":{"rendered":"https:\/\/www.zunoticia.com\/noticias-de-hidalgo\/?p=466557"},"modified":"2023-01-31T20:55:40","modified_gmt":"2023-02-01T02:55:40","slug":"herido-al-caer-con-su-lena-2","status":"publish","type":"post","link":"https:\/\/www.zunoticia.com\/noticias-de-hidalgo\/2023\/01\/31\/herido-al-caer-con-su-lena-2\/","title":{"rendered":"Herido al caer con su le\u00f1a"},"content":{"rendered":"<aside class=\"mashsb-container mashsb-main mashsb-stretched\"><div class=\"mashsb-box\"><div class=\"mashsb-count mash-large\" style=\"float:left\"><div class=\"counts mashsbcount\">68<\/div><span class=\"mashsb-sharetext\">SHARES<\/span><\/div><div class=\"mashsb-buttons\"><a class=\"mashicon-facebook mash-large mash-center mashsb-noshadow\" href=\"https:\/\/www.facebook.com\/sharer.php?u=https%3A%2F%2Fwww.zunoticia.com%2Fnoticias-de-hidalgo%2F2023%2F01%2F31%2Fherido-al-caer-con-su-lena-2%2F\" target=\"_top\" rel=\"nofollow\"><span class=\"icon\"><\/span><span class=\"text\">Share<\/span><\/a><a class=\"mashicon-twitter mash-large mash-center mashsb-noshadow\" href=\"https:\/\/twitter.com\/intent\/tweet?text=&amp;url=https:\/\/www.zunoticia.com\/noticias-de-hidalgo\/2023\/01\/31\/herido-al-caer-con-su-lena-2\/\" target=\"_top\" rel=\"nofollow\"><span class=\"icon\"><\/span><span class=\"text\">Tweet<\/span><\/a><div class=\"onoffswitch2 mash-large mashsb-noshadow\" style=\"display:none\"><\/div><\/div>\n            <\/div>\n                <div style=\"clear:both\"><\/div><div class=\"mashsb-toggle-container\"><\/div><\/aside>\n            <!-- Share buttons by mashshare.net - Version: 4.0.47-->\n<p><em>Por Roberto Meza\/Zunoticia<\/em><\/p>\n\n\n\n<p><strong>Huazalingo, Hgo.-<\/strong> Habitante de este municipio se hiri\u00f3 al bajar del cerro y rodar con su le\u00f1a, el afectado fue llevado al Centro de Salud para que le brindaran las curaciones que se ocasion\u00f3 en este incidente, los hechos ocurrieron la tarde de este martes.<\/p>\n\n\n\n<p>Se trata de Pablo N.N. de 33 a\u00f1os de edad, quien descend\u00eda del cerro con su le\u00f1a, pero sufri\u00f3 un resbal\u00f3n y se rod\u00f3 con su le\u00f1a, el individuo fue auxiliado por personas que transitaban por el lugar, llev\u00e1ndolo al hospital ya se\u00f1alado, en donde se le curaron sus heridas, adem\u00e1s de descartar probables fracturas.<\/p>\n\n\n\n<p>Esta persona se ocasion\u00f3 lesiones en su rostro y brazos, adem\u00e1s explic\u00f3 que ante un descuido y por lo accidentado del lugar se cay\u00f3 y se rod\u00f3, afortunadamente no pas\u00f3 a mayores, y tras ser curado de sus lesiones se les dio de alta en esa cl\u00ednica.<\/p>\n","protected":false},"excerpt":{"rendered":"<p>Por Roberto Meza\/Zunoticia Huazalingo, Hgo.- Habitante de este municipio se hiri\u00f3 al bajar del cerro y rodar con su le\u00f1a, el afectado fue llevado al Centro de Salud para que le brindaran las curaciones que se ocasion\u00f3 en este incidente, los hechos ocurrieron la tarde de este martes. Se trata de Pablo N.N. de 33&hellip; <a class=\"more-link\" href=\"https:\/\/www.zunoticia.com\/noticias-de-hidalgo\/2023\/01\/31\/herido-al-caer-con-su-lena-2\/\">Seguir leyendo <span class=\"screen-reader-text\">Herido al caer con su le\u00f1a<\/span><\/a><\/p>\n","protected":false},"author":12,"featured_media":466559,"comment_status":"closed","ping_status":"open","sticky":false,"template":"","format":"standard","meta":{"rop_custom_images_group":[],"rop_custom_messages_group":[],"rop_publish_now":"initial","rop_publish_now_accounts":{"facebook_10159540855086992_322828327761733":""},"rop_publish_now_history":[],"rop_publish_now_status":"pending","footnotes":""},"categories":[179,212],"tags":[138],"class_list":["post-466557","post","type-post","status-publish","format-standard","has-post-thumbnail","hentry","category-huasteca","category-huazalingo","tag-huazalingo","entry"],"_links":{"self":[{"href":"https:\/\/www.zunoticia.com\/noticias-de-hidalgo\/wp-json\/wp\/v2\/posts\/466557","targetHints":{"allow":["GET"]}}],"collection":[{"href":"https:\/\/www.zunoticia.com\/noticias-de-hidalgo\/wp-json\/wp\/v2\/posts"}],"about":[{"href":"https:\/\/www.zunoticia.com\/noticias-de-hidalgo\/wp-json\/wp\/v2\/types\/post"}],"author":[{"embeddable":true,"href":"https:\/\/www.zunoticia.com\/noticias-de-hidalgo\/wp-json\/wp\/v2\/users\/12"}],"replies":[{"embeddable":true,"href":"https:\/\/www.zunoticia.com\/noticias-de-hidalgo\/wp-json\/wp\/v2\/comments?post=466557"}],"version-history":[{"count":1,"href":"https:\/\/www.zunoticia.com\/noticias-de-hidalgo\/wp-json\/wp\/v2\/posts\/466557\/revisions"}],"predecessor-version":[{"id":466560,"href":"https:\/\/www.zunoticia.com\/noticias-de-hidalgo\/wp-json\/wp\/v2\/posts\/466557\/revisions\/466560"}],"wp:featuredmedia":[{"embeddable":true,"href":"https:\/\/www.zunoticia.com\/noticias-de-hidalgo\/wp-json\/wp\/v2\/media\/466559"}],"wp:attachment":[{"href":"https:\/\/www.zunoticia.com\/noticias-de-hidalgo\/wp-json\/wp\/v2\/media?parent=466557"}],"wp:term":[{"taxonomy":"category","embeddable":true,"href":"https:\/\/www.zunoticia.com\/noticias-de-hidalgo\/wp-json\/wp\/v2\/categories?post=466557"},{"taxonomy":"post_tag","embeddable":true,"href":"https:\/\/www.zunoticia.com\/noticias-de-hidalgo\/wp-json\/wp\/v2\/tags?post=466557"}],"curies":[{"name":"wp","href":"https:\/\/api.w.org\/{rel}","templated":true}]}}