{"id":467618,"date":"2023-02-09T13:19:04","date_gmt":"2023-02-09T19:19:04","guid":{"rendered":"https:\/\/www.zunoticia.com\/noticias-de-hidalgo\/?p=467618"},"modified":"2023-02-09T13:19:05","modified_gmt":"2023-02-09T19:19:05","slug":"participara-huejutla-en-evento-carnavales-del-estado-de-hidalgo","status":"publish","type":"post","link":"https:\/\/www.zunoticia.com\/noticias-de-hidalgo\/2023\/02\/09\/participara-huejutla-en-evento-carnavales-del-estado-de-hidalgo\/","title":{"rendered":"Participar\u00e1 Huejutla en evento &#8220;Carnavales del Estado de Hidalgo&#8221;"},"content":{"rendered":"<aside class=\"mashsb-container mashsb-main mashsb-stretched\"><div class=\"mashsb-box\"><div class=\"mashsb-count mash-large\" style=\"float:left\"><div class=\"counts mashsbcount\">37<\/div><span class=\"mashsb-sharetext\">SHARES<\/span><\/div><div class=\"mashsb-buttons\"><a class=\"mashicon-facebook mash-large mash-center mashsb-noshadow\" href=\"https:\/\/www.facebook.com\/sharer.php?u=https%3A%2F%2Fwww.zunoticia.com%2Fnoticias-de-hidalgo%2F2023%2F02%2F09%2Fparticipara-huejutla-en-evento-carnavales-del-estado-de-hidalgo%2F\" target=\"_top\" rel=\"nofollow\"><span class=\"icon\"><\/span><span class=\"text\">Share<\/span><\/a><a class=\"mashicon-twitter mash-large mash-center mashsb-noshadow\" href=\"https:\/\/twitter.com\/intent\/tweet?text=&amp;url=https:\/\/www.zunoticia.com\/noticias-de-hidalgo\/2023\/02\/09\/participara-huejutla-en-evento-carnavales-del-estado-de-hidalgo\/\" target=\"_top\" rel=\"nofollow\"><span class=\"icon\"><\/span><span class=\"text\">Tweet<\/span><\/a><div class=\"onoffswitch2 mash-large mashsb-noshadow\" style=\"display:none\"><\/div><\/div>\n            <\/div>\n                <div style=\"clear:both\"><\/div><div class=\"mashsb-toggle-container\"><\/div><\/aside>\n            <!-- Share buttons by mashshare.net - Version: 4.0.47-->\n<p><\/p>\n\n\n\n<p><em>Por Salvador Altamirano\/Zunoticia<\/em><\/p>\n\n\n\n<p><strong>Huejutla, Hgo<\/strong>.- \u201cAtendiendo la invitaci\u00f3n del Gobierno del Estado a trav\u00e9s de la Secretar\u00eda de Cultura, Huejutla participar\u00e1 en el evento denominado \u2018Carnavales del Hidalgo\u2019, el cual tendr\u00e1 efecto el 18 del presente mes en la ciudad de Pachuca\u201d.<\/p>\n\n\n\n<p>Lo anterior, fue expresado por el director de Casa de la Cultura, Melit\u00f3n Mart\u00ednez Hern\u00e1ndez, quien especific\u00f3 que el contingente representativo estar\u00e1 integrado por una cuadrilla de mecos tradicionales, con el cuerpo no untado de lodo, como los de la comunidad de Humotitla Coyuco, sino tiznado, como se hac\u00eda antes en la localidad de Machetla.<\/p>\n\n\n\n<p>Agreg\u00f3 que tratando de rescatar esta modalidad se realiz\u00f3 una investigaci\u00f3n, por lo que en esta ocasi\u00f3n se recrear\u00e1 al meco que se tizna el cuerpo, como lo hac\u00edan hace mucho tiempo, ya que dejaron de bailar hace 30 a\u00f1os.<\/p>\n\n\n\n<p>En el mismo contexto, en torno al &#8220;Carnaval 2023 de Huejutla&#8221;, explic\u00f3 que el eslogan del festejo es &#8220;Tradici\u00f3n que se pinta de alegr\u00eda&#8221;, tendiente a llevarse a cabo los d\u00edas 20 y 21 con el apoyo del alcalde Daniel Andrade Zurutuza, por lo que invita a la ciudadan\u00eda en general a que acudan a disfrutar.<\/p>\n\n\n\n<p>Para finalizar, Mart\u00ednez Hern\u00e1ndez coment\u00f3 que, en esta ocasi\u00f3n participar\u00e1n en el Carnaval de Huejutla los municipios de Chontla e Ixcatepec, del Estado de Veracruz, as\u00ed como de la huasteca hidalguense. Habr\u00e1 dos concursos -acentu\u00f3-, uno de canasta de cascarones creativos y otro de carros aleg\u00f3ricos, en los cuales podr\u00e1n participar colonias e instituciones educativas.<\/p>\n\n\n\n<p><\/p>\n\n\n\n<p><\/p>\n","protected":false},"excerpt":{"rendered":"<p>Por Salvador Altamirano\/Zunoticia Huejutla, Hgo.- \u201cAtendiendo la invitaci\u00f3n del Gobierno del Estado a trav\u00e9s de la Secretar\u00eda de Cultura, Huejutla participar\u00e1 en el evento denominado \u2018Carnavales del Hidalgo\u2019, el cual tendr\u00e1 efecto el 18 del presente mes en la ciudad de Pachuca\u201d. Lo anterior, fue expresado por el director de Casa de la Cultura, Melit\u00f3n&hellip; <a class=\"more-link\" href=\"https:\/\/www.zunoticia.com\/noticias-de-hidalgo\/2023\/02\/09\/participara-huejutla-en-evento-carnavales-del-estado-de-hidalgo\/\">Seguir leyendo <span class=\"screen-reader-text\">Participar\u00e1 Huejutla en evento &#8220;Carnavales del Estado de Hidalgo&#8221;<\/span><\/a><\/p>\n","protected":false},"author":20,"featured_media":467619,"comment_status":"closed","ping_status":"open","sticky":false,"template":"","format":"standard","meta":{"rop_custom_images_group":[],"rop_custom_messages_group":[],"rop_publish_now":"initial","rop_publish_now_accounts":{"facebook_10159540855086992_322828327761733":""},"rop_publish_now_history":[],"rop_publish_now_status":"pending","footnotes":""},"categories":[181],"tags":[121],"class_list":["post-467618","post","type-post","status-publish","format-standard","has-post-thumbnail","hentry","category-huejutla","tag-huejutla","entry"],"_links":{"self":[{"href":"https:\/\/www.zunoticia.com\/noticias-de-hidalgo\/wp-json\/wp\/v2\/posts\/467618","targetHints":{"allow":["GET"]}}],"collection":[{"href":"https:\/\/www.zunoticia.com\/noticias-de-hidalgo\/wp-json\/wp\/v2\/posts"}],"about":[{"href":"https:\/\/www.zunoticia.com\/noticias-de-hidalgo\/wp-json\/wp\/v2\/types\/post"}],"author":[{"embeddable":true,"href":"https:\/\/www.zunoticia.com\/noticias-de-hidalgo\/wp-json\/wp\/v2\/users\/20"}],"replies":[{"embeddable":true,"href":"https:\/\/www.zunoticia.com\/noticias-de-hidalgo\/wp-json\/wp\/v2\/comments?post=467618"}],"version-history":[{"count":1,"href":"https:\/\/www.zunoticia.com\/noticias-de-hidalgo\/wp-json\/wp\/v2\/posts\/467618\/revisions"}],"predecessor-version":[{"id":467620,"href":"https:\/\/www.zunoticia.com\/noticias-de-hidalgo\/wp-json\/wp\/v2\/posts\/467618\/revisions\/467620"}],"wp:featuredmedia":[{"embeddable":true,"href":"https:\/\/www.zunoticia.com\/noticias-de-hidalgo\/wp-json\/wp\/v2\/media\/467619"}],"wp:attachment":[{"href":"https:\/\/www.zunoticia.com\/noticias-de-hidalgo\/wp-json\/wp\/v2\/media?parent=467618"}],"wp:term":[{"taxonomy":"category","embeddable":true,"href":"https:\/\/www.zunoticia.com\/noticias-de-hidalgo\/wp-json\/wp\/v2\/categories?post=467618"},{"taxonomy":"post_tag","embeddable":true,"href":"https:\/\/www.zunoticia.com\/noticias-de-hidalgo\/wp-json\/wp\/v2\/tags?post=467618"}],"curies":[{"name":"wp","href":"https:\/\/api.w.org\/{rel}","templated":true}]}}