{"id":467635,"date":"2023-02-09T16:19:33","date_gmt":"2023-02-09T22:19:33","guid":{"rendered":"https:\/\/www.zunoticia.com\/noticias-de-hidalgo\/?p=467635"},"modified":"2023-02-09T16:19:34","modified_gmt":"2023-02-09T22:19:34","slug":"se-manifiestan-padres-de-la-telesecundaria-122","status":"publish","type":"post","link":"https:\/\/www.zunoticia.com\/noticias-de-hidalgo\/2023\/02\/09\/se-manifiestan-padres-de-la-telesecundaria-122\/","title":{"rendered":"Se manifiestan padres de la Telesecundaria 122"},"content":{"rendered":"<aside class=\"mashsb-container mashsb-main mashsb-stretched\"><div class=\"mashsb-box\"><div class=\"mashsb-count mash-large\" style=\"float:left\"><div class=\"counts mashsbcount\">46<\/div><span class=\"mashsb-sharetext\">SHARES<\/span><\/div><div class=\"mashsb-buttons\"><a class=\"mashicon-facebook mash-large mash-center mashsb-noshadow\" href=\"https:\/\/www.facebook.com\/sharer.php?u=https%3A%2F%2Fwww.zunoticia.com%2Fnoticias-de-hidalgo%2F2023%2F02%2F09%2Fse-manifiestan-padres-de-la-telesecundaria-122%2F\" target=\"_top\" rel=\"nofollow\"><span class=\"icon\"><\/span><span class=\"text\">Share<\/span><\/a><a class=\"mashicon-twitter mash-large mash-center mashsb-noshadow\" href=\"https:\/\/twitter.com\/intent\/tweet?text=&amp;url=https:\/\/www.zunoticia.com\/noticias-de-hidalgo\/2023\/02\/09\/se-manifiestan-padres-de-la-telesecundaria-122\/\" target=\"_top\" rel=\"nofollow\"><span class=\"icon\"><\/span><span class=\"text\">Tweet<\/span><\/a><div class=\"onoffswitch2 mash-large mashsb-noshadow\" style=\"display:none\"><\/div><\/div>\n            <\/div>\n                <div style=\"clear:both\"><\/div><div class=\"mashsb-toggle-container\"><\/div><\/aside>\n            <!-- Share buttons by mashshare.net - Version: 4.0.47-->\n<p><\/p>\n\n\n\n<p>&gt;&gt;&gt;Piden otro maestro para el grupo de los alumnos de primer grado.<\/p>\n\n\n\n<p><em>Por Francisco Rosas\/Zunoticia<\/em><\/p>\n\n\n\n<p><strong>Huejutla, Hgo<\/strong>.- Por falta de un maestro para el grupo de primer grado, padres de familia de la Escuela Telesecundaria 122, de la localidad de Chiquemecatitla, perteneciente a este municipio, este jueves se manifestaron pac\u00edficamente en la instituci\u00f3n educativa.<\/p>\n\n\n\n<p>Los tutores encabezados por Eugenio Hern\u00e1ndez Mart\u00ednez, presidente de la Asociaci\u00f3n de Padres de Familia, afirmaron que desde el 7 de septiembre de 2022, los maestros de la instituci\u00f3n educativa entregaron una solicitud de incremento de personal, pero hasta la fecha no han obtenido respuesta.<\/p>\n\n\n\n<p>Asimismo, el pasado 23 de enero de 2023, refieren que los padres de familia y el director del plantel, profesor Herminio Salas S\u00e1nchez, tuvieron una reuni\u00f3n y firmaron un acuerdo, en el que solicitan a las autoridades educativas que les resuelvan la falta de un docente, sin embargo, hasta el momento no han atendido su petici\u00f3n.<\/p>\n\n\n\n<p>Los padres inconformes se\u00f1alaron que si no obtienen una respuesta a la brevedad posible por parte de la Secretar\u00eda de Educaci\u00f3n P\u00fablica (SEP), van a cerrar la escuela.<\/p>\n\n\n\n<p><\/p>\n\n\n\n<p><\/p>\n","protected":false},"excerpt":{"rendered":"<p>&gt;&gt;&gt;Piden otro maestro para el grupo de los alumnos de primer grado. Por Francisco Rosas\/Zunoticia Huejutla, Hgo.- Por falta de un maestro para el grupo de primer grado, padres de familia de la Escuela Telesecundaria 122, de la localidad de Chiquemecatitla, perteneciente a este municipio, este jueves se manifestaron pac\u00edficamente en la instituci\u00f3n educativa. Los&hellip; <a class=\"more-link\" href=\"https:\/\/www.zunoticia.com\/noticias-de-hidalgo\/2023\/02\/09\/se-manifiestan-padres-de-la-telesecundaria-122\/\">Seguir leyendo <span class=\"screen-reader-text\">Se manifiestan padres de la Telesecundaria 122<\/span><\/a><\/p>\n","protected":false},"author":20,"featured_media":467632,"comment_status":"closed","ping_status":"open","sticky":false,"template":"","format":"standard","meta":{"rop_custom_images_group":[],"rop_custom_messages_group":[],"rop_publish_now":"initial","rop_publish_now_accounts":{"facebook_10159540855086992_322828327761733":""},"rop_publish_now_history":[],"rop_publish_now_status":"pending","footnotes":""},"categories":[181],"tags":[121],"class_list":["post-467635","post","type-post","status-publish","format-standard","has-post-thumbnail","hentry","category-huejutla","tag-huejutla","entry"],"_links":{"self":[{"href":"https:\/\/www.zunoticia.com\/noticias-de-hidalgo\/wp-json\/wp\/v2\/posts\/467635","targetHints":{"allow":["GET"]}}],"collection":[{"href":"https:\/\/www.zunoticia.com\/noticias-de-hidalgo\/wp-json\/wp\/v2\/posts"}],"about":[{"href":"https:\/\/www.zunoticia.com\/noticias-de-hidalgo\/wp-json\/wp\/v2\/types\/post"}],"author":[{"embeddable":true,"href":"https:\/\/www.zunoticia.com\/noticias-de-hidalgo\/wp-json\/wp\/v2\/users\/20"}],"replies":[{"embeddable":true,"href":"https:\/\/www.zunoticia.com\/noticias-de-hidalgo\/wp-json\/wp\/v2\/comments?post=467635"}],"version-history":[{"count":1,"href":"https:\/\/www.zunoticia.com\/noticias-de-hidalgo\/wp-json\/wp\/v2\/posts\/467635\/revisions"}],"predecessor-version":[{"id":467636,"href":"https:\/\/www.zunoticia.com\/noticias-de-hidalgo\/wp-json\/wp\/v2\/posts\/467635\/revisions\/467636"}],"wp:featuredmedia":[{"embeddable":true,"href":"https:\/\/www.zunoticia.com\/noticias-de-hidalgo\/wp-json\/wp\/v2\/media\/467632"}],"wp:attachment":[{"href":"https:\/\/www.zunoticia.com\/noticias-de-hidalgo\/wp-json\/wp\/v2\/media?parent=467635"}],"wp:term":[{"taxonomy":"category","embeddable":true,"href":"https:\/\/www.zunoticia.com\/noticias-de-hidalgo\/wp-json\/wp\/v2\/categories?post=467635"},{"taxonomy":"post_tag","embeddable":true,"href":"https:\/\/www.zunoticia.com\/noticias-de-hidalgo\/wp-json\/wp\/v2\/tags?post=467635"}],"curies":[{"name":"wp","href":"https:\/\/api.w.org\/{rel}","templated":true}]}}