{"id":467646,"date":"2023-02-09T17:19:20","date_gmt":"2023-02-09T23:19:20","guid":{"rendered":"https:\/\/www.zunoticia.com\/noticias-de-hidalgo\/?p=467646"},"modified":"2023-02-09T17:19:22","modified_gmt":"2023-02-09T23:19:22","slug":"presidencia-tomara-protesta-a-nuevos-delegados-de-colonias-y-comunidades","status":"publish","type":"post","link":"https:\/\/www.zunoticia.com\/noticias-de-hidalgo\/2023\/02\/09\/presidencia-tomara-protesta-a-nuevos-delegados-de-colonias-y-comunidades\/","title":{"rendered":"Presidencia tomar\u00e1 protesta a nuevos delegados de colonias y comunidades"},"content":{"rendered":"<aside class=\"mashsb-container mashsb-main mashsb-stretched\"><div class=\"mashsb-box\"><div class=\"mashsb-count mash-large\" style=\"float:left\"><div class=\"counts mashsbcount\">21<\/div><span class=\"mashsb-sharetext\">SHARES<\/span><\/div><div class=\"mashsb-buttons\"><a class=\"mashicon-facebook mash-large mash-center mashsb-noshadow\" href=\"https:\/\/www.facebook.com\/sharer.php?u=https%3A%2F%2Fwww.zunoticia.com%2Fnoticias-de-hidalgo%2F2023%2F02%2F09%2Fpresidencia-tomara-protesta-a-nuevos-delegados-de-colonias-y-comunidades%2F\" target=\"_top\" rel=\"nofollow\"><span class=\"icon\"><\/span><span class=\"text\">Share<\/span><\/a><a class=\"mashicon-twitter mash-large mash-center mashsb-noshadow\" href=\"https:\/\/twitter.com\/intent\/tweet?text=&amp;url=https:\/\/www.zunoticia.com\/noticias-de-hidalgo\/2023\/02\/09\/presidencia-tomara-protesta-a-nuevos-delegados-de-colonias-y-comunidades\/\" target=\"_top\" rel=\"nofollow\"><span class=\"icon\"><\/span><span class=\"text\">Tweet<\/span><\/a><div class=\"onoffswitch2 mash-large mashsb-noshadow\" style=\"display:none\"><\/div><\/div>\n            <\/div>\n                <div style=\"clear:both\"><\/div><div class=\"mashsb-toggle-container\"><\/div><\/aside>\n            <!-- Share buttons by mashshare.net - Version: 4.0.47-->\n<p><\/p>\n\n\n\n<p><em>Por Enedino Hern\u00e1ndez\/Zunoticia<\/em><\/p>\n\n\n\n<p><strong>Huejutla, Hgo<\/strong>.- El presidente municipal de Huejutla de Reyes, Daniel Andrade Zurutuza, confirm\u00f3 que ser\u00e1 el jueves 16 de febrero cuando se llevar\u00e1 a cabo la toma de protesta de los nuevos delegados de las colonias y comunidades de Huejutla.<\/p>\n\n\n\n<p>Dijo que, el evento de toma de protesta se llevar\u00e1 a cabo a partir de las 11:00 horas, del 16 de febrero, en las instalaciones de los terrenos de la Feria en esta ciudad de Huejutla; destacando que se est\u00e1 al 98% en las colonias, pues adem\u00e1s se espera la ratificaci\u00f3n de por lo menos 10 delegados municipales de la zona urbana, mientras que en la rural ya se est\u00e1 al 100%.<\/p>\n\n\n\n<p>Adelant\u00f3 que, de manera oportuna se habr\u00e1 de brindar el acompa\u00f1amiento y la capacitaci\u00f3n a las y los delegados municipales de las colonias, as\u00ed como comunidades, a efecto de que conozcan cu\u00e1les son las principales funciones que tienen.<\/p>\n\n\n\n<p>Expone que, se buscan las estrategias para que los representantes de las colonias y comunidades tengan oportunamente su audiencia para programar las actividades en temas de infraestructura, apoyo y ayuda, para llevar las gestiones tanto a nivel federal como estatal.<\/p>\n\n\n\n<p>En cuanto a las audiencias se\u00f1al\u00f3 que todo avanza de manera positiva pues se ha atendido 104 de las 310 programadas, \u201capenas se llevan 15 d\u00edas de audiencias, lo que se clasifica como en un promedio excelente, esperando que para la primera semana del mes de marzo se hayan brindado todas las audiencias correspondientes\u201d.<\/p>\n\n\n\n<p>Insisti\u00f3 que la atenci\u00f3n ser\u00e1 aplicable para los 310 comit\u00e9s delegacionales, y hasta el momento la mayor\u00eda requiere de pavimentos y caminos; por lo que se tiene que hacer una justificaci\u00f3n, un equilibrio de los mismos, \u201cse tiene que ir mezclado con electrificaci\u00f3n, drenaje, dren pluvial, muros de contenci\u00f3n, para poder cumplir con todas las perspectivas que marcan las reglas de operaci\u00f3n\u201d.<\/p>\n\n\n\n<p><\/p>\n\n\n\n<p><\/p>\n","protected":false},"excerpt":{"rendered":"<p>Por Enedino Hern\u00e1ndez\/Zunoticia Huejutla, Hgo.- El presidente municipal de Huejutla de Reyes, Daniel Andrade Zurutuza, confirm\u00f3 que ser\u00e1 el jueves 16 de febrero cuando se llevar\u00e1 a cabo la toma de protesta de los nuevos delegados de las colonias y comunidades de Huejutla. Dijo que, el evento de toma de protesta se llevar\u00e1 a cabo&hellip; <a class=\"more-link\" href=\"https:\/\/www.zunoticia.com\/noticias-de-hidalgo\/2023\/02\/09\/presidencia-tomara-protesta-a-nuevos-delegados-de-colonias-y-comunidades\/\">Seguir leyendo <span class=\"screen-reader-text\">Presidencia tomar\u00e1 protesta a nuevos delegados de colonias y comunidades<\/span><\/a><\/p>\n","protected":false},"author":20,"featured_media":467647,"comment_status":"closed","ping_status":"open","sticky":false,"template":"","format":"standard","meta":{"rop_custom_images_group":[],"rop_custom_messages_group":[],"rop_publish_now":"initial","rop_publish_now_accounts":{"facebook_10159540855086992_322828327761733":""},"rop_publish_now_history":[],"rop_publish_now_status":"pending","footnotes":""},"categories":[181],"tags":[121],"class_list":["post-467646","post","type-post","status-publish","format-standard","has-post-thumbnail","hentry","category-huejutla","tag-huejutla","entry"],"_links":{"self":[{"href":"https:\/\/www.zunoticia.com\/noticias-de-hidalgo\/wp-json\/wp\/v2\/posts\/467646","targetHints":{"allow":["GET"]}}],"collection":[{"href":"https:\/\/www.zunoticia.com\/noticias-de-hidalgo\/wp-json\/wp\/v2\/posts"}],"about":[{"href":"https:\/\/www.zunoticia.com\/noticias-de-hidalgo\/wp-json\/wp\/v2\/types\/post"}],"author":[{"embeddable":true,"href":"https:\/\/www.zunoticia.com\/noticias-de-hidalgo\/wp-json\/wp\/v2\/users\/20"}],"replies":[{"embeddable":true,"href":"https:\/\/www.zunoticia.com\/noticias-de-hidalgo\/wp-json\/wp\/v2\/comments?post=467646"}],"version-history":[{"count":1,"href":"https:\/\/www.zunoticia.com\/noticias-de-hidalgo\/wp-json\/wp\/v2\/posts\/467646\/revisions"}],"predecessor-version":[{"id":467648,"href":"https:\/\/www.zunoticia.com\/noticias-de-hidalgo\/wp-json\/wp\/v2\/posts\/467646\/revisions\/467648"}],"wp:featuredmedia":[{"embeddable":true,"href":"https:\/\/www.zunoticia.com\/noticias-de-hidalgo\/wp-json\/wp\/v2\/media\/467647"}],"wp:attachment":[{"href":"https:\/\/www.zunoticia.com\/noticias-de-hidalgo\/wp-json\/wp\/v2\/media?parent=467646"}],"wp:term":[{"taxonomy":"category","embeddable":true,"href":"https:\/\/www.zunoticia.com\/noticias-de-hidalgo\/wp-json\/wp\/v2\/categories?post=467646"},{"taxonomy":"post_tag","embeddable":true,"href":"https:\/\/www.zunoticia.com\/noticias-de-hidalgo\/wp-json\/wp\/v2\/tags?post=467646"}],"curies":[{"name":"wp","href":"https:\/\/api.w.org\/{rel}","templated":true}]}}