{"id":467649,"date":"2023-02-09T17:32:30","date_gmt":"2023-02-09T23:32:30","guid":{"rendered":"https:\/\/www.zunoticia.com\/noticias-de-hidalgo\/?p=467649"},"modified":"2023-02-09T17:32:31","modified_gmt":"2023-02-09T23:32:31","slug":"madres-del-jardin-de-ninos-xochitl-pilquentzi-participan-en-taller-de-literatura-infantil","status":"publish","type":"post","link":"https:\/\/www.zunoticia.com\/noticias-de-hidalgo\/2023\/02\/09\/madres-del-jardin-de-ninos-xochitl-pilquentzi-participan-en-taller-de-literatura-infantil\/","title":{"rendered":"Madres del Jard\u00edn de Ni\u00f1os Xochitl Pilquentzi participan en taller de literatura infantil"},"content":{"rendered":"<aside class=\"mashsb-container mashsb-main mashsb-stretched\"><div class=\"mashsb-box\"><div class=\"mashsb-count mash-large\" style=\"float:left\"><div class=\"counts mashsbcount\">6<\/div><span class=\"mashsb-sharetext\">SHARES<\/span><\/div><div class=\"mashsb-buttons\"><a class=\"mashicon-facebook mash-large mash-center mashsb-noshadow\" href=\"https:\/\/www.facebook.com\/sharer.php?u=https%3A%2F%2Fwww.zunoticia.com%2Fnoticias-de-hidalgo%2F2023%2F02%2F09%2Fmadres-del-jardin-de-ninos-xochitl-pilquentzi-participan-en-taller-de-literatura-infantil%2F\" target=\"_top\" rel=\"nofollow\"><span class=\"icon\"><\/span><span class=\"text\">Share<\/span><\/a><a class=\"mashicon-twitter mash-large mash-center mashsb-noshadow\" href=\"https:\/\/twitter.com\/intent\/tweet?text=&amp;url=https:\/\/www.zunoticia.com\/noticias-de-hidalgo\/2023\/02\/09\/madres-del-jardin-de-ninos-xochitl-pilquentzi-participan-en-taller-de-literatura-infantil\/\" target=\"_top\" rel=\"nofollow\"><span class=\"icon\"><\/span><span class=\"text\">Tweet<\/span><\/a><div class=\"onoffswitch2 mash-large mashsb-noshadow\" style=\"display:none\"><\/div><\/div>\n            <\/div>\n                <div style=\"clear:both\"><\/div><div class=\"mashsb-toggle-container\"><\/div><\/aside>\n            <!-- Share buttons by mashshare.net - Version: 4.0.47-->\n<p><\/p>\n\n\n\n<p><em>Por Salvador Altamirano\/Zunoticia<\/em><\/p>\n\n\n\n<p><strong>Huejutla, Hgo<\/strong>.- Madres de familia de alumnos que asisten al &#8220;Jard\u00edn de Ni\u00f1os Xochitl Pilquentzi&#8221;, de la colonia El Zapote, est\u00e1n participando en un taller de literatura infantil que se imparte en la Sala de Lectura \u201cCarol Guadalupe Lara Flores\u201d, de ese plantel educativo.<\/p>\n\n\n\n<p>Lo anterior, fue manifestado&nbsp; por el mediador de Salas de Lectura Comunitarias del DIF Municipal, Leopoldo Enrique Iniesta Mondrag\u00f3n, quien agreg\u00f3 que, el prop\u00f3sito es integrar un libro de cuentos escritos por ellas para sus hijos.<\/p>\n\n\n\n<p>Puede resultar -agreg\u00f3-, un solo libro con 17 cuentos o similar n\u00famero de libros artesanales, que se presentar\u00e1n en la pr\u00f3xima Feria del Libro de Huejutla, y que tengan la satisfacci\u00f3n de decirles a sus hijos: &#8220;Yo escrib\u00ed esta obra infantil para ti y te la voy a leer&#8221;.<\/p>\n\n\n\n<p>Subray\u00f3 que, si como padres de familia podemos leer y escribir para nuestros hijos, ellos s\u00f3litos se interesar\u00e1n en el h\u00e1bito de la lectura y por qu\u00e9 no, en a\u00f1os pr\u00f3ximos tambi\u00e9n escriban cuentos, adivinanzas y poes\u00edas.<\/p>\n\n\n\n<p>Para concluir, Iniesta Mondrag\u00f3n enfatiz\u00f3 que las madres de familia asistentes al taller est\u00e1n bien comprometidas. Todos los martes -explic\u00f3-, les estamos impartiendo la ponencia en un horario de 09:00 a 11:30 horas.<\/p>\n\n\n\n<p><\/p>\n\n\n\n<p><\/p>\n","protected":false},"excerpt":{"rendered":"<p>Por Salvador Altamirano\/Zunoticia Huejutla, Hgo.- Madres de familia de alumnos que asisten al &#8220;Jard\u00edn de Ni\u00f1os Xochitl Pilquentzi&#8221;, de la colonia El Zapote, est\u00e1n participando en un taller de literatura infantil que se imparte en la Sala de Lectura \u201cCarol Guadalupe Lara Flores\u201d, de ese plantel educativo. Lo anterior, fue manifestado&nbsp; por el mediador de&hellip; <a class=\"more-link\" href=\"https:\/\/www.zunoticia.com\/noticias-de-hidalgo\/2023\/02\/09\/madres-del-jardin-de-ninos-xochitl-pilquentzi-participan-en-taller-de-literatura-infantil\/\">Seguir leyendo <span class=\"screen-reader-text\">Madres del Jard\u00edn de Ni\u00f1os Xochitl Pilquentzi participan en taller de literatura infantil<\/span><\/a><\/p>\n","protected":false},"author":20,"featured_media":467650,"comment_status":"closed","ping_status":"open","sticky":false,"template":"","format":"standard","meta":{"rop_custom_images_group":[],"rop_custom_messages_group":[],"rop_publish_now":"initial","rop_publish_now_accounts":{"facebook_10159540855086992_322828327761733":""},"rop_publish_now_history":[],"rop_publish_now_status":"pending","footnotes":""},"categories":[181],"tags":[121],"class_list":["post-467649","post","type-post","status-publish","format-standard","has-post-thumbnail","hentry","category-huejutla","tag-huejutla","entry"],"_links":{"self":[{"href":"https:\/\/www.zunoticia.com\/noticias-de-hidalgo\/wp-json\/wp\/v2\/posts\/467649","targetHints":{"allow":["GET"]}}],"collection":[{"href":"https:\/\/www.zunoticia.com\/noticias-de-hidalgo\/wp-json\/wp\/v2\/posts"}],"about":[{"href":"https:\/\/www.zunoticia.com\/noticias-de-hidalgo\/wp-json\/wp\/v2\/types\/post"}],"author":[{"embeddable":true,"href":"https:\/\/www.zunoticia.com\/noticias-de-hidalgo\/wp-json\/wp\/v2\/users\/20"}],"replies":[{"embeddable":true,"href":"https:\/\/www.zunoticia.com\/noticias-de-hidalgo\/wp-json\/wp\/v2\/comments?post=467649"}],"version-history":[{"count":1,"href":"https:\/\/www.zunoticia.com\/noticias-de-hidalgo\/wp-json\/wp\/v2\/posts\/467649\/revisions"}],"predecessor-version":[{"id":467651,"href":"https:\/\/www.zunoticia.com\/noticias-de-hidalgo\/wp-json\/wp\/v2\/posts\/467649\/revisions\/467651"}],"wp:featuredmedia":[{"embeddable":true,"href":"https:\/\/www.zunoticia.com\/noticias-de-hidalgo\/wp-json\/wp\/v2\/media\/467650"}],"wp:attachment":[{"href":"https:\/\/www.zunoticia.com\/noticias-de-hidalgo\/wp-json\/wp\/v2\/media?parent=467649"}],"wp:term":[{"taxonomy":"category","embeddable":true,"href":"https:\/\/www.zunoticia.com\/noticias-de-hidalgo\/wp-json\/wp\/v2\/categories?post=467649"},{"taxonomy":"post_tag","embeddable":true,"href":"https:\/\/www.zunoticia.com\/noticias-de-hidalgo\/wp-json\/wp\/v2\/tags?post=467649"}],"curies":[{"name":"wp","href":"https:\/\/api.w.org\/{rel}","templated":true}]}}