{"id":467708,"date":"2023-02-09T21:36:37","date_gmt":"2023-02-10T03:36:37","guid":{"rendered":"https:\/\/www.zunoticia.com\/noticias-de-hidalgo\/?p=467708"},"modified":"2023-02-09T21:36:39","modified_gmt":"2023-02-10T03:36:39","slug":"apicultores-de-la-huasteca-se-reuniran-con-el-secretario-de-agricultura","status":"publish","type":"post","link":"https:\/\/www.zunoticia.com\/noticias-de-hidalgo\/2023\/02\/09\/apicultores-de-la-huasteca-se-reuniran-con-el-secretario-de-agricultura\/","title":{"rendered":"Apicultores de la Huasteca se reunir\u00e1n con el Secretario de Agricultura"},"content":{"rendered":"<aside class=\"mashsb-container mashsb-main mashsb-stretched\"><div class=\"mashsb-box\"><div class=\"mashsb-count mash-large\" style=\"float:left\"><div class=\"counts mashsbcount\">21<\/div><span class=\"mashsb-sharetext\">SHARES<\/span><\/div><div class=\"mashsb-buttons\"><a class=\"mashicon-facebook mash-large mash-center mashsb-noshadow\" href=\"https:\/\/www.facebook.com\/sharer.php?u=https%3A%2F%2Fwww.zunoticia.com%2Fnoticias-de-hidalgo%2F2023%2F02%2F09%2Fapicultores-de-la-huasteca-se-reuniran-con-el-secretario-de-agricultura%2F\" target=\"_top\" rel=\"nofollow\"><span class=\"icon\"><\/span><span class=\"text\">Share<\/span><\/a><a class=\"mashicon-twitter mash-large mash-center mashsb-noshadow\" href=\"https:\/\/twitter.com\/intent\/tweet?text=&amp;url=https:\/\/www.zunoticia.com\/noticias-de-hidalgo\/2023\/02\/09\/apicultores-de-la-huasteca-se-reuniran-con-el-secretario-de-agricultura\/\" target=\"_top\" rel=\"nofollow\"><span class=\"icon\"><\/span><span class=\"text\">Tweet<\/span><\/a><div class=\"onoffswitch2 mash-large mashsb-noshadow\" style=\"display:none\"><\/div><\/div>\n            <\/div>\n                <div style=\"clear:both\"><\/div><div class=\"mashsb-toggle-container\"><\/div><\/aside>\n            <!-- Share buttons by mashshare.net - Version: 4.0.47-->\n<p><em>Por Enedino Hern\u00e1ndez\/Zunoticia<\/em><\/p>\n\n\n\n<p><strong>Huejutla Hgo.-<\/strong> Los apicultores de esta zona de la Huasteca llevan a cabo los preparativos correspondientes para reunirse con el Secretario de Agricultura y Ganader\u00eda del Estado, Napole\u00f3n Gonz\u00e1lez P\u00e9rez, ante quien plantear\u00e1n las principales necesidades que se tienen como productores de miel de la regi\u00f3n, entre las que sobresale la necesidad de alcanzar una buena comercializaci\u00f3n del producto.<\/p>\n\n\n\n<p>El representante de los apicultores de la zona, Ismael Marcos Juli\u00e1n, dijo que ya han participado en reuniones anteriores, pero actualmente se va afianzando m\u00e1s la relaci\u00f3n con los Apicultores de esta zona del estado para buscar las estrategias de comercializaci\u00f3n de la miel.<\/p>\n\n\n\n<p>Reconoci\u00f3 que la mayor parte de los apicultores sabe producir la miel, pero no sabe vender el producto; destacando que en la regi\u00f3n de la Huasteca se produce una miel de muy buena calidad, es un producto de exportaci\u00f3n, pues algunos se lo llevan al extranjero.<\/p>\n\n\n\n<p>Generalmente, se\u00f1ala que en la comercializaci\u00f3n de la miel siempre se ven beneficiados los famosos \u201ccoyotes\u201d, por ello de la importancia de que la comercializaci\u00f3n de la miel se realice de manera directa con los compradores y sin intermediarios.<\/p>\n\n\n\n<p>Asimismo, reconoci\u00f3 que el Secretario de Agricultura y Ganader\u00eda del Estado, Napole\u00f3n Gonz\u00e1lez P\u00e9rez, se ha portado bien, es una buena persona, es un buen funcionario que se tiene, pues la instrucci\u00f3n del Gobernador del Estado, Julio Menchaca, es de trabajar para todos.<\/p>\n","protected":false},"excerpt":{"rendered":"<p>Por Enedino Hern\u00e1ndez\/Zunoticia Huejutla Hgo.- Los apicultores de esta zona de la Huasteca llevan a cabo los preparativos correspondientes para reunirse con el Secretario de Agricultura y Ganader\u00eda del Estado, Napole\u00f3n Gonz\u00e1lez P\u00e9rez, ante quien plantear\u00e1n las principales necesidades que se tienen como productores de miel de la regi\u00f3n, entre las que sobresale la necesidad&hellip; <a class=\"more-link\" href=\"https:\/\/www.zunoticia.com\/noticias-de-hidalgo\/2023\/02\/09\/apicultores-de-la-huasteca-se-reuniran-con-el-secretario-de-agricultura\/\">Seguir leyendo <span class=\"screen-reader-text\">Apicultores de la Huasteca se reunir\u00e1n con el Secretario de Agricultura<\/span><\/a><\/p>\n","protected":false},"author":12,"featured_media":467687,"comment_status":"closed","ping_status":"open","sticky":false,"template":"","format":"standard","meta":{"rop_custom_images_group":[],"rop_custom_messages_group":[],"rop_publish_now":"initial","rop_publish_now_accounts":{"facebook_10159540855086992_322828327761733":""},"rop_publish_now_history":[],"rop_publish_now_status":"pending","footnotes":""},"categories":[181],"tags":[121],"class_list":["post-467708","post","type-post","status-publish","format-standard","has-post-thumbnail","hentry","category-huejutla","tag-huejutla","entry"],"_links":{"self":[{"href":"https:\/\/www.zunoticia.com\/noticias-de-hidalgo\/wp-json\/wp\/v2\/posts\/467708","targetHints":{"allow":["GET"]}}],"collection":[{"href":"https:\/\/www.zunoticia.com\/noticias-de-hidalgo\/wp-json\/wp\/v2\/posts"}],"about":[{"href":"https:\/\/www.zunoticia.com\/noticias-de-hidalgo\/wp-json\/wp\/v2\/types\/post"}],"author":[{"embeddable":true,"href":"https:\/\/www.zunoticia.com\/noticias-de-hidalgo\/wp-json\/wp\/v2\/users\/12"}],"replies":[{"embeddable":true,"href":"https:\/\/www.zunoticia.com\/noticias-de-hidalgo\/wp-json\/wp\/v2\/comments?post=467708"}],"version-history":[{"count":1,"href":"https:\/\/www.zunoticia.com\/noticias-de-hidalgo\/wp-json\/wp\/v2\/posts\/467708\/revisions"}],"predecessor-version":[{"id":467709,"href":"https:\/\/www.zunoticia.com\/noticias-de-hidalgo\/wp-json\/wp\/v2\/posts\/467708\/revisions\/467709"}],"wp:featuredmedia":[{"embeddable":true,"href":"https:\/\/www.zunoticia.com\/noticias-de-hidalgo\/wp-json\/wp\/v2\/media\/467687"}],"wp:attachment":[{"href":"https:\/\/www.zunoticia.com\/noticias-de-hidalgo\/wp-json\/wp\/v2\/media?parent=467708"}],"wp:term":[{"taxonomy":"category","embeddable":true,"href":"https:\/\/www.zunoticia.com\/noticias-de-hidalgo\/wp-json\/wp\/v2\/categories?post=467708"},{"taxonomy":"post_tag","embeddable":true,"href":"https:\/\/www.zunoticia.com\/noticias-de-hidalgo\/wp-json\/wp\/v2\/tags?post=467708"}],"curies":[{"name":"wp","href":"https:\/\/api.w.org\/{rel}","templated":true}]}}