{"id":467714,"date":"2023-02-09T21:44:54","date_gmt":"2023-02-10T03:44:54","guid":{"rendered":"https:\/\/www.zunoticia.com\/noticias-de-hidalgo\/?p=467714"},"modified":"2023-02-09T21:44:55","modified_gmt":"2023-02-10T03:44:55","slug":"piden-que-con-el-carnaval-se-beneficie-solo-a-comercio-local","status":"publish","type":"post","link":"https:\/\/www.zunoticia.com\/noticias-de-hidalgo\/2023\/02\/09\/piden-que-con-el-carnaval-se-beneficie-solo-a-comercio-local\/","title":{"rendered":"Piden que con el carnaval se beneficie solo a comercio local"},"content":{"rendered":"<aside class=\"mashsb-container mashsb-main mashsb-stretched\"><div class=\"mashsb-box\"><div class=\"mashsb-count mash-large\" style=\"float:left\"><div class=\"counts mashsbcount\">13<\/div><span class=\"mashsb-sharetext\">SHARES<\/span><\/div><div class=\"mashsb-buttons\"><a class=\"mashicon-facebook mash-large mash-center mashsb-noshadow\" href=\"https:\/\/www.facebook.com\/sharer.php?u=https%3A%2F%2Fwww.zunoticia.com%2Fnoticias-de-hidalgo%2F2023%2F02%2F09%2Fpiden-que-con-el-carnaval-se-beneficie-solo-a-comercio-local%2F\" target=\"_top\" rel=\"nofollow\"><span class=\"icon\"><\/span><span class=\"text\">Share<\/span><\/a><a class=\"mashicon-twitter mash-large mash-center mashsb-noshadow\" href=\"https:\/\/twitter.com\/intent\/tweet?text=&amp;url=https:\/\/www.zunoticia.com\/noticias-de-hidalgo\/2023\/02\/09\/piden-que-con-el-carnaval-se-beneficie-solo-a-comercio-local\/\" target=\"_top\" rel=\"nofollow\"><span class=\"icon\"><\/span><span class=\"text\">Tweet<\/span><\/a><div class=\"onoffswitch2 mash-large mashsb-noshadow\" style=\"display:none\"><\/div><\/div>\n            <\/div>\n                <div style=\"clear:both\"><\/div><div class=\"mashsb-toggle-container\"><\/div><\/aside>\n            <!-- Share buttons by mashshare.net - Version: 4.0.47-->\n<p><em>Por \u00c1ngel Silverio\/Zunoticia<\/em><\/p>\n\n\n\n<p><strong>Jaltoc\u00e1n, Hgo.-<\/strong> Comerciantes de esta demarcaci\u00f3n hicieron un llamado a las autoridades municipales, as\u00ed como los encargados de la organizaci\u00f3n del carnaval que se realizar\u00e1 del 17 al 21 de febrero, para que se opte por solo en beneficiar al comercio local y no a vendedores for\u00e1neos, como pas\u00f3 en las fiestas del municipio.<\/p>\n\n\n\n<p>Lucio Romero Hern\u00e1ndez, l\u00edder de los comerciantes se\u00f1al\u00f3 que estar\u00e1n pidiendo a la administraci\u00f3n municipal que durante los d\u00edas en que se llevar\u00e1 a cabo el carnaval no se permita que comerciantes for\u00e1neos ocupen los espacios donde se desarrollar\u00e1n los bailes, pues esto afectar\u00eda el comercio local tal como pas\u00f3 el a\u00f1o pasado.<\/p>\n\n\n\n<p>\u201cSe dijo desde un principio que se anunci\u00f3 el carnaval que es para apoyar al comercio local por el tema de la pandemia, todos tenemos derecho de trabajar, pero si vienen otros comerciantes for\u00e1neos, porque ya les vendieron los espacios tal vez, eso nos afectar\u00eda much\u00edsimo, es por eso que pedimos que se nos den prioridad al comercio local\u201d indic\u00f3.<\/p>\n\n\n\n<p>Recalc\u00f3 que en las pasadas fiestas, se vieron afectados ya que los espacios fueron vendidos al organizador de la feria, dejando al comercio de este municipio sin poder vender, por ello pidi\u00f3 que se les d\u00e9 prioridad como comerciantes del municipio.<\/p>\n","protected":false},"excerpt":{"rendered":"<p>Por \u00c1ngel Silverio\/Zunoticia Jaltoc\u00e1n, Hgo.- Comerciantes de esta demarcaci\u00f3n hicieron un llamado a las autoridades municipales, as\u00ed como los encargados de la organizaci\u00f3n del carnaval que se realizar\u00e1 del 17 al 21 de febrero, para que se opte por solo en beneficiar al comercio local y no a vendedores for\u00e1neos, como pas\u00f3 en las fiestas&hellip; <a class=\"more-link\" href=\"https:\/\/www.zunoticia.com\/noticias-de-hidalgo\/2023\/02\/09\/piden-que-con-el-carnaval-se-beneficie-solo-a-comercio-local\/\">Seguir leyendo <span class=\"screen-reader-text\">Piden que con el carnaval se beneficie solo a comercio local<\/span><\/a><\/p>\n","protected":false},"author":12,"featured_media":467689,"comment_status":"closed","ping_status":"open","sticky":false,"template":"","format":"standard","meta":{"rop_custom_images_group":[],"rop_custom_messages_group":[],"rop_publish_now":"initial","rop_publish_now_accounts":{"facebook_10159540855086992_322828327761733":""},"rop_publish_now_history":[],"rop_publish_now_status":"pending","footnotes":""},"categories":[179,200],"tags":[131],"class_list":["post-467714","post","type-post","status-publish","format-standard","has-post-thumbnail","hentry","category-huasteca","category-jaltocan","tag-jaltocan","entry"],"_links":{"self":[{"href":"https:\/\/www.zunoticia.com\/noticias-de-hidalgo\/wp-json\/wp\/v2\/posts\/467714","targetHints":{"allow":["GET"]}}],"collection":[{"href":"https:\/\/www.zunoticia.com\/noticias-de-hidalgo\/wp-json\/wp\/v2\/posts"}],"about":[{"href":"https:\/\/www.zunoticia.com\/noticias-de-hidalgo\/wp-json\/wp\/v2\/types\/post"}],"author":[{"embeddable":true,"href":"https:\/\/www.zunoticia.com\/noticias-de-hidalgo\/wp-json\/wp\/v2\/users\/12"}],"replies":[{"embeddable":true,"href":"https:\/\/www.zunoticia.com\/noticias-de-hidalgo\/wp-json\/wp\/v2\/comments?post=467714"}],"version-history":[{"count":1,"href":"https:\/\/www.zunoticia.com\/noticias-de-hidalgo\/wp-json\/wp\/v2\/posts\/467714\/revisions"}],"predecessor-version":[{"id":467715,"href":"https:\/\/www.zunoticia.com\/noticias-de-hidalgo\/wp-json\/wp\/v2\/posts\/467714\/revisions\/467715"}],"wp:featuredmedia":[{"embeddable":true,"href":"https:\/\/www.zunoticia.com\/noticias-de-hidalgo\/wp-json\/wp\/v2\/media\/467689"}],"wp:attachment":[{"href":"https:\/\/www.zunoticia.com\/noticias-de-hidalgo\/wp-json\/wp\/v2\/media?parent=467714"}],"wp:term":[{"taxonomy":"category","embeddable":true,"href":"https:\/\/www.zunoticia.com\/noticias-de-hidalgo\/wp-json\/wp\/v2\/categories?post=467714"},{"taxonomy":"post_tag","embeddable":true,"href":"https:\/\/www.zunoticia.com\/noticias-de-hidalgo\/wp-json\/wp\/v2\/tags?post=467714"}],"curies":[{"name":"wp","href":"https:\/\/api.w.org\/{rel}","templated":true}]}}