{"id":467716,"date":"2023-02-09T21:45:55","date_gmt":"2023-02-10T03:45:55","guid":{"rendered":"https:\/\/www.zunoticia.com\/noticias-de-hidalgo\/?p=467716"},"modified":"2023-02-09T21:45:56","modified_gmt":"2023-02-10T03:45:56","slug":"piden-que-no-se-olviden-de-resolver-problema-del-agua-y-la-contaminacion","status":"publish","type":"post","link":"https:\/\/www.zunoticia.com\/noticias-de-hidalgo\/2023\/02\/09\/piden-que-no-se-olviden-de-resolver-problema-del-agua-y-la-contaminacion\/","title":{"rendered":"Piden que no se olviden de resolver problema del agua y la contaminaci\u00f3n"},"content":{"rendered":"<aside class=\"mashsb-container mashsb-main mashsb-stretched\"><div class=\"mashsb-box\"><div class=\"mashsb-count mash-large\" style=\"float:left\"><div class=\"counts mashsbcount\">32<\/div><span class=\"mashsb-sharetext\">SHARES<\/span><\/div><div class=\"mashsb-buttons\"><a class=\"mashicon-facebook mash-large mash-center mashsb-noshadow\" href=\"https:\/\/www.facebook.com\/sharer.php?u=https%3A%2F%2Fwww.zunoticia.com%2Fnoticias-de-hidalgo%2F2023%2F02%2F09%2Fpiden-que-no-se-olviden-de-resolver-problema-del-agua-y-la-contaminacion%2F\" target=\"_top\" rel=\"nofollow\"><span class=\"icon\"><\/span><span class=\"text\">Share<\/span><\/a><a class=\"mashicon-twitter mash-large mash-center mashsb-noshadow\" href=\"https:\/\/twitter.com\/intent\/tweet?text=&amp;url=https:\/\/www.zunoticia.com\/noticias-de-hidalgo\/2023\/02\/09\/piden-que-no-se-olviden-de-resolver-problema-del-agua-y-la-contaminacion\/\" target=\"_top\" rel=\"nofollow\"><span class=\"icon\"><\/span><span class=\"text\">Tweet<\/span><\/a><div class=\"onoffswitch2 mash-large mashsb-noshadow\" style=\"display:none\"><\/div><\/div>\n            <\/div>\n                <div style=\"clear:both\"><\/div><div class=\"mashsb-toggle-container\"><\/div><\/aside>\n            <!-- Share buttons by mashshare.net - Version: 4.0.47-->\n<p><em>Por \u00c1ngel Silverio\/Zunoticia<\/em><\/p>\n\n\n\n<p><strong>Jaltoc\u00e1n, Hgo.-<\/strong> Vecinos de los diferentes barrios de este municipio hicieron un llamado a la autoridad municipal, para que no se olviden de atender y resolver los problemas como lo es el agua potable, pues mencionan que se est\u00e1n enfocando m\u00e1s en el carnaval, que en atender las principales demandas de la poblaci\u00f3n.<\/p>\n\n\n\n<p>\u201cEst\u00e1 muy bien que se gaste y se le de difusi\u00f3n a las tradiciones, as\u00ed como lo es el carnaval porque no debemos dejar morir nuestra cultura y nuestras ra\u00edces que nos dan identidad, sin embargo pedimos que no se olviden de resolver el tema de agua y de la contaminaci\u00f3n que existe, porque se le est\u00e1 dando mucha difusi\u00f3n al carnaval, y poco se hace por atender lo que realmente aqueja al municipio\u201d indic\u00f3 Juan Hern\u00e1ndez, habitante del barrio Tlalnepantla.<\/p>\n\n\n\n<p>As\u00ed mismo, se\u00f1ala que es muy importante que se realice el desazolve del r\u00edo, y se limpie de toda la basura que hay en la cabecera municipal, -\u201cEst\u00e1n esperando que vengan visitantes, es un orgullo que nuestro carnaval sea uno de los m\u00e1s grandes y m\u00e1s importantes, sin embargo, ser\u00eda una verg\u00fcenza que los visitantes se vayan con la imagen de que Jaltoc\u00e1n es un basurero, ojala que las fiestas del carnaval sirvan para que limpien y quiten toda la basura que hay, de lo contrario, solo se va generar m\u00e1s cochinero\u201d indic\u00f3.<\/p>\n\n\n\n<p>Es importante mencionar que, en algunos barrios, el agua sigue siendo un problema, por lo que esperan que pasadas las fiestas del carnaval se enfoquen en resolver ese problema que ha venido aquejando desde hace a\u00f1os a la cabecera municipal.<\/p>\n","protected":false},"excerpt":{"rendered":"<p>Por \u00c1ngel Silverio\/Zunoticia Jaltoc\u00e1n, Hgo.- Vecinos de los diferentes barrios de este municipio hicieron un llamado a la autoridad municipal, para que no se olviden de atender y resolver los problemas como lo es el agua potable, pues mencionan que se est\u00e1n enfocando m\u00e1s en el carnaval, que en atender las principales demandas de la&hellip; <a class=\"more-link\" href=\"https:\/\/www.zunoticia.com\/noticias-de-hidalgo\/2023\/02\/09\/piden-que-no-se-olviden-de-resolver-problema-del-agua-y-la-contaminacion\/\">Seguir leyendo <span class=\"screen-reader-text\">Piden que no se olviden de resolver problema del agua y la contaminaci\u00f3n<\/span><\/a><\/p>\n","protected":false},"author":12,"featured_media":467688,"comment_status":"closed","ping_status":"open","sticky":false,"template":"","format":"standard","meta":{"rop_custom_images_group":[],"rop_custom_messages_group":[],"rop_publish_now":"initial","rop_publish_now_accounts":{"facebook_10159540855086992_322828327761733":""},"rop_publish_now_history":[],"rop_publish_now_status":"pending","footnotes":""},"categories":[179,200],"tags":[131],"class_list":["post-467716","post","type-post","status-publish","format-standard","has-post-thumbnail","hentry","category-huasteca","category-jaltocan","tag-jaltocan","entry"],"_links":{"self":[{"href":"https:\/\/www.zunoticia.com\/noticias-de-hidalgo\/wp-json\/wp\/v2\/posts\/467716","targetHints":{"allow":["GET"]}}],"collection":[{"href":"https:\/\/www.zunoticia.com\/noticias-de-hidalgo\/wp-json\/wp\/v2\/posts"}],"about":[{"href":"https:\/\/www.zunoticia.com\/noticias-de-hidalgo\/wp-json\/wp\/v2\/types\/post"}],"author":[{"embeddable":true,"href":"https:\/\/www.zunoticia.com\/noticias-de-hidalgo\/wp-json\/wp\/v2\/users\/12"}],"replies":[{"embeddable":true,"href":"https:\/\/www.zunoticia.com\/noticias-de-hidalgo\/wp-json\/wp\/v2\/comments?post=467716"}],"version-history":[{"count":1,"href":"https:\/\/www.zunoticia.com\/noticias-de-hidalgo\/wp-json\/wp\/v2\/posts\/467716\/revisions"}],"predecessor-version":[{"id":467717,"href":"https:\/\/www.zunoticia.com\/noticias-de-hidalgo\/wp-json\/wp\/v2\/posts\/467716\/revisions\/467717"}],"wp:featuredmedia":[{"embeddable":true,"href":"https:\/\/www.zunoticia.com\/noticias-de-hidalgo\/wp-json\/wp\/v2\/media\/467688"}],"wp:attachment":[{"href":"https:\/\/www.zunoticia.com\/noticias-de-hidalgo\/wp-json\/wp\/v2\/media?parent=467716"}],"wp:term":[{"taxonomy":"category","embeddable":true,"href":"https:\/\/www.zunoticia.com\/noticias-de-hidalgo\/wp-json\/wp\/v2\/categories?post=467716"},{"taxonomy":"post_tag","embeddable":true,"href":"https:\/\/www.zunoticia.com\/noticias-de-hidalgo\/wp-json\/wp\/v2\/tags?post=467716"}],"curies":[{"name":"wp","href":"https:\/\/api.w.org\/{rel}","templated":true}]}}