{"id":467720,"date":"2023-02-09T21:48:22","date_gmt":"2023-02-10T03:48:22","guid":{"rendered":"https:\/\/www.zunoticia.com\/noticias-de-hidalgo\/?p=467720"},"modified":"2023-02-09T21:48:22","modified_gmt":"2023-02-10T03:48:22","slug":"todo-listo-para-el-carnaval-2023","status":"publish","type":"post","link":"https:\/\/www.zunoticia.com\/noticias-de-hidalgo\/2023\/02\/09\/todo-listo-para-el-carnaval-2023\/","title":{"rendered":"Todo listo para el Carnaval 2023"},"content":{"rendered":"<aside class=\"mashsb-container mashsb-main mashsb-stretched\"><div class=\"mashsb-box\"><div class=\"mashsb-count mash-large\" style=\"float:left\"><div class=\"counts mashsbcount\">17<\/div><span class=\"mashsb-sharetext\">SHARES<\/span><\/div><div class=\"mashsb-buttons\"><a class=\"mashicon-facebook mash-large mash-center mashsb-noshadow\" href=\"https:\/\/www.facebook.com\/sharer.php?u=https%3A%2F%2Fwww.zunoticia.com%2Fnoticias-de-hidalgo%2F2023%2F02%2F09%2Ftodo-listo-para-el-carnaval-2023%2F\" target=\"_top\" rel=\"nofollow\"><span class=\"icon\"><\/span><span class=\"text\">Share<\/span><\/a><a class=\"mashicon-twitter mash-large mash-center mashsb-noshadow\" href=\"https:\/\/twitter.com\/intent\/tweet?text=&amp;url=https:\/\/www.zunoticia.com\/noticias-de-hidalgo\/2023\/02\/09\/todo-listo-para-el-carnaval-2023\/\" target=\"_top\" rel=\"nofollow\"><span class=\"icon\"><\/span><span class=\"text\">Tweet<\/span><\/a><div class=\"onoffswitch2 mash-large mashsb-noshadow\" style=\"display:none\"><\/div><\/div>\n            <\/div>\n                <div style=\"clear:both\"><\/div><div class=\"mashsb-toggle-container\"><\/div><\/aside>\n            <!-- Share buttons by mashshare.net - Version: 4.0.47-->\n<p><em>Por \u00c1ngel Silverio\/Zunoticia<\/em><\/p>\n\n\n\n<p><strong>San Felipe Orizatl\u00e1n, Hgo.-<\/strong> Todo se encuentra ya listo para llevar a cabo el carnaval San Felipe Orizatl\u00e1n en su edici\u00f3n 2023, por lo que fue dada a conocer la cartelera de actividades que habr\u00e1n de realizarse del 18 al 21 de febrero, donde se espera una gran celebraci\u00f3n para los orizatlenses y por ende la llegada de turistas.<\/p>\n\n\n\n<p>De acuerdo con la programaci\u00f3n dada a conocer, las actividades dar\u00e1n inicio este pr\u00f3ximo 18 de febrero en punto de las 7:00 de la tarde, donde se trasladar\u00e1 a la Corte y posteriormente se realizar\u00e1 la coronaci\u00f3n de Doris I y Nayo I, as\u00ed como a las princesas y pajes, el d\u00eda 19 en punto de las 12:00 del mediod\u00eda se realizar\u00e1 la Guerra de Pintura, tambi\u00e9n un recorrido por calles y comercio, adem\u00e1s de la presentaci\u00f3n de mecos, y el toro mec\u00e1nico, al filo de las 2:30 de la tarde se realizar\u00e1 la tradicional zacahuileada y la fiesta de espuma, para concluir este d\u00eda con una huapangueada.<\/p>\n\n\n\n<p>El d\u00eda 20 dar\u00e1n inicio al mediod\u00eda con la Guerra de Pintura, juegos, concursos y el toro mec\u00e1nico y a las 14:30 horas la zacahuileada y fiesta de espuma, para continuar a las 8:00 de la noche con Batucada Brasile\u00f1a, y 9:30 de la noche se realizar\u00e1 el baile de disfraces.<\/p>\n\n\n\n<p>Finalmente, el d\u00eda 21 de febrero a las 11:00 de la ma\u00f1ana se realizar\u00e1 el gran desfile de Carros Aleg\u00f3ricos, la participaci\u00f3n de comparsas, Batucada Brasile\u00f1a, siguiendo a la 1:00 de la tarde con los juegos, concursos y el toro mec\u00e1nico, la tradicional zacahuileada y para concluir a las 8:30 de la noche con un gran baile sorpresa.<\/p>\n","protected":false},"excerpt":{"rendered":"<p>Por \u00c1ngel Silverio\/Zunoticia San Felipe Orizatl\u00e1n, Hgo.- Todo se encuentra ya listo para llevar a cabo el carnaval San Felipe Orizatl\u00e1n en su edici\u00f3n 2023, por lo que fue dada a conocer la cartelera de actividades que habr\u00e1n de realizarse del 18 al 21 de febrero, donde se espera una gran celebraci\u00f3n para los orizatlenses&hellip; <a class=\"more-link\" href=\"https:\/\/www.zunoticia.com\/noticias-de-hidalgo\/2023\/02\/09\/todo-listo-para-el-carnaval-2023\/\">Seguir leyendo <span class=\"screen-reader-text\">Todo listo para el Carnaval 2023<\/span><\/a><\/p>\n","protected":false},"author":12,"featured_media":467690,"comment_status":"closed","ping_status":"open","sticky":false,"template":"","format":"standard","meta":{"rop_custom_images_group":[],"rop_custom_messages_group":[],"rop_publish_now":"initial","rop_publish_now_accounts":{"facebook_10159540855086992_322828327761733":""},"rop_publish_now_history":[],"rop_publish_now_status":"pending","footnotes":""},"categories":[180],"tags":[129],"class_list":["post-467720","post","type-post","status-publish","format-standard","has-post-thumbnail","hentry","category-orizatlan","tag-orizatlan","entry"],"_links":{"self":[{"href":"https:\/\/www.zunoticia.com\/noticias-de-hidalgo\/wp-json\/wp\/v2\/posts\/467720","targetHints":{"allow":["GET"]}}],"collection":[{"href":"https:\/\/www.zunoticia.com\/noticias-de-hidalgo\/wp-json\/wp\/v2\/posts"}],"about":[{"href":"https:\/\/www.zunoticia.com\/noticias-de-hidalgo\/wp-json\/wp\/v2\/types\/post"}],"author":[{"embeddable":true,"href":"https:\/\/www.zunoticia.com\/noticias-de-hidalgo\/wp-json\/wp\/v2\/users\/12"}],"replies":[{"embeddable":true,"href":"https:\/\/www.zunoticia.com\/noticias-de-hidalgo\/wp-json\/wp\/v2\/comments?post=467720"}],"version-history":[{"count":1,"href":"https:\/\/www.zunoticia.com\/noticias-de-hidalgo\/wp-json\/wp\/v2\/posts\/467720\/revisions"}],"predecessor-version":[{"id":467721,"href":"https:\/\/www.zunoticia.com\/noticias-de-hidalgo\/wp-json\/wp\/v2\/posts\/467720\/revisions\/467721"}],"wp:featuredmedia":[{"embeddable":true,"href":"https:\/\/www.zunoticia.com\/noticias-de-hidalgo\/wp-json\/wp\/v2\/media\/467690"}],"wp:attachment":[{"href":"https:\/\/www.zunoticia.com\/noticias-de-hidalgo\/wp-json\/wp\/v2\/media?parent=467720"}],"wp:term":[{"taxonomy":"category","embeddable":true,"href":"https:\/\/www.zunoticia.com\/noticias-de-hidalgo\/wp-json\/wp\/v2\/categories?post=467720"},{"taxonomy":"post_tag","embeddable":true,"href":"https:\/\/www.zunoticia.com\/noticias-de-hidalgo\/wp-json\/wp\/v2\/tags?post=467720"}],"curies":[{"name":"wp","href":"https:\/\/api.w.org\/{rel}","templated":true}]}}