{"id":467726,"date":"2023-02-09T22:01:49","date_gmt":"2023-02-10T04:01:49","guid":{"rendered":"https:\/\/www.zunoticia.com\/noticias-de-hidalgo\/?p=467726"},"modified":"2023-02-09T22:01:50","modified_gmt":"2023-02-10T04:01:50","slug":"viernes-ultimo-dia-de-registro-para-las-bodas-colectivas","status":"publish","type":"post","link":"https:\/\/www.zunoticia.com\/noticias-de-hidalgo\/2023\/02\/09\/viernes-ultimo-dia-de-registro-para-las-bodas-colectivas\/","title":{"rendered":"Viernes, \u00faltimo d\u00eda de registro para las bodas colectivas"},"content":{"rendered":"<aside class=\"mashsb-container mashsb-main mashsb-stretched\"><div class=\"mashsb-box\"><div class=\"mashsb-count mash-large\" style=\"float:left\"><div class=\"counts mashsbcount\">21<\/div><span class=\"mashsb-sharetext\">SHARES<\/span><\/div><div class=\"mashsb-buttons\"><a class=\"mashicon-facebook mash-large mash-center mashsb-noshadow\" href=\"https:\/\/www.facebook.com\/sharer.php?u=https%3A%2F%2Fwww.zunoticia.com%2Fnoticias-de-hidalgo%2F2023%2F02%2F09%2Fviernes-ultimo-dia-de-registro-para-las-bodas-colectivas%2F\" target=\"_top\" rel=\"nofollow\"><span class=\"icon\"><\/span><span class=\"text\">Share<\/span><\/a><a class=\"mashicon-twitter mash-large mash-center mashsb-noshadow\" href=\"https:\/\/twitter.com\/intent\/tweet?text=&amp;url=https:\/\/www.zunoticia.com\/noticias-de-hidalgo\/2023\/02\/09\/viernes-ultimo-dia-de-registro-para-las-bodas-colectivas\/\" target=\"_top\" rel=\"nofollow\"><span class=\"icon\"><\/span><span class=\"text\">Tweet<\/span><\/a><div class=\"onoffswitch2 mash-large mashsb-noshadow\" style=\"display:none\"><\/div><\/div>\n            <\/div>\n                <div style=\"clear:both\"><\/div><div class=\"mashsb-toggle-container\"><\/div><\/aside>\n            <!-- Share buttons by mashshare.net - Version: 4.0.47-->\n<p><em>Por Roberto Meza\/Zunoticia<\/em><\/p>\n\n\n\n<p><strong>Yahualica, Hgo.-<\/strong> El gobierno municipal que preside Sen\u00f3n Navarro Morales, en coordinaci\u00f3n con la Direcci\u00f3n del Registro Civil del Estado Familiar, informa que este viernes 10 de febrero es el \u00faltimo d\u00eda para registro de bodas colectivas, por lo que hacen una atenta y cordial invitaci\u00f3n a las personas que deseen formalizar su estado civil este 14 de febrero, para que acudan a entregar sus documentos.<\/p>\n\n\n\n<p>Las personas interesadas podr\u00e1n entregar los siguientes requisitos hasta las 4:30 p.m. de este viernes: acta de nacimiento reciente de los contrayentes (Copias), CURP de los contrayentes (Copias), credencial de elector de los contrayentes (Copias), certificado m\u00e9dico prenupcial de ambos contrayentes expedido por instituciones p\u00fablicas de salud (en original), constancia de inexistencia de registro de matrimonio si son registrados en otro municipio o estado (en original), 4 testigos, 2 de cada uno con copia de credencial (No ser padres de los contrayentes), CURP de los padres (Copia), llenar la solicitud de matrimonio, especificando bajo qu\u00e9 r\u00e9gimen se casan, los contrayentes deben de ser mayores de edad, constancia de inexistencia de registro de matrimonio del estado, constancia de inexistencia de registro de matrimonio expedida por el oficial del registro de Huazalingo.<\/p>\n\n\n\n<p>La recepci\u00f3n de documentos ser\u00e1 en la oficina del Registro Civil ubicada en el palacio municipal, en horario de atenci\u00f3n este viernes de 09:00 a.m. a 04:30 p.m. y las bodas se habr\u00e1n de desarrollar el pr\u00f3ximo 14 de febrero de esta anualidad.<\/p>\n","protected":false},"excerpt":{"rendered":"<p>Por Roberto Meza\/Zunoticia Yahualica, Hgo.- El gobierno municipal que preside Sen\u00f3n Navarro Morales, en coordinaci\u00f3n con la Direcci\u00f3n del Registro Civil del Estado Familiar, informa que este viernes 10 de febrero es el \u00faltimo d\u00eda para registro de bodas colectivas, por lo que hacen una atenta y cordial invitaci\u00f3n a las personas que deseen formalizar&hellip; <a class=\"more-link\" href=\"https:\/\/www.zunoticia.com\/noticias-de-hidalgo\/2023\/02\/09\/viernes-ultimo-dia-de-registro-para-las-bodas-colectivas\/\">Seguir leyendo <span class=\"screen-reader-text\">Viernes, \u00faltimo d\u00eda de registro para las bodas colectivas<\/span><\/a><\/p>\n","protected":false},"author":12,"featured_media":467685,"comment_status":"closed","ping_status":"open","sticky":false,"template":"","format":"standard","meta":{"rop_custom_images_group":[],"rop_custom_messages_group":[],"rop_publish_now":"initial","rop_publish_now_accounts":{"facebook_10159540855086992_322828327761733":""},"rop_publish_now_history":[],"rop_publish_now_status":"pending","footnotes":""},"categories":[179,203],"tags":[123],"class_list":["post-467726","post","type-post","status-publish","format-standard","has-post-thumbnail","hentry","category-huasteca","category-yahualica","tag-yahualica","entry"],"_links":{"self":[{"href":"https:\/\/www.zunoticia.com\/noticias-de-hidalgo\/wp-json\/wp\/v2\/posts\/467726","targetHints":{"allow":["GET"]}}],"collection":[{"href":"https:\/\/www.zunoticia.com\/noticias-de-hidalgo\/wp-json\/wp\/v2\/posts"}],"about":[{"href":"https:\/\/www.zunoticia.com\/noticias-de-hidalgo\/wp-json\/wp\/v2\/types\/post"}],"author":[{"embeddable":true,"href":"https:\/\/www.zunoticia.com\/noticias-de-hidalgo\/wp-json\/wp\/v2\/users\/12"}],"replies":[{"embeddable":true,"href":"https:\/\/www.zunoticia.com\/noticias-de-hidalgo\/wp-json\/wp\/v2\/comments?post=467726"}],"version-history":[{"count":1,"href":"https:\/\/www.zunoticia.com\/noticias-de-hidalgo\/wp-json\/wp\/v2\/posts\/467726\/revisions"}],"predecessor-version":[{"id":467727,"href":"https:\/\/www.zunoticia.com\/noticias-de-hidalgo\/wp-json\/wp\/v2\/posts\/467726\/revisions\/467727"}],"wp:featuredmedia":[{"embeddable":true,"href":"https:\/\/www.zunoticia.com\/noticias-de-hidalgo\/wp-json\/wp\/v2\/media\/467685"}],"wp:attachment":[{"href":"https:\/\/www.zunoticia.com\/noticias-de-hidalgo\/wp-json\/wp\/v2\/media?parent=467726"}],"wp:term":[{"taxonomy":"category","embeddable":true,"href":"https:\/\/www.zunoticia.com\/noticias-de-hidalgo\/wp-json\/wp\/v2\/categories?post=467726"},{"taxonomy":"post_tag","embeddable":true,"href":"https:\/\/www.zunoticia.com\/noticias-de-hidalgo\/wp-json\/wp\/v2\/tags?post=467726"}],"curies":[{"name":"wp","href":"https:\/\/api.w.org\/{rel}","templated":true}]}}