{"id":468274,"date":"2023-02-14T16:42:49","date_gmt":"2023-02-14T22:42:49","guid":{"rendered":"https:\/\/www.zunoticia.com\/noticias-de-hidalgo\/?p=468274"},"modified":"2023-02-14T16:42:50","modified_gmt":"2023-02-14T22:42:50","slug":"se-dan-el-si-parejas-en-bodas-colectivas","status":"publish","type":"post","link":"https:\/\/www.zunoticia.com\/noticias-de-hidalgo\/2023\/02\/14\/se-dan-el-si-parejas-en-bodas-colectivas\/","title":{"rendered":"Se dan el s\u00ed, parejas en Bodas colectivas"},"content":{"rendered":"<aside class=\"mashsb-container mashsb-main mashsb-stretched\"><div class=\"mashsb-box\"><div class=\"mashsb-count mash-large\" style=\"float:left\"><div class=\"counts mashsbcount\">8<\/div><span class=\"mashsb-sharetext\">SHARES<\/span><\/div><div class=\"mashsb-buttons\"><a class=\"mashicon-facebook mash-large mash-center mashsb-noshadow\" href=\"https:\/\/www.facebook.com\/sharer.php?u=https%3A%2F%2Fwww.zunoticia.com%2Fnoticias-de-hidalgo%2F2023%2F02%2F14%2Fse-dan-el-si-parejas-en-bodas-colectivas%2F\" target=\"_top\" rel=\"nofollow\"><span class=\"icon\"><\/span><span class=\"text\">Share<\/span><\/a><a class=\"mashicon-twitter mash-large mash-center mashsb-noshadow\" href=\"https:\/\/twitter.com\/intent\/tweet?text=&amp;url=https:\/\/www.zunoticia.com\/noticias-de-hidalgo\/2023\/02\/14\/se-dan-el-si-parejas-en-bodas-colectivas\/\" target=\"_top\" rel=\"nofollow\"><span class=\"icon\"><\/span><span class=\"text\">Tweet<\/span><\/a><div class=\"onoffswitch2 mash-large mashsb-noshadow\" style=\"display:none\"><\/div><\/div>\n            <\/div>\n                <div style=\"clear:both\"><\/div><div class=\"mashsb-toggle-container\"><\/div><\/aside>\n            <!-- Share buttons by mashshare.net - Version: 4.0.47-->\n<p><\/p>\n\n\n\n<p><em>Por \u00c1ngel Silverio\/Zunoticia<\/em><\/p>\n\n\n\n<p><strong>Jaltoc\u00e1n, Hgo<\/strong>.- En el marco del D\u00eda del Amor y la Amistad, la tarde del pasado martes, 6 parejas de novios decidieron formalizar y darle certeza jur\u00eddica uni\u00e9ndose en matrimonio durante las bodas colectivas, que se han hecho ya una tradici\u00f3n por parte del gobierno municipal y del Registro Civil del Estado.<\/p>\n\n\n\n<p>Por ello, la ma\u00f1ana de este martes llena de amor y felicidad, se llevaron a cabo las bodas colectivas donde los contrayentes pudieron formalizar su compromiso y de esta manera dar legalidad a su uni\u00f3n matrimonial, teniendo como testigos a las autoridades municipales, as\u00ed como a sus familiares y amigos.<\/p>\n\n\n\n<p>Como madrina de brindis fungi\u00f3 la regidora Adriana Nava Hern\u00e1ndez, quien en su mensaje se\u00f1al\u00f3, -&#8221; No hay mejor forma de festejar este d\u00eda que ser felices y ver felices a los dem\u00e1s, hoy pasan a un nuevo proyecto juntos, donde el caminar de la mano y la comunicaci\u00f3n son la base para mantenerse siempre unidos; habr\u00e1 obst\u00e1culos pero si caminan juntos los podr\u00e1n superar, recuerden que el matrimonio es como una planta que hay que estar regando diariamente para que florezca&#8221;.<\/p>\n\n\n\n<p>En el evento &nbsp;se dio cita el alcalde Iv\u00e1n Lara Tovar, acompa\u00f1ado de su esposa la presidenta del DIF Janaely Galv\u00e1n; el secretario municipal Dar\u00edo P\u00e9rez Lara; miembros de la asamblea municipal as\u00ed como Ilse Guadalupe \u00c1lvarez titular del \u00e1rea de Registro Civil, quienes les desearon a los nuevos matrimonios mucha felicidad y \u00e9xito en esta etapa de sus vidas.<\/p>\n","protected":false},"excerpt":{"rendered":"<p>Por \u00c1ngel Silverio\/Zunoticia Jaltoc\u00e1n, Hgo.- En el marco del D\u00eda del Amor y la Amistad, la tarde del pasado martes, 6 parejas de novios decidieron formalizar y darle certeza jur\u00eddica uni\u00e9ndose en matrimonio durante las bodas colectivas, que se han hecho ya una tradici\u00f3n por parte del gobierno municipal y del Registro Civil del Estado.&hellip; <a class=\"more-link\" href=\"https:\/\/www.zunoticia.com\/noticias-de-hidalgo\/2023\/02\/14\/se-dan-el-si-parejas-en-bodas-colectivas\/\">Seguir leyendo <span class=\"screen-reader-text\">Se dan el s\u00ed, parejas en Bodas colectivas<\/span><\/a><\/p>\n","protected":false},"author":20,"featured_media":468275,"comment_status":"closed","ping_status":"open","sticky":false,"template":"","format":"standard","meta":{"rop_custom_images_group":[],"rop_custom_messages_group":[],"rop_publish_now":"initial","rop_publish_now_accounts":{"facebook_10159540855086992_322828327761733":""},"rop_publish_now_history":[],"rop_publish_now_status":"pending","footnotes":""},"categories":[200],"tags":[131],"class_list":["post-468274","post","type-post","status-publish","format-standard","has-post-thumbnail","hentry","category-jaltocan","tag-jaltocan","entry"],"_links":{"self":[{"href":"https:\/\/www.zunoticia.com\/noticias-de-hidalgo\/wp-json\/wp\/v2\/posts\/468274","targetHints":{"allow":["GET"]}}],"collection":[{"href":"https:\/\/www.zunoticia.com\/noticias-de-hidalgo\/wp-json\/wp\/v2\/posts"}],"about":[{"href":"https:\/\/www.zunoticia.com\/noticias-de-hidalgo\/wp-json\/wp\/v2\/types\/post"}],"author":[{"embeddable":true,"href":"https:\/\/www.zunoticia.com\/noticias-de-hidalgo\/wp-json\/wp\/v2\/users\/20"}],"replies":[{"embeddable":true,"href":"https:\/\/www.zunoticia.com\/noticias-de-hidalgo\/wp-json\/wp\/v2\/comments?post=468274"}],"version-history":[{"count":1,"href":"https:\/\/www.zunoticia.com\/noticias-de-hidalgo\/wp-json\/wp\/v2\/posts\/468274\/revisions"}],"predecessor-version":[{"id":468276,"href":"https:\/\/www.zunoticia.com\/noticias-de-hidalgo\/wp-json\/wp\/v2\/posts\/468274\/revisions\/468276"}],"wp:featuredmedia":[{"embeddable":true,"href":"https:\/\/www.zunoticia.com\/noticias-de-hidalgo\/wp-json\/wp\/v2\/media\/468275"}],"wp:attachment":[{"href":"https:\/\/www.zunoticia.com\/noticias-de-hidalgo\/wp-json\/wp\/v2\/media?parent=468274"}],"wp:term":[{"taxonomy":"category","embeddable":true,"href":"https:\/\/www.zunoticia.com\/noticias-de-hidalgo\/wp-json\/wp\/v2\/categories?post=468274"},{"taxonomy":"post_tag","embeddable":true,"href":"https:\/\/www.zunoticia.com\/noticias-de-hidalgo\/wp-json\/wp\/v2\/tags?post=468274"}],"curies":[{"name":"wp","href":"https:\/\/api.w.org\/{rel}","templated":true}]}}