{"id":468418,"date":"2023-02-15T10:47:54","date_gmt":"2023-02-15T16:47:54","guid":{"rendered":"https:\/\/www.zunoticia.com\/noticias-de-hidalgo\/?p=468418"},"modified":"2023-02-15T10:47:55","modified_gmt":"2023-02-15T16:47:55","slug":"vinculan-a-proceso-a-sacerdote-acusado-por-abuso-sexual","status":"publish","type":"post","link":"https:\/\/www.zunoticia.com\/noticias-de-hidalgo\/2023\/02\/15\/vinculan-a-proceso-a-sacerdote-acusado-por-abuso-sexual\/","title":{"rendered":"Vinculan a proceso a sacerdote acusado por abuso sexual"},"content":{"rendered":"<aside class=\"mashsb-container mashsb-main mashsb-stretched\"><div class=\"mashsb-box\"><div class=\"mashsb-count mash-large\" style=\"float:left\"><div class=\"counts mashsbcount\">47<\/div><span class=\"mashsb-sharetext\">SHARES<\/span><\/div><div class=\"mashsb-buttons\"><a class=\"mashicon-facebook mash-large mash-center mashsb-noshadow\" href=\"https:\/\/www.facebook.com\/sharer.php?u=https%3A%2F%2Fwww.zunoticia.com%2Fnoticias-de-hidalgo%2F2023%2F02%2F15%2Fvinculan-a-proceso-a-sacerdote-acusado-por-abuso-sexual%2F\" target=\"_top\" rel=\"nofollow\"><span class=\"icon\"><\/span><span class=\"text\">Share<\/span><\/a><a class=\"mashicon-twitter mash-large mash-center mashsb-noshadow\" href=\"https:\/\/twitter.com\/intent\/tweet?text=&amp;url=https:\/\/www.zunoticia.com\/noticias-de-hidalgo\/2023\/02\/15\/vinculan-a-proceso-a-sacerdote-acusado-por-abuso-sexual\/\" target=\"_top\" rel=\"nofollow\"><span class=\"icon\"><\/span><span class=\"text\">Tweet<\/span><\/a><div class=\"onoffswitch2 mash-large mashsb-noshadow\" style=\"display:none\"><\/div><\/div>\n            <\/div>\n                <div style=\"clear:both\"><\/div><div class=\"mashsb-toggle-container\"><\/div><\/aside>\n            <!-- Share buttons by mashshare.net - Version: 4.0.47-->\n<p>\u00a0<\/p>\n\n\n\n<p><em>Por Redacci\u00f3n\/Zunoticia<\/em><\/p>\n\n\n\n<p><strong>Jaltoc\u00e1n, Hgo<\/strong>.- Resultado de las indagatorias que realiz\u00f3 la Fiscal\u00eda de Delitos Sexuales y Contra la Familia, se obtuvieron datos de prueba suficientes para que una jueza de control dictara el auto de vinculaci\u00f3n a proceso para sacerdote cat\u00f3lico, investigado por abuso sexual agravado.<\/p>\n\n\n\n<p>La v\u00edctima, de identidad reservada, denunci\u00f3 que en dos ocasiones en el a\u00f1o 2020, la persona identificada como Juan Enrique &#8220;N.&#8221; le hizo tocamientos en distintas partes del cuerpo, mientras se desempe\u00f1aba como colaboradora voluntaria en la parroquia ubicada en el municipio de Tlanchinol.<\/p>\n\n\n\n<p>Por los hechos, esta representaci\u00f3n social inici\u00f3 a una carpeta de investigaci\u00f3n contra Juan Enrique &#8220;N.&#8221;, quien fung\u00eda como ministro de culto religioso, luego de que se reunieron los datos de prueba suficientes se solicit\u00f3 la orden de aprehensi\u00f3n, misma que fue ejecutada en Ac\u00e1mbaro, Guanajuato.<\/p>\n\n\n\n<p>El imputado, quien se encuentra recluido en el Centro de Reinserci\u00f3n Social (CERESO), ubicado en el predio de La Lima, fue puesto bajo la responsabilidad de una jueza de control, que con base en los datos de prueba dict\u00f3 la vinculaci\u00f3n a proceso por abuso sexual agravado.<\/p>\n\n\n\n<p>La jueza impuso como medida cautelar la prisi\u00f3n preventiva oficiosa y estableci\u00f3 un plazo de tres meses para el cierre de la investigaci\u00f3n complementaria.<\/p>\n\n\n\n<p><\/p>\n\n\n\n<p><\/p>\n","protected":false},"excerpt":{"rendered":"<p>\u00a0 Por Redacci\u00f3n\/Zunoticia Jaltoc\u00e1n, Hgo.- Resultado de las indagatorias que realiz\u00f3 la Fiscal\u00eda de Delitos Sexuales y Contra la Familia, se obtuvieron datos de prueba suficientes para que una jueza de control dictara el auto de vinculaci\u00f3n a proceso para sacerdote cat\u00f3lico, investigado por abuso sexual agravado. La v\u00edctima, de identidad reservada, denunci\u00f3 que en&hellip; <a class=\"more-link\" href=\"https:\/\/www.zunoticia.com\/noticias-de-hidalgo\/2023\/02\/15\/vinculan-a-proceso-a-sacerdote-acusado-por-abuso-sexual\/\">Seguir leyendo <span class=\"screen-reader-text\">Vinculan a proceso a sacerdote acusado por abuso sexual<\/span><\/a><\/p>\n","protected":false},"author":20,"featured_media":468419,"comment_status":"closed","ping_status":"open","sticky":false,"template":"","format":"standard","meta":{"rop_custom_images_group":[],"rop_custom_messages_group":[],"rop_publish_now":"initial","rop_publish_now_accounts":{"facebook_10159540855086992_322828327761733":""},"rop_publish_now_history":[],"rop_publish_now_status":"pending","footnotes":""},"categories":[200],"tags":[131],"class_list":["post-468418","post","type-post","status-publish","format-standard","has-post-thumbnail","hentry","category-jaltocan","tag-jaltocan","entry"],"_links":{"self":[{"href":"https:\/\/www.zunoticia.com\/noticias-de-hidalgo\/wp-json\/wp\/v2\/posts\/468418","targetHints":{"allow":["GET"]}}],"collection":[{"href":"https:\/\/www.zunoticia.com\/noticias-de-hidalgo\/wp-json\/wp\/v2\/posts"}],"about":[{"href":"https:\/\/www.zunoticia.com\/noticias-de-hidalgo\/wp-json\/wp\/v2\/types\/post"}],"author":[{"embeddable":true,"href":"https:\/\/www.zunoticia.com\/noticias-de-hidalgo\/wp-json\/wp\/v2\/users\/20"}],"replies":[{"embeddable":true,"href":"https:\/\/www.zunoticia.com\/noticias-de-hidalgo\/wp-json\/wp\/v2\/comments?post=468418"}],"version-history":[{"count":1,"href":"https:\/\/www.zunoticia.com\/noticias-de-hidalgo\/wp-json\/wp\/v2\/posts\/468418\/revisions"}],"predecessor-version":[{"id":468420,"href":"https:\/\/www.zunoticia.com\/noticias-de-hidalgo\/wp-json\/wp\/v2\/posts\/468418\/revisions\/468420"}],"wp:featuredmedia":[{"embeddable":true,"href":"https:\/\/www.zunoticia.com\/noticias-de-hidalgo\/wp-json\/wp\/v2\/media\/468419"}],"wp:attachment":[{"href":"https:\/\/www.zunoticia.com\/noticias-de-hidalgo\/wp-json\/wp\/v2\/media?parent=468418"}],"wp:term":[{"taxonomy":"category","embeddable":true,"href":"https:\/\/www.zunoticia.com\/noticias-de-hidalgo\/wp-json\/wp\/v2\/categories?post=468418"},{"taxonomy":"post_tag","embeddable":true,"href":"https:\/\/www.zunoticia.com\/noticias-de-hidalgo\/wp-json\/wp\/v2\/tags?post=468418"}],"curies":[{"name":"wp","href":"https:\/\/api.w.org\/{rel}","templated":true}]}}