{"id":468464,"date":"2023-02-15T19:55:38","date_gmt":"2023-02-16T01:55:38","guid":{"rendered":"https:\/\/www.zunoticia.com\/noticias-de-hidalgo\/?p=468464"},"modified":"2023-02-15T19:55:39","modified_gmt":"2023-02-16T01:55:39","slug":"desarrollo-economico-municipalorganiza-curso-taller-estatal","status":"publish","type":"post","link":"https:\/\/www.zunoticia.com\/noticias-de-hidalgo\/2023\/02\/15\/desarrollo-economico-municipalorganiza-curso-taller-estatal\/","title":{"rendered":"Desarrollo Econ\u00f3mico Municipal<br>organiza curso &#8211; taller estatal"},"content":{"rendered":"<aside class=\"mashsb-container mashsb-main mashsb-stretched\"><div class=\"mashsb-box\"><div class=\"mashsb-count mash-large\" style=\"float:left\"><div class=\"counts mashsbcount\">4<\/div><span class=\"mashsb-sharetext\">SHARES<\/span><\/div><div class=\"mashsb-buttons\"><a class=\"mashicon-facebook mash-large mash-center mashsb-noshadow\" href=\"https:\/\/www.facebook.com\/sharer.php?u=https%3A%2F%2Fwww.zunoticia.com%2Fnoticias-de-hidalgo%2F2023%2F02%2F15%2Fdesarrollo-economico-municipalorganiza-curso-taller-estatal%2F\" target=\"_top\" rel=\"nofollow\"><span class=\"icon\"><\/span><span class=\"text\">Share<\/span><\/a><a class=\"mashicon-twitter mash-large mash-center mashsb-noshadow\" href=\"https:\/\/twitter.com\/intent\/tweet?text=&amp;url=https:\/\/www.zunoticia.com\/noticias-de-hidalgo\/2023\/02\/15\/desarrollo-economico-municipalorganiza-curso-taller-estatal\/\" target=\"_top\" rel=\"nofollow\"><span class=\"icon\"><\/span><span class=\"text\">Tweet<\/span><\/a><div class=\"onoffswitch2 mash-large mashsb-noshadow\" style=\"display:none\"><\/div><\/div>\n            <\/div>\n                <div style=\"clear:both\"><\/div><div class=\"mashsb-toggle-container\"><\/div><\/aside>\n            <!-- Share buttons by mashshare.net - Version: 4.0.47-->\n<p>Por Salvador Altamirano\/Zunoticia<\/p>\n\n\n\n<p>Huejutla, Hgo.- \u201cPor indicaciones precisas del presidente municipal, Daniel Andrade Zurutuza, con la finalidad de favorecer la econom\u00eda local, estamos desarrollando un proyecto denominado \u2018Ruta de mejora econ\u00f3mica\u2019, tendiente a beneficiar a comerciantes emprendedores\u201d.<\/p>\n\n\n\n<p>Lo anterior, fue expresado por el director de Desarrollo Econ\u00f3mico Municipal, Salarial Dom\u00ednguez Flores, quien agreg\u00f3 que derivado del proyecto organizan la impartici\u00f3n de un curso \u2013 taller, titulado &#8220;Constituci\u00f3n de sociedades cooperativas y sociedades de responsabilidad limitada micro industrial&#8221;, el cual tendr\u00e1 un costo que absorber\u00e1 el Gobierno del Estado.<\/p>\n\n\n\n<p>Agreg\u00f3 \u201cel prop\u00f3sito consiste en que los directores de las \u00e1reas de Desarrollo Econ\u00f3mico de los municipios estatales sigan el ejemplo de lo que estamos haciendo, por lo que concluir\u00e1 la propuesta con llevar a cabo en Huejutla el primer encuentro de comerciantes emprendedores del Estado de Hidalgo\u201d.<\/p>\n\n\n\n<p>A pregunta expresa, refiri\u00f3 que, la fecha para efectuar el precitado evento estar\u00eda programada para el pr\u00f3ximo mes de abril a m\u00e1s tardar, para cuyo efecto est\u00e1n realizando detalles y el espacio seguramente por la dimensi\u00f3n del mismo, ser\u00e1n las instalaciones de la Feria de Nochebuena.<\/p>\n\n\n\n<p>Para concluir, Dom\u00ednguez Flores coment\u00f3 que el grupo de emprendedores locales que tienen registrados es un total de 80, a quienes exhorta a continuar manteni\u00e9ndose con el mismo dinamismo, ya que el proyecto conlleva a que se constituyan empresarios formales con acceso a beneficios.<\/p>\n\n\n\n<p><br><\/p>\n","protected":false},"excerpt":{"rendered":"<p>Por Salvador Altamirano\/Zunoticia Huejutla, Hgo.- \u201cPor indicaciones precisas del presidente municipal, Daniel Andrade Zurutuza, con la finalidad de favorecer la econom\u00eda local, estamos desarrollando un proyecto denominado \u2018Ruta de mejora econ\u00f3mica\u2019, tendiente a beneficiar a comerciantes emprendedores\u201d. Lo anterior, fue expresado por el director de Desarrollo Econ\u00f3mico Municipal, Salarial Dom\u00ednguez Flores, quien agreg\u00f3 que derivado&hellip; <a class=\"more-link\" href=\"https:\/\/www.zunoticia.com\/noticias-de-hidalgo\/2023\/02\/15\/desarrollo-economico-municipalorganiza-curso-taller-estatal\/\">Seguir leyendo <span class=\"screen-reader-text\">Desarrollo Econ\u00f3mico Municipal<br \/>organiza curso &#8211; taller estatal<\/span><\/a><\/p>\n","protected":false},"author":20,"featured_media":468479,"comment_status":"closed","ping_status":"open","sticky":false,"template":"","format":"standard","meta":{"rop_custom_images_group":[],"rop_custom_messages_group":[],"rop_publish_now":"initial","rop_publish_now_accounts":{"facebook_10159540855086992_322828327761733":""},"rop_publish_now_history":[],"rop_publish_now_status":"pending","footnotes":""},"categories":[181],"tags":[121],"class_list":["post-468464","post","type-post","status-publish","format-standard","has-post-thumbnail","hentry","category-huejutla","tag-huejutla","entry"],"_links":{"self":[{"href":"https:\/\/www.zunoticia.com\/noticias-de-hidalgo\/wp-json\/wp\/v2\/posts\/468464","targetHints":{"allow":["GET"]}}],"collection":[{"href":"https:\/\/www.zunoticia.com\/noticias-de-hidalgo\/wp-json\/wp\/v2\/posts"}],"about":[{"href":"https:\/\/www.zunoticia.com\/noticias-de-hidalgo\/wp-json\/wp\/v2\/types\/post"}],"author":[{"embeddable":true,"href":"https:\/\/www.zunoticia.com\/noticias-de-hidalgo\/wp-json\/wp\/v2\/users\/20"}],"replies":[{"embeddable":true,"href":"https:\/\/www.zunoticia.com\/noticias-de-hidalgo\/wp-json\/wp\/v2\/comments?post=468464"}],"version-history":[{"count":1,"href":"https:\/\/www.zunoticia.com\/noticias-de-hidalgo\/wp-json\/wp\/v2\/posts\/468464\/revisions"}],"predecessor-version":[{"id":468480,"href":"https:\/\/www.zunoticia.com\/noticias-de-hidalgo\/wp-json\/wp\/v2\/posts\/468464\/revisions\/468480"}],"wp:featuredmedia":[{"embeddable":true,"href":"https:\/\/www.zunoticia.com\/noticias-de-hidalgo\/wp-json\/wp\/v2\/media\/468479"}],"wp:attachment":[{"href":"https:\/\/www.zunoticia.com\/noticias-de-hidalgo\/wp-json\/wp\/v2\/media?parent=468464"}],"wp:term":[{"taxonomy":"category","embeddable":true,"href":"https:\/\/www.zunoticia.com\/noticias-de-hidalgo\/wp-json\/wp\/v2\/categories?post=468464"},{"taxonomy":"post_tag","embeddable":true,"href":"https:\/\/www.zunoticia.com\/noticias-de-hidalgo\/wp-json\/wp\/v2\/tags?post=468464"}],"curies":[{"name":"wp","href":"https:\/\/api.w.org\/{rel}","templated":true}]}}