{"id":468467,"date":"2023-02-15T18:57:08","date_gmt":"2023-02-16T00:57:08","guid":{"rendered":"https:\/\/www.zunoticia.com\/noticias-de-hidalgo\/?p=468467"},"modified":"2023-02-15T18:57:10","modified_gmt":"2023-02-16T00:57:10","slug":"festejaron-dia-del-amor-y-amistad-alumnos-del-pamar","status":"publish","type":"post","link":"https:\/\/www.zunoticia.com\/noticias-de-hidalgo\/2023\/02\/15\/festejaron-dia-del-amor-y-amistad-alumnos-del-pamar\/","title":{"rendered":"Festejaron d\u00eda del amor y amistad alumnos del PAMAR"},"content":{"rendered":"<aside class=\"mashsb-container mashsb-main mashsb-stretched\"><div class=\"mashsb-box\"><div class=\"mashsb-count mash-large\" style=\"float:left\"><div class=\"counts mashsbcount\">1<\/div><span class=\"mashsb-sharetext\">SHARES<\/span><\/div><div class=\"mashsb-buttons\"><a class=\"mashicon-facebook mash-large mash-center mashsb-noshadow\" href=\"https:\/\/www.facebook.com\/sharer.php?u=https%3A%2F%2Fwww.zunoticia.com%2Fnoticias-de-hidalgo%2F2023%2F02%2F15%2Ffestejaron-dia-del-amor-y-amistad-alumnos-del-pamar%2F\" target=\"_top\" rel=\"nofollow\"><span class=\"icon\"><\/span><span class=\"text\">Share<\/span><\/a><a class=\"mashicon-twitter mash-large mash-center mashsb-noshadow\" href=\"https:\/\/twitter.com\/intent\/tweet?text=&amp;url=https:\/\/www.zunoticia.com\/noticias-de-hidalgo\/2023\/02\/15\/festejaron-dia-del-amor-y-amistad-alumnos-del-pamar\/\" target=\"_top\" rel=\"nofollow\"><span class=\"icon\"><\/span><span class=\"text\">Tweet<\/span><\/a><div class=\"onoffswitch2 mash-large mashsb-noshadow\" style=\"display:none\"><\/div><\/div>\n            <\/div>\n                <div style=\"clear:both\"><\/div><div class=\"mashsb-toggle-container\"><\/div><\/aside>\n            <!-- Share buttons by mashshare.net - Version: 4.0.47-->\n<p><em>Por Roberto Meza\/Zunoticia<\/em><\/p>\n\n\n\n<p><strong>Yahualica, Hgo.-<\/strong> Con el prop\u00f3sito de estrechar los lazos de amistad entre los alumnos del Programa de Atenci\u00f3n a Memores y Adolescentes en Riesgo (PAMAR) festejaron el d\u00eda del amor y la amistad en donde se llev\u00f3 a cabo un emotivo convivio entre alumnas y alumnos, celebraron en las instalaciones del ayuntamiento.<\/p>\n\n\n\n<p>Durante el festejo organizado por el Sistema para el Desarrollo Integral de la Familia DIF Local, se realizaron diversas actividades y concluyeron con un convivio y entrega de regalos. La enfermera Petra Mart\u00ednez, titular del DIF ofreci\u00f3 a las y los asistentes platillos elaborados por el grupo de cocina, quebraron las pi\u00f1atas bailaron y recibieron bolsitas de dulces.<\/p>\n\n\n<div class=\"wp-block-image\">\n<figure class=\"aligncenter size-full\"><img fetchpriority=\"high\" decoding=\"async\" width=\"720\" height=\"960\" src=\"https:\/\/www.zunoticia.com\/noticias-de-hidalgo\/wp-content\/uploads\/2023\/02\/eZy-Watermark-15-02-2023-06-14-57p.m..jpg\" alt=\"\" class=\"wp-image-468458\" srcset=\"https:\/\/www.zunoticia.com\/noticias-de-hidalgo\/wp-content\/uploads\/2023\/02\/eZy-Watermark-15-02-2023-06-14-57p.m..jpg 720w, https:\/\/www.zunoticia.com\/noticias-de-hidalgo\/wp-content\/uploads\/2023\/02\/eZy-Watermark-15-02-2023-06-14-57p.m.-225x300.jpg 225w\" sizes=\"(max-width: 720px) 100vw, 720px\" \/><\/figure>\n<\/div>\n\n\n<p>Con este tipo de actividades, la dependencia municipal busca fomentar la inclusi\u00f3n de los ni\u00f1os y adolescentes estos importantes valores para bien de su desarrollo, el PAMAR est\u00e1 trabajando con estos sectores de la poblaci\u00f3n en varios ejes para el bien de su desarrollo de los participantes.<\/p>\n","protected":false},"excerpt":{"rendered":"<p>Por Roberto Meza\/Zunoticia Yahualica, Hgo.- Con el prop\u00f3sito de estrechar los lazos de amistad entre los alumnos del Programa de Atenci\u00f3n a Memores y Adolescentes en Riesgo (PAMAR) festejaron el d\u00eda del amor y la amistad en donde se llev\u00f3 a cabo un emotivo convivio entre alumnas y alumnos, celebraron en las instalaciones del ayuntamiento.&hellip; <a class=\"more-link\" href=\"https:\/\/www.zunoticia.com\/noticias-de-hidalgo\/2023\/02\/15\/festejaron-dia-del-amor-y-amistad-alumnos-del-pamar\/\">Seguir leyendo <span class=\"screen-reader-text\">Festejaron d\u00eda del amor y amistad alumnos del PAMAR<\/span><\/a><\/p>\n","protected":false},"author":12,"featured_media":468459,"comment_status":"closed","ping_status":"open","sticky":false,"template":"","format":"standard","meta":{"rop_custom_images_group":[],"rop_custom_messages_group":[],"rop_publish_now":"initial","rop_publish_now_accounts":{"facebook_10159540855086992_322828327761733":""},"rop_publish_now_history":[],"rop_publish_now_status":"pending","footnotes":""},"categories":[179,203],"tags":[123],"class_list":["post-468467","post","type-post","status-publish","format-standard","has-post-thumbnail","hentry","category-huasteca","category-yahualica","tag-yahualica","entry"],"_links":{"self":[{"href":"https:\/\/www.zunoticia.com\/noticias-de-hidalgo\/wp-json\/wp\/v2\/posts\/468467","targetHints":{"allow":["GET"]}}],"collection":[{"href":"https:\/\/www.zunoticia.com\/noticias-de-hidalgo\/wp-json\/wp\/v2\/posts"}],"about":[{"href":"https:\/\/www.zunoticia.com\/noticias-de-hidalgo\/wp-json\/wp\/v2\/types\/post"}],"author":[{"embeddable":true,"href":"https:\/\/www.zunoticia.com\/noticias-de-hidalgo\/wp-json\/wp\/v2\/users\/12"}],"replies":[{"embeddable":true,"href":"https:\/\/www.zunoticia.com\/noticias-de-hidalgo\/wp-json\/wp\/v2\/comments?post=468467"}],"version-history":[{"count":1,"href":"https:\/\/www.zunoticia.com\/noticias-de-hidalgo\/wp-json\/wp\/v2\/posts\/468467\/revisions"}],"predecessor-version":[{"id":468468,"href":"https:\/\/www.zunoticia.com\/noticias-de-hidalgo\/wp-json\/wp\/v2\/posts\/468467\/revisions\/468468"}],"wp:featuredmedia":[{"embeddable":true,"href":"https:\/\/www.zunoticia.com\/noticias-de-hidalgo\/wp-json\/wp\/v2\/media\/468459"}],"wp:attachment":[{"href":"https:\/\/www.zunoticia.com\/noticias-de-hidalgo\/wp-json\/wp\/v2\/media?parent=468467"}],"wp:term":[{"taxonomy":"category","embeddable":true,"href":"https:\/\/www.zunoticia.com\/noticias-de-hidalgo\/wp-json\/wp\/v2\/categories?post=468467"},{"taxonomy":"post_tag","embeddable":true,"href":"https:\/\/www.zunoticia.com\/noticias-de-hidalgo\/wp-json\/wp\/v2\/tags?post=468467"}],"curies":[{"name":"wp","href":"https:\/\/api.w.org\/{rel}","templated":true}]}}