{"id":468469,"date":"2023-02-15T19:32:18","date_gmt":"2023-02-16T01:32:18","guid":{"rendered":"https:\/\/www.zunoticia.com\/noticias-de-hidalgo\/?p=468469"},"modified":"2023-02-15T19:32:19","modified_gmt":"2023-02-16T01:32:19","slug":"conmemoran-el-dia-mundial-de-la-lucha-contra-el-cancer-infantil","status":"publish","type":"post","link":"https:\/\/www.zunoticia.com\/noticias-de-hidalgo\/2023\/02\/15\/conmemoran-el-dia-mundial-de-la-lucha-contra-el-cancer-infantil\/","title":{"rendered":"Conmemoran el d\u00eda mundial de la lucha contra el c\u00e1ncer infantil"},"content":{"rendered":"<aside class=\"mashsb-container mashsb-main mashsb-stretched\"><div class=\"mashsb-box\"><div class=\"mashsb-count mash-large\" style=\"float:left\"><div class=\"counts mashsbcount\">94<\/div><span class=\"mashsb-sharetext\">SHARES<\/span><\/div><div class=\"mashsb-buttons\"><a class=\"mashicon-facebook mash-large mash-center mashsb-noshadow\" href=\"https:\/\/www.facebook.com\/sharer.php?u=https%3A%2F%2Fwww.zunoticia.com%2Fnoticias-de-hidalgo%2F2023%2F02%2F15%2Fconmemoran-el-dia-mundial-de-la-lucha-contra-el-cancer-infantil%2F\" target=\"_top\" rel=\"nofollow\"><span class=\"icon\"><\/span><span class=\"text\">Share<\/span><\/a><a class=\"mashicon-twitter mash-large mash-center mashsb-noshadow\" href=\"https:\/\/twitter.com\/intent\/tweet?text=&amp;url=https:\/\/www.zunoticia.com\/noticias-de-hidalgo\/2023\/02\/15\/conmemoran-el-dia-mundial-de-la-lucha-contra-el-cancer-infantil\/\" target=\"_top\" rel=\"nofollow\"><span class=\"icon\"><\/span><span class=\"text\">Tweet<\/span><\/a><div class=\"onoffswitch2 mash-large mashsb-noshadow\" style=\"display:none\"><\/div><\/div>\n            <\/div>\n                <div style=\"clear:both\"><\/div><div class=\"mashsb-toggle-container\"><\/div><\/aside>\n            <!-- Share buttons by mashshare.net - Version: 4.0.47-->\n<p><em>Por Roberto Meza\/Zunoticia<\/em><\/p>\n\n\n\n<p><strong>Huazalingo, Hgo.-<\/strong> Con la finalidad de sensibilizar y concientizar a los padres de familia, ni\u00f1os y j\u00f3venes&nbsp; de este municipio para que participen en la prevenci\u00f3n y lucha contra el c\u00e1ncer infantil, el Centro de Salud cuyo titular es Nicol\u00e1s Lara Amador, conmemor\u00f3 el d\u00eda mundial de la lucha contra el c\u00e1ncer infantil.<\/p>\n\n\n\n<figure class=\"wp-block-image size-large\"><img fetchpriority=\"high\" decoding=\"async\" width=\"1024\" height=\"461\" src=\"https:\/\/www.zunoticia.com\/noticias-de-hidalgo\/wp-content\/uploads\/2023\/02\/eZy-Watermark-15-02-2023-06-23-01p.m.-1024x461.jpg\" alt=\"\" class=\"wp-image-468451\" srcset=\"https:\/\/www.zunoticia.com\/noticias-de-hidalgo\/wp-content\/uploads\/2023\/02\/eZy-Watermark-15-02-2023-06-23-01p.m.-1024x461.jpg 1024w, https:\/\/www.zunoticia.com\/noticias-de-hidalgo\/wp-content\/uploads\/2023\/02\/eZy-Watermark-15-02-2023-06-23-01p.m.-300x135.jpg 300w, https:\/\/www.zunoticia.com\/noticias-de-hidalgo\/wp-content\/uploads\/2023\/02\/eZy-Watermark-15-02-2023-06-23-01p.m.-768x346.jpg 768w, https:\/\/www.zunoticia.com\/noticias-de-hidalgo\/wp-content\/uploads\/2023\/02\/eZy-Watermark-15-02-2023-06-23-01p.m..jpg 1152w\" sizes=\"(max-width: 1024px) 100vw, 1024px\" \/><\/figure>\n\n\n\n<p>El directivo de ese hospital apunt\u00f3 que, en el marco del d\u00eda mundial de la lucha contra el c\u00e1ncer infantil, desde el Centro de Salud sensibilizaron y concientizaron a la poblaci\u00f3n de este municipio sobre la importancia de la prevenci\u00f3n de esta enfermedad que pone en riesgo la vida de los infantes.<\/p>\n\n\n<div class=\"wp-block-image\">\n<figure class=\"aligncenter size-large\"><img decoding=\"async\" width=\"871\" height=\"1024\" src=\"https:\/\/www.zunoticia.com\/noticias-de-hidalgo\/wp-content\/uploads\/2023\/02\/eZy-Watermark-15-02-2023-06-23-27p.m.-1-871x1024.jpg\" alt=\"\" class=\"wp-image-468450\" srcset=\"https:\/\/www.zunoticia.com\/noticias-de-hidalgo\/wp-content\/uploads\/2023\/02\/eZy-Watermark-15-02-2023-06-23-27p.m.-1-871x1024.jpg 871w, https:\/\/www.zunoticia.com\/noticias-de-hidalgo\/wp-content\/uploads\/2023\/02\/eZy-Watermark-15-02-2023-06-23-27p.m.-1-255x300.jpg 255w, https:\/\/www.zunoticia.com\/noticias-de-hidalgo\/wp-content\/uploads\/2023\/02\/eZy-Watermark-15-02-2023-06-23-27p.m.-1-768x903.jpg 768w, https:\/\/www.zunoticia.com\/noticias-de-hidalgo\/wp-content\/uploads\/2023\/02\/eZy-Watermark-15-02-2023-06-23-27p.m.-1.jpg 997w\" sizes=\"(max-width: 871px) 100vw, 871px\" \/><\/figure>\n<\/div>\n\n\n<p>Por lo que se realiz\u00f3 una intensa campa\u00f1a de informaci\u00f3n sobre la detecci\u00f3n oportuna de c\u00e1rcel infantil a ni\u00f1os y ni\u00f1as de 0 a 18 a\u00f1os, en varias comunidades, por parte del personal del Centro de Salud.<\/p>\n\n\n<div class=\"wp-block-image\">\n<figure class=\"aligncenter size-large\"><img decoding=\"async\" width=\"799\" height=\"1024\" src=\"https:\/\/www.zunoticia.com\/noticias-de-hidalgo\/wp-content\/uploads\/2023\/02\/eZy-Watermark-15-02-2023-06-23-46p.m.-1-799x1024.jpg\" alt=\"\" class=\"wp-image-468449\" srcset=\"https:\/\/www.zunoticia.com\/noticias-de-hidalgo\/wp-content\/uploads\/2023\/02\/eZy-Watermark-15-02-2023-06-23-46p.m.-1-799x1024.jpg 799w, https:\/\/www.zunoticia.com\/noticias-de-hidalgo\/wp-content\/uploads\/2023\/02\/eZy-Watermark-15-02-2023-06-23-46p.m.-1-234x300.jpg 234w, https:\/\/www.zunoticia.com\/noticias-de-hidalgo\/wp-content\/uploads\/2023\/02\/eZy-Watermark-15-02-2023-06-23-46p.m.-1-768x984.jpg 768w, https:\/\/www.zunoticia.com\/noticias-de-hidalgo\/wp-content\/uploads\/2023\/02\/eZy-Watermark-15-02-2023-06-23-46p.m.-1.jpg 999w\" sizes=\"(max-width: 799px) 100vw, 799px\" \/><\/figure>\n<\/div>\n\n\n<p>Por lo que personal m\u00e9dico llev\u00f3 a cabo diversas actividades en pro de la cultura del cuidado y prevenci\u00f3n de este mal, llevaron pl\u00e1ticas en las escuelas, Centro de Salud y dem\u00e1s sectores de la poblaci\u00f3n.<\/p>\n","protected":false},"excerpt":{"rendered":"<p>Por Roberto Meza\/Zunoticia Huazalingo, Hgo.- Con la finalidad de sensibilizar y concientizar a los padres de familia, ni\u00f1os y j\u00f3venes&nbsp; de este municipio para que participen en la prevenci\u00f3n y lucha contra el c\u00e1ncer infantil, el Centro de Salud cuyo titular es Nicol\u00e1s Lara Amador, conmemor\u00f3 el d\u00eda mundial de la lucha contra el c\u00e1ncer&hellip; <a class=\"more-link\" href=\"https:\/\/www.zunoticia.com\/noticias-de-hidalgo\/2023\/02\/15\/conmemoran-el-dia-mundial-de-la-lucha-contra-el-cancer-infantil\/\">Seguir leyendo <span class=\"screen-reader-text\">Conmemoran el d\u00eda mundial de la lucha contra el c\u00e1ncer infantil<\/span><\/a><\/p>\n","protected":false},"author":12,"featured_media":468452,"comment_status":"closed","ping_status":"open","sticky":false,"template":"","format":"standard","meta":{"rop_custom_images_group":[],"rop_custom_messages_group":[],"rop_publish_now":"initial","rop_publish_now_accounts":{"facebook_10159540855086992_322828327761733":""},"rop_publish_now_history":[],"rop_publish_now_status":"pending","footnotes":""},"categories":[179,212],"tags":[138],"class_list":["post-468469","post","type-post","status-publish","format-standard","has-post-thumbnail","hentry","category-huasteca","category-huazalingo","tag-huazalingo","entry"],"_links":{"self":[{"href":"https:\/\/www.zunoticia.com\/noticias-de-hidalgo\/wp-json\/wp\/v2\/posts\/468469","targetHints":{"allow":["GET"]}}],"collection":[{"href":"https:\/\/www.zunoticia.com\/noticias-de-hidalgo\/wp-json\/wp\/v2\/posts"}],"about":[{"href":"https:\/\/www.zunoticia.com\/noticias-de-hidalgo\/wp-json\/wp\/v2\/types\/post"}],"author":[{"embeddable":true,"href":"https:\/\/www.zunoticia.com\/noticias-de-hidalgo\/wp-json\/wp\/v2\/users\/12"}],"replies":[{"embeddable":true,"href":"https:\/\/www.zunoticia.com\/noticias-de-hidalgo\/wp-json\/wp\/v2\/comments?post=468469"}],"version-history":[{"count":1,"href":"https:\/\/www.zunoticia.com\/noticias-de-hidalgo\/wp-json\/wp\/v2\/posts\/468469\/revisions"}],"predecessor-version":[{"id":468470,"href":"https:\/\/www.zunoticia.com\/noticias-de-hidalgo\/wp-json\/wp\/v2\/posts\/468469\/revisions\/468470"}],"wp:featuredmedia":[{"embeddable":true,"href":"https:\/\/www.zunoticia.com\/noticias-de-hidalgo\/wp-json\/wp\/v2\/media\/468452"}],"wp:attachment":[{"href":"https:\/\/www.zunoticia.com\/noticias-de-hidalgo\/wp-json\/wp\/v2\/media?parent=468469"}],"wp:term":[{"taxonomy":"category","embeddable":true,"href":"https:\/\/www.zunoticia.com\/noticias-de-hidalgo\/wp-json\/wp\/v2\/categories?post=468469"},{"taxonomy":"post_tag","embeddable":true,"href":"https:\/\/www.zunoticia.com\/noticias-de-hidalgo\/wp-json\/wp\/v2\/tags?post=468469"}],"curies":[{"name":"wp","href":"https:\/\/api.w.org\/{rel}","templated":true}]}}