{"id":468477,"date":"2023-02-15T19:53:12","date_gmt":"2023-02-16T01:53:12","guid":{"rendered":"https:\/\/www.zunoticia.com\/noticias-de-hidalgo\/?p=468477"},"modified":"2023-02-15T19:53:13","modified_gmt":"2023-02-16T01:53:13","slug":"red-pluvial-es-un-servicio-vital-daniel-andrade","status":"publish","type":"post","link":"https:\/\/www.zunoticia.com\/noticias-de-hidalgo\/2023\/02\/15\/red-pluvial-es-un-servicio-vital-daniel-andrade\/","title":{"rendered":"Red pluvial es un servicio vital: Daniel Andrade"},"content":{"rendered":"<aside class=\"mashsb-container mashsb-main mashsb-stretched\"><div class=\"mashsb-box\"><div class=\"mashsb-count mash-large\" style=\"float:left\"><div class=\"counts mashsbcount\">7<\/div><span class=\"mashsb-sharetext\">SHARES<\/span><\/div><div class=\"mashsb-buttons\"><a class=\"mashicon-facebook mash-large mash-center mashsb-noshadow\" href=\"https:\/\/www.facebook.com\/sharer.php?u=https%3A%2F%2Fwww.zunoticia.com%2Fnoticias-de-hidalgo%2F2023%2F02%2F15%2Fred-pluvial-es-un-servicio-vital-daniel-andrade%2F\" target=\"_top\" rel=\"nofollow\"><span class=\"icon\"><\/span><span class=\"text\">Share<\/span><\/a><a class=\"mashicon-twitter mash-large mash-center mashsb-noshadow\" href=\"https:\/\/twitter.com\/intent\/tweet?text=&amp;url=https:\/\/www.zunoticia.com\/noticias-de-hidalgo\/2023\/02\/15\/red-pluvial-es-un-servicio-vital-daniel-andrade\/\" target=\"_top\" rel=\"nofollow\"><span class=\"icon\"><\/span><span class=\"text\">Tweet<\/span><\/a><div class=\"onoffswitch2 mash-large mashsb-noshadow\" style=\"display:none\"><\/div><\/div>\n            <\/div>\n                <div style=\"clear:both\"><\/div><div class=\"mashsb-toggle-container\"><\/div><\/aside>\n            <!-- Share buttons by mashshare.net - Version: 4.0.47-->\n<p><em>Por Redacci\u00f3n\/Zunoticia<\/em><\/p>\n\n\n\n<p><strong>Huejutla, Hgo.-<\/strong> El Gobierno Municipal de Huejutla lleva a cabo el mejoramiento de la red de drenes pluviales de la ciudad, a fin de que estos se encuentren en condiciones \u00f3ptimas y sobre todo que est\u00e9n acorde a las necesidades que se tienen actualmente en las colonias de la cabecera.<\/p>\n\n\n\n<figure class=\"wp-block-image size-full\"><img fetchpriority=\"high\" decoding=\"async\" width=\"1024\" height=\"575\" src=\"https:\/\/www.zunoticia.com\/noticias-de-hidalgo\/wp-content\/uploads\/2023\/02\/eZy-Watermark-15-02-2023-06-15-33p.m..jpg\" alt=\"\" class=\"wp-image-468456\" srcset=\"https:\/\/www.zunoticia.com\/noticias-de-hidalgo\/wp-content\/uploads\/2023\/02\/eZy-Watermark-15-02-2023-06-15-33p.m..jpg 1024w, https:\/\/www.zunoticia.com\/noticias-de-hidalgo\/wp-content\/uploads\/2023\/02\/eZy-Watermark-15-02-2023-06-15-33p.m.-300x168.jpg 300w, https:\/\/www.zunoticia.com\/noticias-de-hidalgo\/wp-content\/uploads\/2023\/02\/eZy-Watermark-15-02-2023-06-15-33p.m.-768x431.jpg 768w\" sizes=\"(max-width: 1024px) 100vw, 1024px\" \/><\/figure>\n\n\n\n<p>En esta din\u00e1mica de trabajo, la ma\u00f1ana de este mi\u00e9rcoles 15 de febrero comenz\u00f3 la rehabilitaci\u00f3n del dren que se ubica en la calle Melchor Ocampo, en donde se llevar\u00e1 a cabo la ampliaci\u00f3n del desag\u00fce, lo que permitir\u00e1 mejorar su funcionalidad y beneficiar a las familias de ese sector.<\/p>\n\n\n\n<figure class=\"wp-block-image size-full\"><img decoding=\"async\" width=\"1024\" height=\"575\" src=\"https:\/\/www.zunoticia.com\/noticias-de-hidalgo\/wp-content\/uploads\/2023\/02\/eZy-Watermark-15-02-2023-06-16-27p.m..jpg\" alt=\"\" class=\"wp-image-468454\" srcset=\"https:\/\/www.zunoticia.com\/noticias-de-hidalgo\/wp-content\/uploads\/2023\/02\/eZy-Watermark-15-02-2023-06-16-27p.m..jpg 1024w, https:\/\/www.zunoticia.com\/noticias-de-hidalgo\/wp-content\/uploads\/2023\/02\/eZy-Watermark-15-02-2023-06-16-27p.m.-300x168.jpg 300w, https:\/\/www.zunoticia.com\/noticias-de-hidalgo\/wp-content\/uploads\/2023\/02\/eZy-Watermark-15-02-2023-06-16-27p.m.-768x431.jpg 768w\" sizes=\"(max-width: 1024px) 100vw, 1024px\" \/><\/figure>\n\n\n\n<p>Respecto a estos trabajos, Daniel Andrade Zurutuza, Presidente Municipal de Huejutla, dio a conocer que habr\u00e1n de realizarse en un per\u00edodo de 21 a 28 d\u00edas, tiempo durante el cual permanecer\u00e1 cerrada a la circulaci\u00f3n la calle Melchor Ocampo, en el tramo que va de la Plazuela Ju\u00e1rez hasta donde la vialidad entronca con la calle Leandro Valle.<\/p>\n\n\n\n<figure class=\"wp-block-image size-full\"><img decoding=\"async\" width=\"1024\" height=\"575\" src=\"https:\/\/www.zunoticia.com\/noticias-de-hidalgo\/wp-content\/uploads\/2023\/02\/eZy-Watermark-15-02-2023-06-16-44p.m..jpg\" alt=\"\" class=\"wp-image-468453\" srcset=\"https:\/\/www.zunoticia.com\/noticias-de-hidalgo\/wp-content\/uploads\/2023\/02\/eZy-Watermark-15-02-2023-06-16-44p.m..jpg 1024w, https:\/\/www.zunoticia.com\/noticias-de-hidalgo\/wp-content\/uploads\/2023\/02\/eZy-Watermark-15-02-2023-06-16-44p.m.-300x168.jpg 300w, https:\/\/www.zunoticia.com\/noticias-de-hidalgo\/wp-content\/uploads\/2023\/02\/eZy-Watermark-15-02-2023-06-16-44p.m.-768x431.jpg 768w\" sizes=\"(max-width: 1024px) 100vw, 1024px\" \/><\/figure>\n\n\n\n<p>En este sentido, Andrade Zurutuza dio a conocer que conscientes de esta situaci\u00f3n se tendr\u00e1 la vigilancia permanente de agentes de Tr\u00e1nsito que se encargar\u00e1n de dar vialidad en ese sector e indicar a los automovilistas sobre este cierre temporal, lo que ayudar\u00e1 a evitar en buena medida, problem\u00e1ticas de tipo vial.<\/p>\n\n\n\n<p>No obstante, Daniel Andrade pidi\u00f3 la comprensi\u00f3n de los conductores respecto a las tareas que se llevan a cabo, ya que afirm\u00f3 que estas se traducir\u00e1n en un beneficio directo para la poblaci\u00f3n que pasa por ese lugar, adem\u00e1s de que el reforzamiento de la estructura del dren lo habr\u00e1 de preparar para soportar el paso constante de veh\u00edculos, sobre todo por ser salida y entrada obligatoria para la terminal de autobuses que se ubica&nbsp;en&nbsp;esa&nbsp;zona.<\/p>\n","protected":false},"excerpt":{"rendered":"<p>Por Redacci\u00f3n\/Zunoticia Huejutla, Hgo.- El Gobierno Municipal de Huejutla lleva a cabo el mejoramiento de la red de drenes pluviales de la ciudad, a fin de que estos se encuentren en condiciones \u00f3ptimas y sobre todo que est\u00e9n acorde a las necesidades que se tienen actualmente en las colonias de la cabecera. En esta din\u00e1mica&hellip; <a class=\"more-link\" href=\"https:\/\/www.zunoticia.com\/noticias-de-hidalgo\/2023\/02\/15\/red-pluvial-es-un-servicio-vital-daniel-andrade\/\">Seguir leyendo <span class=\"screen-reader-text\">Red pluvial es un servicio vital: Daniel Andrade<\/span><\/a><\/p>\n","protected":false},"author":12,"featured_media":468455,"comment_status":"closed","ping_status":"open","sticky":false,"template":"","format":"standard","meta":{"rop_custom_images_group":[],"rop_custom_messages_group":[],"rop_publish_now":"initial","rop_publish_now_accounts":{"facebook_10159540855086992_322828327761733":""},"rop_publish_now_history":[],"rop_publish_now_status":"pending","footnotes":""},"categories":[181],"tags":[121],"class_list":["post-468477","post","type-post","status-publish","format-standard","has-post-thumbnail","hentry","category-huejutla","tag-huejutla","entry"],"_links":{"self":[{"href":"https:\/\/www.zunoticia.com\/noticias-de-hidalgo\/wp-json\/wp\/v2\/posts\/468477","targetHints":{"allow":["GET"]}}],"collection":[{"href":"https:\/\/www.zunoticia.com\/noticias-de-hidalgo\/wp-json\/wp\/v2\/posts"}],"about":[{"href":"https:\/\/www.zunoticia.com\/noticias-de-hidalgo\/wp-json\/wp\/v2\/types\/post"}],"author":[{"embeddable":true,"href":"https:\/\/www.zunoticia.com\/noticias-de-hidalgo\/wp-json\/wp\/v2\/users\/12"}],"replies":[{"embeddable":true,"href":"https:\/\/www.zunoticia.com\/noticias-de-hidalgo\/wp-json\/wp\/v2\/comments?post=468477"}],"version-history":[{"count":1,"href":"https:\/\/www.zunoticia.com\/noticias-de-hidalgo\/wp-json\/wp\/v2\/posts\/468477\/revisions"}],"predecessor-version":[{"id":468478,"href":"https:\/\/www.zunoticia.com\/noticias-de-hidalgo\/wp-json\/wp\/v2\/posts\/468477\/revisions\/468478"}],"wp:featuredmedia":[{"embeddable":true,"href":"https:\/\/www.zunoticia.com\/noticias-de-hidalgo\/wp-json\/wp\/v2\/media\/468455"}],"wp:attachment":[{"href":"https:\/\/www.zunoticia.com\/noticias-de-hidalgo\/wp-json\/wp\/v2\/media?parent=468477"}],"wp:term":[{"taxonomy":"category","embeddable":true,"href":"https:\/\/www.zunoticia.com\/noticias-de-hidalgo\/wp-json\/wp\/v2\/categories?post=468477"},{"taxonomy":"post_tag","embeddable":true,"href":"https:\/\/www.zunoticia.com\/noticias-de-hidalgo\/wp-json\/wp\/v2\/tags?post=468477"}],"curies":[{"name":"wp","href":"https:\/\/api.w.org\/{rel}","templated":true}]}}