{"id":468486,"date":"2023-02-15T20:10:04","date_gmt":"2023-02-16T02:10:04","guid":{"rendered":"https:\/\/www.zunoticia.com\/noticias-de-hidalgo\/?p=468486"},"modified":"2023-02-15T20:10:05","modified_gmt":"2023-02-16T02:10:05","slug":"se-registra-fuerte-incendio-de-pastizal-en-la-secundaria-3","status":"publish","type":"post","link":"https:\/\/www.zunoticia.com\/noticias-de-hidalgo\/2023\/02\/15\/se-registra-fuerte-incendio-de-pastizal-en-la-secundaria-3\/","title":{"rendered":"Se registra fuerte incendio de pastizal en la Secundaria 3"},"content":{"rendered":"<aside class=\"mashsb-container mashsb-main mashsb-stretched\"><div class=\"mashsb-box\"><div class=\"mashsb-count mash-large\" style=\"float:left\"><div class=\"counts mashsbcount\">9<\/div><span class=\"mashsb-sharetext\">SHARES<\/span><\/div><div class=\"mashsb-buttons\"><a class=\"mashicon-facebook mash-large mash-center mashsb-noshadow\" href=\"https:\/\/www.facebook.com\/sharer.php?u=https%3A%2F%2Fwww.zunoticia.com%2Fnoticias-de-hidalgo%2F2023%2F02%2F15%2Fse-registra-fuerte-incendio-de-pastizal-en-la-secundaria-3%2F\" target=\"_top\" rel=\"nofollow\"><span class=\"icon\"><\/span><span class=\"text\">Share<\/span><\/a><a class=\"mashicon-twitter mash-large mash-center mashsb-noshadow\" href=\"https:\/\/twitter.com\/intent\/tweet?text=&amp;url=https:\/\/www.zunoticia.com\/noticias-de-hidalgo\/2023\/02\/15\/se-registra-fuerte-incendio-de-pastizal-en-la-secundaria-3\/\" target=\"_top\" rel=\"nofollow\"><span class=\"icon\"><\/span><span class=\"text\">Tweet<\/span><\/a><div class=\"onoffswitch2 mash-large mashsb-noshadow\" style=\"display:none\"><\/div><\/div>\n            <\/div>\n                <div style=\"clear:both\"><\/div><div class=\"mashsb-toggle-container\"><\/div><\/aside>\n            <!-- Share buttons by mashshare.net - Version: 4.0.47-->\n<p><em>Por Redacci\u00f3n\/Zunoticia<\/em><\/p>\n\n\n\n<p><strong>Huejutla, Hgo.-<\/strong> Un fuerte incendio de pastizal que se registr\u00f3 la tarde de este mi\u00e9rcoles en terrenos de la Escuela Secundaria General n\u00famero 3 &#8220;Carlos Fayad Orozco&#8221;, de la colonia Parque de Poblamiento de esta ciudad, moviliz\u00f3 a integrantes del Heroico Cuerpo de Bomberos, debido que el fuego se sali\u00f3 de control y estuvo a punto de causar afectaciones a las instalaciones de la Universidad Polit\u00e9cnica de Huejutla (UPH)<\/p>\n\n\n\n<figure class=\"wp-block-image size-full\"><img fetchpriority=\"high\" decoding=\"async\" width=\"1024\" height=\"588\" src=\"https:\/\/www.zunoticia.com\/noticias-de-hidalgo\/wp-content\/uploads\/2023\/02\/Imagen-de-WhatsApp-2023-02-15-a-las-19.49.43.jpg\" alt=\"\" class=\"wp-image-468489\" srcset=\"https:\/\/www.zunoticia.com\/noticias-de-hidalgo\/wp-content\/uploads\/2023\/02\/Imagen-de-WhatsApp-2023-02-15-a-las-19.49.43.jpg 1024w, https:\/\/www.zunoticia.com\/noticias-de-hidalgo\/wp-content\/uploads\/2023\/02\/Imagen-de-WhatsApp-2023-02-15-a-las-19.49.43-300x172.jpg 300w, https:\/\/www.zunoticia.com\/noticias-de-hidalgo\/wp-content\/uploads\/2023\/02\/Imagen-de-WhatsApp-2023-02-15-a-las-19.49.43-768x441.jpg 768w\" sizes=\"(max-width: 1024px) 100vw, 1024px\" \/><\/figure>\n\n\n\n<p>El \u00edgneo al parecer fue provocado por la quema de basura que realizaron los intendentes del plantel educativo en menci\u00f3n, quienes de manera irresponsable quemaron la basura y por tercera o cuarta ocasi\u00f3n se les sali\u00f3 de control.<\/p>\n\n\n\n<p>De acuerdo con la informaci\u00f3n recabada en el lugar del siniestro, el fuego arras\u00f3 con m\u00e1s de una hect\u00e1rea de pastizal y debido a la maleza seca que hab\u00eda, las llamas se propagaron r\u00e1pidamente, causando alarma entre el personal de la UPH.<\/p>\n\n\n\n<figure class=\"wp-block-image size-full\"><img decoding=\"async\" width=\"1024\" height=\"768\" src=\"https:\/\/www.zunoticia.com\/noticias-de-hidalgo\/wp-content\/uploads\/2023\/02\/Imagen-de-WhatsApp-2023-02-15-a-las-19.52.13.jpg\" alt=\"\" class=\"wp-image-468487\" srcset=\"https:\/\/www.zunoticia.com\/noticias-de-hidalgo\/wp-content\/uploads\/2023\/02\/Imagen-de-WhatsApp-2023-02-15-a-las-19.52.13.jpg 1024w, https:\/\/www.zunoticia.com\/noticias-de-hidalgo\/wp-content\/uploads\/2023\/02\/Imagen-de-WhatsApp-2023-02-15-a-las-19.52.13-300x225.jpg 300w, https:\/\/www.zunoticia.com\/noticias-de-hidalgo\/wp-content\/uploads\/2023\/02\/Imagen-de-WhatsApp-2023-02-15-a-las-19.52.13-768x576.jpg 768w\" sizes=\"(max-width: 1024px) 100vw, 1024px\" \/><\/figure>\n\n\n\n<p>Sin embargo, gracias a la oportuna intervenci\u00f3n de los tambi\u00e9n llamados vulcanos, con el apoyo de personal de la Universidad Aut\u00f3noma del Estado de Hidalgo (UAEH), lograron apagar el incendio y afortunadamente no ocasion\u00f3 afectaciones.<\/p>\n","protected":false},"excerpt":{"rendered":"<p>Por Redacci\u00f3n\/Zunoticia Huejutla, Hgo.- Un fuerte incendio de pastizal que se registr\u00f3 la tarde de este mi\u00e9rcoles en terrenos de la Escuela Secundaria General n\u00famero 3 &#8220;Carlos Fayad Orozco&#8221;, de la colonia Parque de Poblamiento de esta ciudad, moviliz\u00f3 a integrantes del Heroico Cuerpo de Bomberos, debido que el fuego se sali\u00f3 de control y&hellip; <a class=\"more-link\" href=\"https:\/\/www.zunoticia.com\/noticias-de-hidalgo\/2023\/02\/15\/se-registra-fuerte-incendio-de-pastizal-en-la-secundaria-3\/\">Seguir leyendo <span class=\"screen-reader-text\">Se registra fuerte incendio de pastizal en la Secundaria 3<\/span><\/a><\/p>\n","protected":false},"author":12,"featured_media":468488,"comment_status":"closed","ping_status":"open","sticky":false,"template":"","format":"standard","meta":{"rop_custom_images_group":[],"rop_custom_messages_group":[],"rop_publish_now":"initial","rop_publish_now_accounts":{"facebook_10159540855086992_322828327761733":""},"rop_publish_now_history":[],"rop_publish_now_status":"pending","footnotes":""},"categories":[178],"tags":[259],"class_list":["post-468486","post","type-post","status-publish","format-standard","has-post-thumbnail","hentry","category-policiaca","tag-policiaca","entry"],"_links":{"self":[{"href":"https:\/\/www.zunoticia.com\/noticias-de-hidalgo\/wp-json\/wp\/v2\/posts\/468486","targetHints":{"allow":["GET"]}}],"collection":[{"href":"https:\/\/www.zunoticia.com\/noticias-de-hidalgo\/wp-json\/wp\/v2\/posts"}],"about":[{"href":"https:\/\/www.zunoticia.com\/noticias-de-hidalgo\/wp-json\/wp\/v2\/types\/post"}],"author":[{"embeddable":true,"href":"https:\/\/www.zunoticia.com\/noticias-de-hidalgo\/wp-json\/wp\/v2\/users\/12"}],"replies":[{"embeddable":true,"href":"https:\/\/www.zunoticia.com\/noticias-de-hidalgo\/wp-json\/wp\/v2\/comments?post=468486"}],"version-history":[{"count":1,"href":"https:\/\/www.zunoticia.com\/noticias-de-hidalgo\/wp-json\/wp\/v2\/posts\/468486\/revisions"}],"predecessor-version":[{"id":468491,"href":"https:\/\/www.zunoticia.com\/noticias-de-hidalgo\/wp-json\/wp\/v2\/posts\/468486\/revisions\/468491"}],"wp:featuredmedia":[{"embeddable":true,"href":"https:\/\/www.zunoticia.com\/noticias-de-hidalgo\/wp-json\/wp\/v2\/media\/468488"}],"wp:attachment":[{"href":"https:\/\/www.zunoticia.com\/noticias-de-hidalgo\/wp-json\/wp\/v2\/media?parent=468486"}],"wp:term":[{"taxonomy":"category","embeddable":true,"href":"https:\/\/www.zunoticia.com\/noticias-de-hidalgo\/wp-json\/wp\/v2\/categories?post=468486"},{"taxonomy":"post_tag","embeddable":true,"href":"https:\/\/www.zunoticia.com\/noticias-de-hidalgo\/wp-json\/wp\/v2\/tags?post=468486"}],"curies":[{"name":"wp","href":"https:\/\/api.w.org\/{rel}","templated":true}]}}