{"id":468490,"date":"2023-02-15T20:11:51","date_gmt":"2023-02-16T02:11:51","guid":{"rendered":"https:\/\/www.zunoticia.com\/noticias-de-hidalgo\/?p=468490"},"modified":"2023-02-15T20:11:52","modified_gmt":"2023-02-16T02:11:52","slug":"vacunaran-contra-el-covida-ninos-de-5-a-11-anos","status":"publish","type":"post","link":"https:\/\/www.zunoticia.com\/noticias-de-hidalgo\/2023\/02\/15\/vacunaran-contra-el-covida-ninos-de-5-a-11-anos\/","title":{"rendered":"Vacunar\u00e1n contra el Covid<br>a ni\u00f1os de 5 a 11 a\u00f1os"},"content":{"rendered":"<aside class=\"mashsb-container mashsb-main mashsb-stretched\"><div class=\"mashsb-box\"><div class=\"mashsb-count mash-large\" style=\"float:left\"><div class=\"counts mashsbcount\">21<\/div><span class=\"mashsb-sharetext\">SHARES<\/span><\/div><div class=\"mashsb-buttons\"><a class=\"mashicon-facebook mash-large mash-center mashsb-noshadow\" href=\"https:\/\/www.facebook.com\/sharer.php?u=https%3A%2F%2Fwww.zunoticia.com%2Fnoticias-de-hidalgo%2F2023%2F02%2F15%2Fvacunaran-contra-el-covida-ninos-de-5-a-11-anos%2F\" target=\"_top\" rel=\"nofollow\"><span class=\"icon\"><\/span><span class=\"text\">Share<\/span><\/a><a class=\"mashicon-twitter mash-large mash-center mashsb-noshadow\" href=\"https:\/\/twitter.com\/intent\/tweet?text=&amp;url=https:\/\/www.zunoticia.com\/noticias-de-hidalgo\/2023\/02\/15\/vacunaran-contra-el-covida-ninos-de-5-a-11-anos\/\" target=\"_top\" rel=\"nofollow\"><span class=\"icon\"><\/span><span class=\"text\">Tweet<\/span><\/a><div class=\"onoffswitch2 mash-large mashsb-noshadow\" style=\"display:none\"><\/div><\/div>\n            <\/div>\n                <div style=\"clear:both\"><\/div><div class=\"mashsb-toggle-container\"><\/div><\/aside>\n            <!-- Share buttons by mashshare.net - Version: 4.0.47-->\n<p>Por \u00c1ngel Silverio\/Zunoticia<\/p>\n\n\n\n<p>San Felipe Orizatl\u00e1n, Hgo.- Con el fin de cuidar de todos y estar protegidos contra el Covid-19, se dio a conocer que se estar\u00e1 llevando a cabo la vacunaci\u00f3n en menores de edad, por lo que llaman a los padres a llevar a sus hijos para la aplicaci\u00f3n de su dosis correspondiente.<\/p>\n\n\n\n<p>De acuerdo con lo informado por el \u00e1rea de Salud municipal, ser\u00e1 del 16 al 28 de febrero cuando se lleve a cabo la aplicaci\u00f3n de la vacuna, en horario de 9:00 de la ma\u00f1ana a 2:00 de la tarde, en las instalaciones del centro de salud.<\/p>\n\n\n\n<p>Los documentos que habr\u00e1n de presentar son CURP, solicitud de refuerzo, comprobante de vacunas anteriores, adem\u00e1s de que es muy importante acudir acompa\u00f1ado de un adulto, padre, madre o tutor, quien deber\u00e1 portar su identificaci\u00f3n oficial del INE; se recomienda que acudan desayunados.<\/p>\n\n\n\n<p>Del mismo modo, piden que al acudir, lo hagan siguiendo las medidas de sanidad, como el uso correcto de cubrebocas, gel antibacterial, y mantener la sana distancia, as\u00ed como tambi\u00e9n es importante que se mantengan hidratados, antes y despu\u00e9s de la aplicaci\u00f3n de la dosis.<\/p>\n","protected":false},"excerpt":{"rendered":"<p>Por \u00c1ngel Silverio\/Zunoticia San Felipe Orizatl\u00e1n, Hgo.- Con el fin de cuidar de todos y estar protegidos contra el Covid-19, se dio a conocer que se estar\u00e1 llevando a cabo la vacunaci\u00f3n en menores de edad, por lo que llaman a los padres a llevar a sus hijos para la aplicaci\u00f3n de su dosis correspondiente.&hellip; <a class=\"more-link\" href=\"https:\/\/www.zunoticia.com\/noticias-de-hidalgo\/2023\/02\/15\/vacunaran-contra-el-covida-ninos-de-5-a-11-anos\/\">Seguir leyendo <span class=\"screen-reader-text\">Vacunar\u00e1n contra el Covid<br \/>a ni\u00f1os de 5 a 11 a\u00f1os<\/span><\/a><\/p>\n","protected":false},"author":20,"featured_media":468492,"comment_status":"closed","ping_status":"open","sticky":false,"template":"","format":"standard","meta":{"rop_custom_images_group":[],"rop_custom_messages_group":[],"rop_publish_now":"initial","rop_publish_now_accounts":{"facebook_10159540855086992_322828327761733":""},"rop_publish_now_history":[],"rop_publish_now_status":"pending","footnotes":""},"categories":[180],"tags":[129],"class_list":["post-468490","post","type-post","status-publish","format-standard","has-post-thumbnail","hentry","category-orizatlan","tag-orizatlan","entry"],"_links":{"self":[{"href":"https:\/\/www.zunoticia.com\/noticias-de-hidalgo\/wp-json\/wp\/v2\/posts\/468490","targetHints":{"allow":["GET"]}}],"collection":[{"href":"https:\/\/www.zunoticia.com\/noticias-de-hidalgo\/wp-json\/wp\/v2\/posts"}],"about":[{"href":"https:\/\/www.zunoticia.com\/noticias-de-hidalgo\/wp-json\/wp\/v2\/types\/post"}],"author":[{"embeddable":true,"href":"https:\/\/www.zunoticia.com\/noticias-de-hidalgo\/wp-json\/wp\/v2\/users\/20"}],"replies":[{"embeddable":true,"href":"https:\/\/www.zunoticia.com\/noticias-de-hidalgo\/wp-json\/wp\/v2\/comments?post=468490"}],"version-history":[{"count":1,"href":"https:\/\/www.zunoticia.com\/noticias-de-hidalgo\/wp-json\/wp\/v2\/posts\/468490\/revisions"}],"predecessor-version":[{"id":468493,"href":"https:\/\/www.zunoticia.com\/noticias-de-hidalgo\/wp-json\/wp\/v2\/posts\/468490\/revisions\/468493"}],"wp:featuredmedia":[{"embeddable":true,"href":"https:\/\/www.zunoticia.com\/noticias-de-hidalgo\/wp-json\/wp\/v2\/media\/468492"}],"wp:attachment":[{"href":"https:\/\/www.zunoticia.com\/noticias-de-hidalgo\/wp-json\/wp\/v2\/media?parent=468490"}],"wp:term":[{"taxonomy":"category","embeddable":true,"href":"https:\/\/www.zunoticia.com\/noticias-de-hidalgo\/wp-json\/wp\/v2\/categories?post=468490"},{"taxonomy":"post_tag","embeddable":true,"href":"https:\/\/www.zunoticia.com\/noticias-de-hidalgo\/wp-json\/wp\/v2\/tags?post=468490"}],"curies":[{"name":"wp","href":"https:\/\/api.w.org\/{rel}","templated":true}]}}