{"id":468494,"date":"2023-02-15T20:19:28","date_gmt":"2023-02-16T02:19:28","guid":{"rendered":"https:\/\/www.zunoticia.com\/noticias-de-hidalgo\/?p=468494"},"modified":"2023-02-15T20:19:30","modified_gmt":"2023-02-16T02:19:30","slug":"acribillaron-ados-hombres","status":"publish","type":"post","link":"https:\/\/www.zunoticia.com\/noticias-de-hidalgo\/2023\/02\/15\/acribillaron-ados-hombres\/","title":{"rendered":"Acribillaron a<br>dos hombres"},"content":{"rendered":"<aside class=\"mashsb-container mashsb-main mashsb-stretched\"><div class=\"mashsb-box\"><div class=\"mashsb-count mash-large\" style=\"float:left\"><div class=\"counts mashsbcount\">38<\/div><span class=\"mashsb-sharetext\">SHARES<\/span><\/div><div class=\"mashsb-buttons\"><a class=\"mashicon-facebook mash-large mash-center mashsb-noshadow\" href=\"https:\/\/www.facebook.com\/sharer.php?u=https%3A%2F%2Fwww.zunoticia.com%2Fnoticias-de-hidalgo%2F2023%2F02%2F15%2Facribillaron-ados-hombres%2F\" target=\"_top\" rel=\"nofollow\"><span class=\"icon\"><\/span><span class=\"text\">Share<\/span><\/a><a class=\"mashicon-twitter mash-large mash-center mashsb-noshadow\" href=\"https:\/\/twitter.com\/intent\/tweet?text=&amp;url=https:\/\/www.zunoticia.com\/noticias-de-hidalgo\/2023\/02\/15\/acribillaron-ados-hombres\/\" target=\"_top\" rel=\"nofollow\"><span class=\"icon\"><\/span><span class=\"text\">Tweet<\/span><\/a><div class=\"onoffswitch2 mash-large mashsb-noshadow\" style=\"display:none\"><\/div><\/div>\n            <\/div>\n                <div style=\"clear:both\"><\/div><div class=\"mashsb-toggle-container\"><\/div><\/aside>\n            <!-- Share buttons by mashshare.net - Version: 4.0.47-->\n<p>*Huejutlenses fueron ejecutados a balazos en las inmediaciones de El Pintor.<\/p>\n\n\n\n<p><em>Por Redacci\u00f3n\/Zunoticia<\/em><\/p>\n\n\n\n<p><strong>Chalma, Ver<\/strong>.- Por motivos hasta el momento desconocidos, la ma\u00f1ana de este mi\u00e9rcoles 15 de febrero, dos hombres fueron acribillados a balazos, en las inmediaciones de la localidad de El Pintor, perteneciente a este municipio.<\/p>\n\n\n\n<p>Los hombres que perdieron la vida en el atentado, estaban afuera de un dep\u00f3sito de bebidas embriagantes ubicado a la orilla de la carretera federal M\u00e9xico-Tampico; estos fueron agredidos con arma de fuego al parecer de grueso calibre.<\/p>\n\n\n\n<p>Los hoy occisos responden a los nombres de Carlos N., de 47 a\u00f1os de edad y Catalino N., de 58 a\u00f1os, ambos con domicilio en la ciudad de Huejutla, Hidalgo; estos quedaron tirados a\u00fan costado de dos camionetas.<\/p>\n\n\n\n<p>El mortal atentado, moviliz\u00f3 a param\u00e9dicos del Heroico Cuerpo de Bomberos de Huejutla, polic\u00edas Municipales, efectivos de la Fuerza Civil y Ministeriales del estado de Veracruz, as\u00ed como elementos del Ej\u00e9rcito Mexicano y peritos de la Fiscal\u00eda General de Justicia del Estado de Veracruz, quienes ordenaron el levantamiento y traslado de los cad\u00e1veres al necrocomio.<\/p>\n\n\n\n<p>A pesar del despliegue polic\u00edaco realizado tras el ataque armado, los responsables del doble crimen se dieron a la fuga con rumbo desconocido, ya que no hubo testigos y la zona donde sucedieron los hechos, est\u00e1 despoblada.<\/p>\n\n\n\n<p>De acuerdo con los primeros reportes de las autoridades, a los hombres les dispararon desde el monte, ya que al peinar la zona encontraron varios casquillos percutidos de arma larga.<\/p>\n\n\n\n<p>En relaci\u00f3n a este caso, las autoridades ministeriales iniciaron una carpeta de investigaci\u00f3n y se encuentran realizando las indagatorias para esclarecer los hechos que enlutaron a dos familias huejutlenses.<\/p>\n\n\n\n<p><br><\/p>\n\n\n\n<figure class=\"wp-block-gallery has-nested-images columns-default is-cropped wp-block-gallery-1 is-layout-flex wp-block-gallery-is-layout-flex\">\n<figure class=\"wp-block-image size-large\"><img fetchpriority=\"high\" decoding=\"async\" width=\"1024\" height=\"576\" data-id=\"468496\" src=\"https:\/\/www.zunoticia.com\/noticias-de-hidalgo\/wp-content\/uploads\/2023\/02\/WhatsApp-Image-2023-02-15-at-17.19.10-1024x576.jpeg\" alt=\"\" class=\"wp-image-468496\" srcset=\"https:\/\/www.zunoticia.com\/noticias-de-hidalgo\/wp-content\/uploads\/2023\/02\/WhatsApp-Image-2023-02-15-at-17.19.10-1024x576.jpeg 1024w, https:\/\/www.zunoticia.com\/noticias-de-hidalgo\/wp-content\/uploads\/2023\/02\/WhatsApp-Image-2023-02-15-at-17.19.10-300x169.jpeg 300w, https:\/\/www.zunoticia.com\/noticias-de-hidalgo\/wp-content\/uploads\/2023\/02\/WhatsApp-Image-2023-02-15-at-17.19.10-768x432.jpeg 768w, https:\/\/www.zunoticia.com\/noticias-de-hidalgo\/wp-content\/uploads\/2023\/02\/WhatsApp-Image-2023-02-15-at-17.19.10.jpeg 1280w\" sizes=\"(max-width: 1024px) 100vw, 1024px\" \/><\/figure>\n\n\n\n<figure class=\"wp-block-image size-large\"><img decoding=\"async\" width=\"1024\" height=\"658\" data-id=\"468497\" src=\"https:\/\/www.zunoticia.com\/noticias-de-hidalgo\/wp-content\/uploads\/2023\/02\/WhatsApp-Image-2023-02-15-at-17.17.04-1-1024x658.jpeg\" alt=\"\" class=\"wp-image-468497\" srcset=\"https:\/\/www.zunoticia.com\/noticias-de-hidalgo\/wp-content\/uploads\/2023\/02\/WhatsApp-Image-2023-02-15-at-17.17.04-1-1024x658.jpeg 1024w, https:\/\/www.zunoticia.com\/noticias-de-hidalgo\/wp-content\/uploads\/2023\/02\/WhatsApp-Image-2023-02-15-at-17.17.04-1-300x193.jpeg 300w, https:\/\/www.zunoticia.com\/noticias-de-hidalgo\/wp-content\/uploads\/2023\/02\/WhatsApp-Image-2023-02-15-at-17.17.04-1-768x494.jpeg 768w, https:\/\/www.zunoticia.com\/noticias-de-hidalgo\/wp-content\/uploads\/2023\/02\/WhatsApp-Image-2023-02-15-at-17.17.04-1.jpeg 1280w\" sizes=\"(max-width: 1024px) 100vw, 1024px\" \/><\/figure>\n<\/figure>\n","protected":false},"excerpt":{"rendered":"<p>*Huejutlenses fueron ejecutados a balazos en las inmediaciones de El Pintor. Por Redacci\u00f3n\/Zunoticia Chalma, Ver.- Por motivos hasta el momento desconocidos, la ma\u00f1ana de este mi\u00e9rcoles 15 de febrero, dos hombres fueron acribillados a balazos, en las inmediaciones de la localidad de El Pintor, perteneciente a este municipio. Los hombres que perdieron la vida en&hellip; <a class=\"more-link\" href=\"https:\/\/www.zunoticia.com\/noticias-de-hidalgo\/2023\/02\/15\/acribillaron-ados-hombres\/\">Seguir leyendo <span class=\"screen-reader-text\">Acribillaron a<br \/>dos hombres<\/span><\/a><\/p>\n","protected":false},"author":20,"featured_media":468495,"comment_status":"closed","ping_status":"open","sticky":false,"template":"","format":"standard","meta":{"rop_custom_images_group":[],"rop_custom_messages_group":[],"rop_publish_now":"initial","rop_publish_now_accounts":{"facebook_10159540855086992_322828327761733":""},"rop_publish_now_history":[],"rop_publish_now_status":"pending","footnotes":""},"categories":[178],"tags":[259],"class_list":["post-468494","post","type-post","status-publish","format-standard","has-post-thumbnail","hentry","category-policiaca","tag-policiaca","entry"],"_links":{"self":[{"href":"https:\/\/www.zunoticia.com\/noticias-de-hidalgo\/wp-json\/wp\/v2\/posts\/468494","targetHints":{"allow":["GET"]}}],"collection":[{"href":"https:\/\/www.zunoticia.com\/noticias-de-hidalgo\/wp-json\/wp\/v2\/posts"}],"about":[{"href":"https:\/\/www.zunoticia.com\/noticias-de-hidalgo\/wp-json\/wp\/v2\/types\/post"}],"author":[{"embeddable":true,"href":"https:\/\/www.zunoticia.com\/noticias-de-hidalgo\/wp-json\/wp\/v2\/users\/20"}],"replies":[{"embeddable":true,"href":"https:\/\/www.zunoticia.com\/noticias-de-hidalgo\/wp-json\/wp\/v2\/comments?post=468494"}],"version-history":[{"count":1,"href":"https:\/\/www.zunoticia.com\/noticias-de-hidalgo\/wp-json\/wp\/v2\/posts\/468494\/revisions"}],"predecessor-version":[{"id":468498,"href":"https:\/\/www.zunoticia.com\/noticias-de-hidalgo\/wp-json\/wp\/v2\/posts\/468494\/revisions\/468498"}],"wp:featuredmedia":[{"embeddable":true,"href":"https:\/\/www.zunoticia.com\/noticias-de-hidalgo\/wp-json\/wp\/v2\/media\/468495"}],"wp:attachment":[{"href":"https:\/\/www.zunoticia.com\/noticias-de-hidalgo\/wp-json\/wp\/v2\/media?parent=468494"}],"wp:term":[{"taxonomy":"category","embeddable":true,"href":"https:\/\/www.zunoticia.com\/noticias-de-hidalgo\/wp-json\/wp\/v2\/categories?post=468494"},{"taxonomy":"post_tag","embeddable":true,"href":"https:\/\/www.zunoticia.com\/noticias-de-hidalgo\/wp-json\/wp\/v2\/tags?post=468494"}],"curies":[{"name":"wp","href":"https:\/\/api.w.org\/{rel}","templated":true}]}}