{"id":468499,"date":"2023-02-15T20:35:00","date_gmt":"2023-02-16T02:35:00","guid":{"rendered":"https:\/\/www.zunoticia.com\/noticias-de-hidalgo\/?p=468499"},"modified":"2023-02-15T20:35:01","modified_gmt":"2023-02-16T02:35:01","slug":"colocan-alambre-de-puas-en-barda-perimetral-de-esc-lazaro-cardenas","status":"publish","type":"post","link":"https:\/\/www.zunoticia.com\/noticias-de-hidalgo\/2023\/02\/15\/colocan-alambre-de-puas-en-barda-perimetral-de-esc-lazaro-cardenas\/","title":{"rendered":"Colocan alambre de p\u00faas en barda perimetral de Esc. L\u00e1zaro C\u00e1rdenas"},"content":{"rendered":"<aside class=\"mashsb-container mashsb-main mashsb-stretched\"><div class=\"mashsb-box\"><div class=\"mashsb-count mash-large\" style=\"float:left\"><div class=\"counts mashsbcount\">39<\/div><span class=\"mashsb-sharetext\">SHARES<\/span><\/div><div class=\"mashsb-buttons\"><a class=\"mashicon-facebook mash-large mash-center mashsb-noshadow\" href=\"https:\/\/www.facebook.com\/sharer.php?u=https%3A%2F%2Fwww.zunoticia.com%2Fnoticias-de-hidalgo%2F2023%2F02%2F15%2Fcolocan-alambre-de-puas-en-barda-perimetral-de-esc-lazaro-cardenas%2F\" target=\"_top\" rel=\"nofollow\"><span class=\"icon\"><\/span><span class=\"text\">Share<\/span><\/a><a class=\"mashicon-twitter mash-large mash-center mashsb-noshadow\" href=\"https:\/\/twitter.com\/intent\/tweet?text=&amp;url=https:\/\/www.zunoticia.com\/noticias-de-hidalgo\/2023\/02\/15\/colocan-alambre-de-puas-en-barda-perimetral-de-esc-lazaro-cardenas\/\" target=\"_top\" rel=\"nofollow\"><span class=\"icon\"><\/span><span class=\"text\">Tweet<\/span><\/a><div class=\"onoffswitch2 mash-large mashsb-noshadow\" style=\"display:none\"><\/div><\/div>\n            <\/div>\n                <div style=\"clear:both\"><\/div><div class=\"mashsb-toggle-container\"><\/div><\/aside>\n            <!-- Share buttons by mashshare.net - Version: 4.0.47-->\n<p><em>Por Salvador Altamirano\/Zunoticia<\/em><\/p>\n\n\n\n<p><strong>Huejutla, Hgo<\/strong>.- Padres de familia de alumnos que estudian en la Escuela Primaria L\u00e1zaro C\u00e1rdenas del R\u00edo, de la colonia Santa Irene, manifestaron que la delincuencia ha hecho de las suyas en varias ocasiones apropi\u00e1ndose de las pertenencias de la instituci\u00f3n.<\/p>\n\n\n\n<p>Agregaron que para inhibir m\u00e1s robos al interior del plantel educativo, el comit\u00e9 de padres de familia decidi\u00f3 colocar alambre de p\u00faas de forma circular en la barda perimetral.<\/p>\n\n\n\n<p>Enfatizaron que con el referido alambrado las instalaciones de la escuela est\u00e1n m\u00e1s protegidas, aunque para la delincuencia no hay obst\u00e1culo.<\/p>\n\n\n\n<p>Para finalizar, comentaron que el comit\u00e9 de padres de familia se coordin\u00f3 con los tutores para cooperar y comprar el alambre de p\u00faas, que esperan surta el efecto deseado.<\/p>\n\n\n\n<p><br><\/p>\n","protected":false},"excerpt":{"rendered":"<p>Por Salvador Altamirano\/Zunoticia Huejutla, Hgo.- Padres de familia de alumnos que estudian en la Escuela Primaria L\u00e1zaro C\u00e1rdenas del R\u00edo, de la colonia Santa Irene, manifestaron que la delincuencia ha hecho de las suyas en varias ocasiones apropi\u00e1ndose de las pertenencias de la instituci\u00f3n. Agregaron que para inhibir m\u00e1s robos al interior del plantel educativo,&hellip; <a class=\"more-link\" href=\"https:\/\/www.zunoticia.com\/noticias-de-hidalgo\/2023\/02\/15\/colocan-alambre-de-puas-en-barda-perimetral-de-esc-lazaro-cardenas\/\">Seguir leyendo <span class=\"screen-reader-text\">Colocan alambre de p\u00faas en barda perimetral de Esc. L\u00e1zaro C\u00e1rdenas<\/span><\/a><\/p>\n","protected":false},"author":20,"featured_media":468500,"comment_status":"closed","ping_status":"open","sticky":false,"template":"","format":"standard","meta":{"rop_custom_images_group":[],"rop_custom_messages_group":[],"rop_publish_now":"initial","rop_publish_now_accounts":{"facebook_10159540855086992_322828327761733":""},"rop_publish_now_history":[],"rop_publish_now_status":"pending","footnotes":""},"categories":[181],"tags":[121],"class_list":["post-468499","post","type-post","status-publish","format-standard","has-post-thumbnail","hentry","category-huejutla","tag-huejutla","entry"],"_links":{"self":[{"href":"https:\/\/www.zunoticia.com\/noticias-de-hidalgo\/wp-json\/wp\/v2\/posts\/468499","targetHints":{"allow":["GET"]}}],"collection":[{"href":"https:\/\/www.zunoticia.com\/noticias-de-hidalgo\/wp-json\/wp\/v2\/posts"}],"about":[{"href":"https:\/\/www.zunoticia.com\/noticias-de-hidalgo\/wp-json\/wp\/v2\/types\/post"}],"author":[{"embeddable":true,"href":"https:\/\/www.zunoticia.com\/noticias-de-hidalgo\/wp-json\/wp\/v2\/users\/20"}],"replies":[{"embeddable":true,"href":"https:\/\/www.zunoticia.com\/noticias-de-hidalgo\/wp-json\/wp\/v2\/comments?post=468499"}],"version-history":[{"count":1,"href":"https:\/\/www.zunoticia.com\/noticias-de-hidalgo\/wp-json\/wp\/v2\/posts\/468499\/revisions"}],"predecessor-version":[{"id":468501,"href":"https:\/\/www.zunoticia.com\/noticias-de-hidalgo\/wp-json\/wp\/v2\/posts\/468499\/revisions\/468501"}],"wp:featuredmedia":[{"embeddable":true,"href":"https:\/\/www.zunoticia.com\/noticias-de-hidalgo\/wp-json\/wp\/v2\/media\/468500"}],"wp:attachment":[{"href":"https:\/\/www.zunoticia.com\/noticias-de-hidalgo\/wp-json\/wp\/v2\/media?parent=468499"}],"wp:term":[{"taxonomy":"category","embeddable":true,"href":"https:\/\/www.zunoticia.com\/noticias-de-hidalgo\/wp-json\/wp\/v2\/categories?post=468499"},{"taxonomy":"post_tag","embeddable":true,"href":"https:\/\/www.zunoticia.com\/noticias-de-hidalgo\/wp-json\/wp\/v2\/tags?post=468499"}],"curies":[{"name":"wp","href":"https:\/\/api.w.org\/{rel}","templated":true}]}}