{"id":468515,"date":"2023-02-15T23:01:23","date_gmt":"2023-02-16T05:01:23","guid":{"rendered":"https:\/\/www.zunoticia.com\/noticias-de-hidalgo\/?p=468515"},"modified":"2023-02-15T23:01:24","modified_gmt":"2023-02-16T05:01:24","slug":"alianza-con-empresarios-detonara-desarrollo-economico-en-hidalgo-julio-menchaca","status":"publish","type":"post","link":"https:\/\/www.zunoticia.com\/noticias-de-hidalgo\/2023\/02\/15\/alianza-con-empresarios-detonara-desarrollo-economico-en-hidalgo-julio-menchaca\/","title":{"rendered":"Alianza con empresarios detonar\u00e1 desarrollo econ\u00f3mico en Hidalgo: Julio Menchaca"},"content":{"rendered":"<aside class=\"mashsb-container mashsb-main mashsb-stretched\"><div class=\"mashsb-box\"><div class=\"mashsb-count mash-large\" style=\"float:left\"><div class=\"counts mashsbcount\">26<\/div><span class=\"mashsb-sharetext\">SHARES<\/span><\/div><div class=\"mashsb-buttons\"><a class=\"mashicon-facebook mash-large mash-center mashsb-noshadow\" href=\"https:\/\/www.facebook.com\/sharer.php?u=https%3A%2F%2Fwww.zunoticia.com%2Fnoticias-de-hidalgo%2F2023%2F02%2F15%2Falianza-con-empresarios-detonara-desarrollo-economico-en-hidalgo-julio-menchaca%2F\" target=\"_top\" rel=\"nofollow\"><span class=\"icon\"><\/span><span class=\"text\">Share<\/span><\/a><a class=\"mashicon-twitter mash-large mash-center mashsb-noshadow\" href=\"https:\/\/twitter.com\/intent\/tweet?text=&amp;url=https:\/\/www.zunoticia.com\/noticias-de-hidalgo\/2023\/02\/15\/alianza-con-empresarios-detonara-desarrollo-economico-en-hidalgo-julio-menchaca\/\" target=\"_top\" rel=\"nofollow\"><span class=\"icon\"><\/span><span class=\"text\">Tweet<\/span><\/a><div class=\"onoffswitch2 mash-large mashsb-noshadow\" style=\"display:none\"><\/div><\/div>\n            <\/div>\n                <div style=\"clear:both\"><\/div><div class=\"mashsb-toggle-container\"><\/div><\/aside>\n            <!-- Share buttons by mashshare.net - Version: 4.0.47-->\n<ul class=\"wp-block-list\">\n<li>El mandatario presidi\u00f3 la instalaci\u00f3n de la Comisi\u00f3n Rectora para la Competitividad, el Empleo y el Desarrollo Econ\u00f3mico; as\u00ed como del Consejo Consultivo de An\u00e1lisis e Incentivos a la Inversi\u00f3n para la Competitividad.<\/li>\n\n\n\n<li>La plataforma Invest Hidalgo es una herramienta virtual clave para atraer inversiones a la entidad al contar con informaci\u00f3n econ\u00f3mica georreferenciada.<\/li>\n<\/ul>\n\n\n\n<p><em>Por Redacci\u00f3n\/Zunoticia<\/em><\/p>\n\n\n\n<p><strong>Pachuca, Hgo.-<\/strong> Durante la primera sesi\u00f3n de la Comisi\u00f3n Rectora para la Competitividad, el Empleo y el Desarrollo Econ\u00f3mico y del Consejo Consultivo de An\u00e1lisis e Incentivos a la Inversi\u00f3n para la Competitividad, el gobernador Julio Menchaca Salazar, en su calidad de presidente de los mismos, ratific\u00f3 que el gobierno hidalguense es un aliado del sector empresarial para detonar la econom\u00eda.<\/p>\n\n\n\n<p>La puesta en funcionamiento de ambas coordinaciones del fomento econ\u00f3mico, permitir\u00e1 que las y los inversionistas que se acercan a la administraci\u00f3n estatal, sean atendidos en un entorno de unidad de la sociedad, y que los gobiernos estatal y federal respondan a las expectativas, eliminen obst\u00e1culos y generen las condiciones de competencia para quienes conf\u00edan en Hidalgo.<\/p>\n\n\n\n<p>Menchaca Salazar reconoci\u00f3 la aportaci\u00f3n que hacen los empresarios locales con su inteligencia y experiencia, generando empleos, impuestos y riqueza, pues dijo, es la f\u00f3rmula para combatir a un mal que ha perseguido a la entidad durante mucho tiempo: la pobreza.<\/p>\n\n\n\n<p>\u201cLa pobreza, solamente se va a combatir generando las condiciones para que la econom\u00eda, para que los que est\u00e1n realizando sus proyectos, les vaya muy bien y van a encontrar, sin duda, en el gobierno del estado a un aliado\u201d, puntualiz\u00f3 Menchaca.<\/p>\n\n\n\n<p>La Comisi\u00f3n Rectora para la Competitividad, el Empleo y el Desarrollo Econ\u00f3mico es un mecanismo auxiliar del Ejecutivo estatal para analizar, apoyar, proponer e impulsar las acciones tendientes a optimizar el fomento y desarrollo econ\u00f3mico en la entidad; tiene entre sus objetivos llevar a cabo el fomento y el impulso econ\u00f3mico de Hidalgo.<\/p>\n\n\n\n<p>\u201cEsta relaci\u00f3n establece los mecanismos institucionales pertinentes para regular y ordenar el proceso de desarrollo econ\u00f3mico de la entidad de conformidad a las directrices y programas establecidos en el Plan Estatal de Desarrollo 2022-2028 y la Ley Org\u00e1nica para el Estado de Hidalgo\u201d, explic\u00f3 el titular de la Secretar\u00eda de Desarrollo Econ\u00f3mico, Carlos Henkel Escorza.<\/p>\n\n\n\n<p>Destac\u00f3 que hoy Hidalgo tiene todo para convertirse en una potencia econ\u00f3mica en materia de industria y log\u00edstica, por ello sumamos esfuerzos y voluntades para generar las estrategias adecuadas para convertirnos en un estado con oportunidades, pr\u00f3spero y fortalecido.<\/p>\n\n\n\n<p>Integran la Comisi\u00f3n Rectora: el titular de la Unidad de Planeaci\u00f3n y Prospectiva, Miguel \u00c1ngel Tello Vargas; las secretarias de Finanzas P\u00fablicas, Medio Ambiente y Recursos Naturales y Turismo, Mar\u00eda Esther Ram\u00edrez Vargas, M\u00f3nica Mixtega Trejo y Elizabeth Quintanar G\u00f3mez; as\u00ed como los secretarios de Obras P\u00fablicas y Ordenamiento Territorial, de Desarrollo Agropecuario, del Trabajo y Previsi\u00f3n Social, Alejandro S\u00e1nchez Garc\u00eda, Napole\u00f3n Gonz\u00e1lez P\u00e9rez y Oscar Gonz\u00e1lez Hern\u00e1ndez, respectivamente.<\/p>\n\n\n\n<figure class=\"wp-block-image size-large\"><img fetchpriority=\"high\" decoding=\"async\" width=\"1024\" height=\"683\" src=\"https:\/\/www.zunoticia.com\/noticias-de-hidalgo\/wp-content\/uploads\/2023\/02\/eZy-Watermark-15-02-2023-10-46-30p.m.-1024x683.jpg\" alt=\"\" class=\"wp-image-468534\" srcset=\"https:\/\/www.zunoticia.com\/noticias-de-hidalgo\/wp-content\/uploads\/2023\/02\/eZy-Watermark-15-02-2023-10-46-30p.m.-1024x683.jpg 1024w, https:\/\/www.zunoticia.com\/noticias-de-hidalgo\/wp-content\/uploads\/2023\/02\/eZy-Watermark-15-02-2023-10-46-30p.m.-300x200.jpg 300w, https:\/\/www.zunoticia.com\/noticias-de-hidalgo\/wp-content\/uploads\/2023\/02\/eZy-Watermark-15-02-2023-10-46-30p.m.-768x512.jpg 768w, https:\/\/www.zunoticia.com\/noticias-de-hidalgo\/wp-content\/uploads\/2023\/02\/eZy-Watermark-15-02-2023-10-46-30p.m..jpg 1280w\" sizes=\"(max-width: 1024px) 100vw, 1024px\" \/><\/figure>\n\n\n\n<p>En tanto que el Consejo Consultivo es un grupo interdisciplinario para atender espec\u00edficamente el tema de inversiones privadas.<\/p>\n\n\n\n<p>Durante el evento Henkel Escorza expuso la plataforma Invest Hidalgo, portal pro negocio del gobierno de Hidalgo, modelo estrat\u00e9gico de buenas pr\u00e1cticas internacionales para la atracci\u00f3n de proyectos, utilizado como herramienta de promoci\u00f3n en materia de nuevas inversiones para potenciales inversionistas.<\/p>\n\n\n\n<p>El titular de la Sedeco expres\u00f3 que la plataforma ha sido revisada y explorada en m\u00e1s de 113 pa\u00edses de los cuales destaca Estados Unidos, Canad\u00e1, Alemania, Irlanda, Suecia, Francia, Brasil, China, Corea del Sur, Hong Kong, India y Singapur; y se\u00f1al\u00f3 que en la actualidad \u201cse encuentra entre los primeros cinco lugares en resultados de b\u00fasqueda de internet\u201d.<\/p>\n\n\n\n<p>Por medio de Invest Hidalgo los inversionistas encontrar\u00e1n las vocaciones regionales, a trav\u00e9s de mapas tem\u00e1ticos; las fortalezas del estado mediante capas geogr\u00e1ficas sobre temas de log\u00edstica, conectividad, infraestructura, instituciones educativas, entre otros temas de inter\u00e9s.<\/p>\n\n\n\n<p>Invest Hidalgo permite acceder al mapa econ\u00f3mico digital que contiene informaci\u00f3n georreferencial, municipal y regional, con la que es posible planificar y prospectar proyectos de inversi\u00f3n desde cualquier lugar del mundo.<\/p>\n","protected":false},"excerpt":{"rendered":"<p>Por Redacci\u00f3n\/Zunoticia Pachuca, Hgo.- Durante la primera sesi\u00f3n de la Comisi\u00f3n Rectora para la Competitividad, el Empleo y el Desarrollo Econ\u00f3mico y del Consejo Consultivo de An\u00e1lisis e Incentivos a la Inversi\u00f3n para la Competitividad, el gobernador Julio Menchaca Salazar, en su calidad de presidente de los mismos, ratific\u00f3 que el gobierno hidalguense es un&hellip; <a class=\"more-link\" href=\"https:\/\/www.zunoticia.com\/noticias-de-hidalgo\/2023\/02\/15\/alianza-con-empresarios-detonara-desarrollo-economico-en-hidalgo-julio-menchaca\/\">Seguir leyendo <span class=\"screen-reader-text\">Alianza con empresarios detonar\u00e1 desarrollo econ\u00f3mico en Hidalgo: Julio Menchaca<\/span><\/a><\/p>\n","protected":false},"author":12,"featured_media":468533,"comment_status":"closed","ping_status":"open","sticky":false,"template":"","format":"standard","meta":{"rop_custom_images_group":[],"rop_custom_messages_group":[],"rop_publish_now":"initial","rop_publish_now_accounts":{"facebook_10159540855086992_322828327761733":""},"rop_publish_now_history":[],"rop_publish_now_status":"pending","footnotes":""},"categories":[208],"tags":[214],"class_list":["post-468515","post","type-post","status-publish","format-standard","has-post-thumbnail","hentry","category-estado","tag-estado","entry"],"_links":{"self":[{"href":"https:\/\/www.zunoticia.com\/noticias-de-hidalgo\/wp-json\/wp\/v2\/posts\/468515","targetHints":{"allow":["GET"]}}],"collection":[{"href":"https:\/\/www.zunoticia.com\/noticias-de-hidalgo\/wp-json\/wp\/v2\/posts"}],"about":[{"href":"https:\/\/www.zunoticia.com\/noticias-de-hidalgo\/wp-json\/wp\/v2\/types\/post"}],"author":[{"embeddable":true,"href":"https:\/\/www.zunoticia.com\/noticias-de-hidalgo\/wp-json\/wp\/v2\/users\/12"}],"replies":[{"embeddable":true,"href":"https:\/\/www.zunoticia.com\/noticias-de-hidalgo\/wp-json\/wp\/v2\/comments?post=468515"}],"version-history":[{"count":1,"href":"https:\/\/www.zunoticia.com\/noticias-de-hidalgo\/wp-json\/wp\/v2\/posts\/468515\/revisions"}],"predecessor-version":[{"id":468537,"href":"https:\/\/www.zunoticia.com\/noticias-de-hidalgo\/wp-json\/wp\/v2\/posts\/468515\/revisions\/468537"}],"wp:featuredmedia":[{"embeddable":true,"href":"https:\/\/www.zunoticia.com\/noticias-de-hidalgo\/wp-json\/wp\/v2\/media\/468533"}],"wp:attachment":[{"href":"https:\/\/www.zunoticia.com\/noticias-de-hidalgo\/wp-json\/wp\/v2\/media?parent=468515"}],"wp:term":[{"taxonomy":"category","embeddable":true,"href":"https:\/\/www.zunoticia.com\/noticias-de-hidalgo\/wp-json\/wp\/v2\/categories?post=468515"},{"taxonomy":"post_tag","embeddable":true,"href":"https:\/\/www.zunoticia.com\/noticias-de-hidalgo\/wp-json\/wp\/v2\/tags?post=468515"}],"curies":[{"name":"wp","href":"https:\/\/api.w.org\/{rel}","templated":true}]}}