{"id":468546,"date":"2023-02-15T23:37:13","date_gmt":"2023-02-16T05:37:13","guid":{"rendered":"https:\/\/www.zunoticia.com\/noticias-de-hidalgo\/?p=468546"},"modified":"2023-02-16T00:10:08","modified_gmt":"2023-02-16T06:10:08","slug":"edda-vite-promueve-prevencion-contra-el-cancer-infantil","status":"publish","type":"post","link":"https:\/\/www.zunoticia.com\/noticias-de-hidalgo\/2023\/02\/15\/edda-vite-promueve-prevencion-contra-el-cancer-infantil\/","title":{"rendered":"Edda Vite promueve prevenci\u00f3n contra el c\u00e1ncer infantil"},"content":{"rendered":"<aside class=\"mashsb-container mashsb-main mashsb-stretched\"><div class=\"mashsb-box\"><div class=\"mashsb-count mash-large\" style=\"float:left\"><div class=\"counts mashsbcount\">29<\/div><span class=\"mashsb-sharetext\">SHARES<\/span><\/div><div class=\"mashsb-buttons\"><a class=\"mashicon-facebook mash-large mash-center mashsb-noshadow\" href=\"https:\/\/www.facebook.com\/sharer.php?u=https%3A%2F%2Fwww.zunoticia.com%2Fnoticias-de-hidalgo%2F2023%2F02%2F15%2Fedda-vite-promueve-prevencion-contra-el-cancer-infantil%2F\" target=\"_top\" rel=\"nofollow\"><span class=\"icon\"><\/span><span class=\"text\">Share<\/span><\/a><a class=\"mashicon-twitter mash-large mash-center mashsb-noshadow\" href=\"https:\/\/twitter.com\/intent\/tweet?text=&amp;url=https:\/\/www.zunoticia.com\/noticias-de-hidalgo\/2023\/02\/15\/edda-vite-promueve-prevencion-contra-el-cancer-infantil\/\" target=\"_top\" rel=\"nofollow\"><span class=\"icon\"><\/span><span class=\"text\">Tweet<\/span><\/a><div class=\"onoffswitch2 mash-large mashsb-noshadow\" style=\"display:none\"><\/div><\/div>\n            <\/div>\n                <div style=\"clear:both\"><\/div><div class=\"mashsb-toggle-container\"><\/div><\/aside>\n            <!-- Share buttons by mashshare.net - Version: 4.0.47-->\n<ul class=\"wp-block-list\">\n<li>La presidenta del Patronato del Sistema DIF Hidalgo entreg\u00f3 reconocimientos al personal del \u00e1rea de Oncolog\u00eda Pedi\u00e1trica, certificada como Centro Evat.<\/li>\n<\/ul>\n\n\n\n<p><em>Por Redacci\u00f3n\/Zunoticia<\/em><\/p>\n\n\n\n<p><strong>Pachuca, Hgo.-<\/strong> Arropados por un distintivo dorado como se\u00f1al de la suma de voluntades en el D\u00eda Internacional del C\u00e1ncer Infantil, Edda Vite, presidente del Patronato de Sistema DIFH, acompa\u00f1ada por Javier Rodr\u00edguez, titular del Sistema, entregaron reconocimientos al personal de Oncolog\u00eda Pedi\u00e1trica que se desempe\u00f1a en el Hospital del Ni\u00f1o DIF.<\/p>\n\n\n\n<p>El evento fue organizado con la finalidad de sensibilizar y fomentar la empat\u00eda en el personal m\u00e9dico, as\u00ed como en la sociedad para sumar voluntades en favor de la ni\u00f1ez y adolescencia con diagn\u00f3stico de c\u00e1ncer.<\/p>\n\n\n\n<p>En ese sentido, Edda Vite subray\u00f3 la importancia de contar con programas y equipos multidisciplinarios cuya misi\u00f3n sea brindar diagn\u00f3stico oportuno a la ni\u00f1ez hidalguense.<\/p>\n\n\n\n<p>\u201cSin lugar a dudas la prevenci\u00f3n nos va a permitir mayor \u00e9xito en la recuperaci\u00f3n de los peque\u00f1os. El compromiso del DIF es acercar a esa prevenci\u00f3n a los pap\u00e1s para que conozcan y puedan detectar si sus peque\u00f1os pueden tener alg\u00fan indicativo de la presencia de esta enfermedad. Sabemos que con una prevenci\u00f3n temprana tenemos el 70 por ciento de posibilidad de que los peque\u00f1os recuperen la salud\u201d, declar\u00f3 la presidente del Patronato.<\/p>\n\n\n\n<p>Rub\u00e9n Hurtado, director del hospital, ratific\u00f3 el compromiso de la instituci\u00f3n que dirige, as\u00ed como de todo el personal especializado, para brindar su destreza y acompa\u00f1amiento a las ni\u00f1as y ni\u00f1os que padecen c\u00e1ncer.<\/p>\n\n\n\n<figure class=\"wp-block-image size-full\"><img fetchpriority=\"high\" decoding=\"async\" width=\"917\" height=\"611\" src=\"https:\/\/www.zunoticia.com\/noticias-de-hidalgo\/wp-content\/uploads\/2023\/02\/eZy-Watermark-15-02-2023-10-45-54p.m..jpg\" alt=\"\" class=\"wp-image-468536\" srcset=\"https:\/\/www.zunoticia.com\/noticias-de-hidalgo\/wp-content\/uploads\/2023\/02\/eZy-Watermark-15-02-2023-10-45-54p.m..jpg 917w, https:\/\/www.zunoticia.com\/noticias-de-hidalgo\/wp-content\/uploads\/2023\/02\/eZy-Watermark-15-02-2023-10-45-54p.m.-300x200.jpg 300w, https:\/\/www.zunoticia.com\/noticias-de-hidalgo\/wp-content\/uploads\/2023\/02\/eZy-Watermark-15-02-2023-10-45-54p.m.-768x512.jpg 768w\" sizes=\"(max-width: 917px) 100vw, 917px\" \/><\/figure>\n\n\n\n<p>\u201cQue sea este d\u00eda para concientizar sobre esta enfermedad y la importancia de generar apoyos a la ni\u00f1ez que lo necesita\u201d, indic\u00f3.<\/p>\n\n\n\n<p>Tambi\u00e9n resalt\u00f3 lo relevante que es contar con un mayor y m\u00e1s equitativo acceso al tratamiento y cuidado para la ni\u00f1ez con c\u00e1ncer en todo el mundo.<\/p>\n\n\n\n<p>Posteriormente, Edda Vite encabez\u00f3 la entrega de reconocimientos al personal de oncolog\u00eda que forma parte del Proyecto EVAT (Escala de Valoraci\u00f3n de Alerta Temprana) en el Hospital del Ni\u00f1o DIF, que desde octubre del 2022 se convirti\u00f3 en una instituci\u00f3n certificada por el Departamento de Medicina Pedi\u00e1trica Global St Jude Children\u00b4s Research Hospital, de Tennessee, Estados Unidos, como un Centro EVAT.<\/p>\n\n\n\n<p>Dicha herramienta consta de tres etapas y su objetivo es potencializar el margen de mejora de los pacientes a lo largo de un lapso de tres a\u00f1os y medio en que se aplica la escala EVAT. Ya que, a trav\u00e9s de la oportuna detecci\u00f3n de riesgos, de la toma de signos vitales y cl\u00ednicos, se puede revertir y disminuir la presencia de deterioro biol\u00f3gico, complicaciones e incluso aminorar de forma importante la probabilidad de paros cardiorrespiratorios, durante la hospitalizaci\u00f3n.<\/p>\n\n\n\n<p>Finalmente, Jes\u00fas Saucedo, director del Centro de Atenci\u00f3n Psicol\u00f3gica del Grupo Pachuca, imparti\u00f3 la ponencia &#8220;El c\u00e1ncer, algo m\u00e1s que crear conciencia&#8221;, en su exposici\u00f3n abord\u00f3 los factores an\u00edmicos implicados en el acompa\u00f1amiento de menores que luchan contra esta enfermedad.<\/p>\n\n\n\n<p>De esta forma el Sistema DIFH contin\u00faa involucr\u00e1ndose de forma sustancial en el apoyo a los grupos de asistencia prioritaria y con las causas que favorecen a quienes m\u00e1s lo necesitan, en esta ocasi\u00f3n, mediante el reconocimiento al profesionalismo y la entrega de los equipos que hacen posible esta labor.<\/p>\n","protected":false},"excerpt":{"rendered":"<p>Por Redacci\u00f3n\/Zunoticia Pachuca, Hgo.- Arropados por un distintivo dorado como se\u00f1al de la suma de voluntades en el D\u00eda Internacional del C\u00e1ncer Infantil, Edda Vite, presidente del Patronato de Sistema DIFH, acompa\u00f1ada por Javier Rodr\u00edguez, titular del Sistema, entregaron reconocimientos al personal de Oncolog\u00eda Pedi\u00e1trica que se desempe\u00f1a en el Hospital del Ni\u00f1o DIF. El&hellip; <a class=\"more-link\" href=\"https:\/\/www.zunoticia.com\/noticias-de-hidalgo\/2023\/02\/15\/edda-vite-promueve-prevencion-contra-el-cancer-infantil\/\">Seguir leyendo <span class=\"screen-reader-text\">Edda Vite promueve prevenci\u00f3n contra el c\u00e1ncer infantil<\/span><\/a><\/p>\n","protected":false},"author":12,"featured_media":468535,"comment_status":"closed","ping_status":"open","sticky":false,"template":"","format":"standard","meta":{"rop_custom_images_group":[],"rop_custom_messages_group":[],"rop_publish_now":"initial","rop_publish_now_accounts":{"facebook_10159540855086992_322828327761733":""},"rop_publish_now_history":[],"rop_publish_now_status":"pending","footnotes":""},"categories":[208],"tags":[214],"class_list":["post-468546","post","type-post","status-publish","format-standard","has-post-thumbnail","hentry","category-estado","tag-estado","entry"],"_links":{"self":[{"href":"https:\/\/www.zunoticia.com\/noticias-de-hidalgo\/wp-json\/wp\/v2\/posts\/468546","targetHints":{"allow":["GET"]}}],"collection":[{"href":"https:\/\/www.zunoticia.com\/noticias-de-hidalgo\/wp-json\/wp\/v2\/posts"}],"about":[{"href":"https:\/\/www.zunoticia.com\/noticias-de-hidalgo\/wp-json\/wp\/v2\/types\/post"}],"author":[{"embeddable":true,"href":"https:\/\/www.zunoticia.com\/noticias-de-hidalgo\/wp-json\/wp\/v2\/users\/12"}],"replies":[{"embeddable":true,"href":"https:\/\/www.zunoticia.com\/noticias-de-hidalgo\/wp-json\/wp\/v2\/comments?post=468546"}],"version-history":[{"count":2,"href":"https:\/\/www.zunoticia.com\/noticias-de-hidalgo\/wp-json\/wp\/v2\/posts\/468546\/revisions"}],"predecessor-version":[{"id":468570,"href":"https:\/\/www.zunoticia.com\/noticias-de-hidalgo\/wp-json\/wp\/v2\/posts\/468546\/revisions\/468570"}],"wp:featuredmedia":[{"embeddable":true,"href":"https:\/\/www.zunoticia.com\/noticias-de-hidalgo\/wp-json\/wp\/v2\/media\/468535"}],"wp:attachment":[{"href":"https:\/\/www.zunoticia.com\/noticias-de-hidalgo\/wp-json\/wp\/v2\/media?parent=468546"}],"wp:term":[{"taxonomy":"category","embeddable":true,"href":"https:\/\/www.zunoticia.com\/noticias-de-hidalgo\/wp-json\/wp\/v2\/categories?post=468546"},{"taxonomy":"post_tag","embeddable":true,"href":"https:\/\/www.zunoticia.com\/noticias-de-hidalgo\/wp-json\/wp\/v2\/tags?post=468546"}],"curies":[{"name":"wp","href":"https:\/\/api.w.org\/{rel}","templated":true}]}}