{"id":468563,"date":"2023-02-15T23:57:46","date_gmt":"2023-02-16T05:57:46","guid":{"rendered":"https:\/\/www.zunoticia.com\/noticias-de-hidalgo\/?p=468563"},"modified":"2023-02-16T00:09:02","modified_gmt":"2023-02-16T06:09:02","slug":"alcalde-reconoce-labor-de-periodistas-en-el-marco-del-dia-del-amor-y-la-amistad","status":"publish","type":"post","link":"https:\/\/www.zunoticia.com\/noticias-de-hidalgo\/2023\/02\/15\/alcalde-reconoce-labor-de-periodistas-en-el-marco-del-dia-del-amor-y-la-amistad\/","title":{"rendered":"Alcalde reconoce labor de periodistas en el marco del D\u00eda del Amor y la Amistad"},"content":{"rendered":"<aside class=\"mashsb-container mashsb-main mashsb-stretched\"><div class=\"mashsb-box\"><div class=\"mashsb-count mash-large\" style=\"float:left\"><div class=\"counts mashsbcount\">23<\/div><span class=\"mashsb-sharetext\">SHARES<\/span><\/div><div class=\"mashsb-buttons\"><a class=\"mashicon-facebook mash-large mash-center mashsb-noshadow\" href=\"https:\/\/www.facebook.com\/sharer.php?u=https%3A%2F%2Fwww.zunoticia.com%2Fnoticias-de-hidalgo%2F2023%2F02%2F15%2Falcalde-reconoce-labor-de-periodistas-en-el-marco-del-dia-del-amor-y-la-amistad%2F\" target=\"_top\" rel=\"nofollow\"><span class=\"icon\"><\/span><span class=\"text\">Share<\/span><\/a><a class=\"mashicon-twitter mash-large mash-center mashsb-noshadow\" href=\"https:\/\/twitter.com\/intent\/tweet?text=&amp;url=https:\/\/www.zunoticia.com\/noticias-de-hidalgo\/2023\/02\/15\/alcalde-reconoce-labor-de-periodistas-en-el-marco-del-dia-del-amor-y-la-amistad\/\" target=\"_top\" rel=\"nofollow\"><span class=\"icon\"><\/span><span class=\"text\">Tweet<\/span><\/a><div class=\"onoffswitch2 mash-large mashsb-noshadow\" style=\"display:none\"><\/div><\/div>\n            <\/div>\n                <div style=\"clear:both\"><\/div><div class=\"mashsb-toggle-container\"><\/div><\/aside>\n            <!-- Share buttons by mashshare.net - Version: 4.0.47-->\n<p><em>Por \u00c1ngel Silverio\/Zunoticia<\/em><\/p>\n\n\n\n<p><strong>Tlanchinol, Hgo.-<\/strong> Con el objetivo de reconocer el trabajo de los medios de comunicaci\u00f3n en la regi\u00f3n huasteca, el alcalde Marcos Bautista Medina, festej\u00f3 a los periodistas en el marco del d\u00eda del Amor y la Amistad.<\/p>\n\n\n\n<p>Acompa\u00f1ado de la s\u00edndico municipal, Anabel Mateos; el tesorero municipal, Jes\u00fas del Rosal; Rossy Esp\u00edndola y Gabino Hern\u00e1ndez Vite, el alcalde, Marcos Bautista, ofreci\u00f3 una amena convivencia a los representantes de los diferentes medios de comunicaci\u00f3n, reconociendo la ardua labor que realizan para mantener informados a los ciudadanos.<\/p>\n\n\n\n<p>En su mensaje, el edil reconoci\u00f3 el trabajo que a diario realizan los reporteros, as\u00ed como tambi\u00e9n dijo que dicho convivio era con motivo del d\u00eda del Amor y la Amistad y del d\u00eda del periodista que se celebr\u00f3 el pasado 4 de enero.<\/p>\n\n\n\n<p>En un ambiente de sana convivencia, los reporteros y el alcalde compartieron el pan y la sal, refrendando as\u00ed los lazos&nbsp;de&nbsp;amistad.<\/p>\n","protected":false},"excerpt":{"rendered":"<p>Por \u00c1ngel Silverio\/Zunoticia Tlanchinol, Hgo.- Con el objetivo de reconocer el trabajo de los medios de comunicaci\u00f3n en la regi\u00f3n huasteca, el alcalde Marcos Bautista Medina, festej\u00f3 a los periodistas en el marco del d\u00eda del Amor y la Amistad. Acompa\u00f1ado de la s\u00edndico municipal, Anabel Mateos; el tesorero municipal, Jes\u00fas del Rosal; Rossy Esp\u00edndola&hellip; <a class=\"more-link\" href=\"https:\/\/www.zunoticia.com\/noticias-de-hidalgo\/2023\/02\/15\/alcalde-reconoce-labor-de-periodistas-en-el-marco-del-dia-del-amor-y-la-amistad\/\">Seguir leyendo <span class=\"screen-reader-text\">Alcalde reconoce labor de periodistas en el marco del D\u00eda del Amor y la Amistad<\/span><\/a><\/p>\n","protected":false},"author":12,"featured_media":468560,"comment_status":"closed","ping_status":"open","sticky":false,"template":"","format":"standard","meta":{"rop_custom_images_group":[],"rop_custom_messages_group":[],"rop_publish_now":"initial","rop_publish_now_accounts":{"facebook_10159540855086992_322828327761733":""},"rop_publish_now_history":[],"rop_publish_now_status":"pending","footnotes":""},"categories":[219,201],"tags":[127],"class_list":["post-468563","post","type-post","status-publish","format-standard","has-post-thumbnail","hentry","category-sierra","category-tlanchinol","tag-tlanchinol","entry"],"_links":{"self":[{"href":"https:\/\/www.zunoticia.com\/noticias-de-hidalgo\/wp-json\/wp\/v2\/posts\/468563","targetHints":{"allow":["GET"]}}],"collection":[{"href":"https:\/\/www.zunoticia.com\/noticias-de-hidalgo\/wp-json\/wp\/v2\/posts"}],"about":[{"href":"https:\/\/www.zunoticia.com\/noticias-de-hidalgo\/wp-json\/wp\/v2\/types\/post"}],"author":[{"embeddable":true,"href":"https:\/\/www.zunoticia.com\/noticias-de-hidalgo\/wp-json\/wp\/v2\/users\/12"}],"replies":[{"embeddable":true,"href":"https:\/\/www.zunoticia.com\/noticias-de-hidalgo\/wp-json\/wp\/v2\/comments?post=468563"}],"version-history":[{"count":2,"href":"https:\/\/www.zunoticia.com\/noticias-de-hidalgo\/wp-json\/wp\/v2\/posts\/468563\/revisions"}],"predecessor-version":[{"id":468569,"href":"https:\/\/www.zunoticia.com\/noticias-de-hidalgo\/wp-json\/wp\/v2\/posts\/468563\/revisions\/468569"}],"wp:featuredmedia":[{"embeddable":true,"href":"https:\/\/www.zunoticia.com\/noticias-de-hidalgo\/wp-json\/wp\/v2\/media\/468560"}],"wp:attachment":[{"href":"https:\/\/www.zunoticia.com\/noticias-de-hidalgo\/wp-json\/wp\/v2\/media?parent=468563"}],"wp:term":[{"taxonomy":"category","embeddable":true,"href":"https:\/\/www.zunoticia.com\/noticias-de-hidalgo\/wp-json\/wp\/v2\/categories?post=468563"},{"taxonomy":"post_tag","embeddable":true,"href":"https:\/\/www.zunoticia.com\/noticias-de-hidalgo\/wp-json\/wp\/v2\/tags?post=468563"}],"curies":[{"name":"wp","href":"https:\/\/api.w.org\/{rel}","templated":true}]}}