{"id":468840,"date":"2023-02-17T20:36:18","date_gmt":"2023-02-18T02:36:18","guid":{"rendered":"https:\/\/www.zunoticia.com\/noticias-de-hidalgo\/?p=468840"},"modified":"2023-02-17T20:36:19","modified_gmt":"2023-02-18T02:36:19","slug":"inicio-el-carnaval-prehispanico-nahuatilis","status":"publish","type":"post","link":"https:\/\/www.zunoticia.com\/noticias-de-hidalgo\/2023\/02\/17\/inicio-el-carnaval-prehispanico-nahuatilis\/","title":{"rendered":"Inici\u00f3 el carnaval Prehisp\u00e1nico N\u00e1huatilis"},"content":{"rendered":"<aside class=\"mashsb-container mashsb-main mashsb-stretched\"><div class=\"mashsb-box\"><div class=\"mashsb-count mash-large\" style=\"float:left\"><div class=\"counts mashsbcount\">66<\/div><span class=\"mashsb-sharetext\">SHARES<\/span><\/div><div class=\"mashsb-buttons\"><a class=\"mashicon-facebook mash-large mash-center mashsb-noshadow\" href=\"https:\/\/www.facebook.com\/sharer.php?u=https%3A%2F%2Fwww.zunoticia.com%2Fnoticias-de-hidalgo%2F2023%2F02%2F17%2Finicio-el-carnaval-prehispanico-nahuatilis%2F\" target=\"_top\" rel=\"nofollow\"><span class=\"icon\"><\/span><span class=\"text\">Share<\/span><\/a><a class=\"mashicon-twitter mash-large mash-center mashsb-noshadow\" href=\"https:\/\/twitter.com\/intent\/tweet?text=&amp;url=https:\/\/www.zunoticia.com\/noticias-de-hidalgo\/2023\/02\/17\/inicio-el-carnaval-prehispanico-nahuatilis\/\" target=\"_top\" rel=\"nofollow\"><span class=\"icon\"><\/span><span class=\"text\">Tweet<\/span><\/a><div class=\"onoffswitch2 mash-large mashsb-noshadow\" style=\"display:none\"><\/div><\/div>\n            <\/div>\n                <div style=\"clear:both\"><\/div><div class=\"mashsb-toggle-container\"><\/div><\/aside>\n            <!-- Share buttons by mashshare.net - Version: 4.0.47-->\n<p><em>Por \u00c1ngel Silverio\/Zunoticia<\/em><\/p>\n\n\n\n<p><strong>Jaltoc\u00e1n, Hgo.-<\/strong> En un ambiente de felicidad y algarab\u00eda este viernes dio inicio el Carnaval Prehisp\u00e1nico N\u00e1huatilis, donde habitantes de esta demarcaci\u00f3n fueron participes y ser\u00e1n durante los pr\u00f3ximos d\u00edas en que se estar\u00e1 realizando este importante evento.<\/p>\n\n\n\n<p>Con la participaci\u00f3n de todo el personal del ayuntamiento, as\u00ed como de los ciudadanos y de las diferentes escuelas del municipio, dio inicio la celebraci\u00f3n del Carnaval, siendo este uno de los carnavales m\u00e1s hermosos, coloridos y de mayor trascendencia en la entidad hidalguense.<\/p>\n\n\n\n<p>Las autoridades municipales, as\u00ed como el Concejo Cultural Xaltokaj, hace una extensa invitaci\u00f3n al pueblo jaltocanense y a todo aquel que quiera pasar d\u00edas agradables de tradici\u00f3n, cultura y alegr\u00edas, tengan a bien en acompa\u00f1arnos en los d\u00edas de nuestro Nahuatilis Xaltokaj 2023.<\/p>\n\n\n\n<p>El Carnaval Prehisp\u00e1nico se realizar\u00e1 del 17 al 21 de febrero, y se llevar\u00e1n a cabo diversas actividades para el agrado de todos los asistentes.<\/p>\n","protected":false},"excerpt":{"rendered":"<p>Por \u00c1ngel Silverio\/Zunoticia Jaltoc\u00e1n, Hgo.- En un ambiente de felicidad y algarab\u00eda este viernes dio inicio el Carnaval Prehisp\u00e1nico N\u00e1huatilis, donde habitantes de esta demarcaci\u00f3n fueron participes y ser\u00e1n durante los pr\u00f3ximos d\u00edas en que se estar\u00e1 realizando este importante evento. Con la participaci\u00f3n de todo el personal del ayuntamiento, as\u00ed como de los ciudadanos&hellip; <a class=\"more-link\" href=\"https:\/\/www.zunoticia.com\/noticias-de-hidalgo\/2023\/02\/17\/inicio-el-carnaval-prehispanico-nahuatilis\/\">Seguir leyendo <span class=\"screen-reader-text\">Inici\u00f3 el carnaval Prehisp\u00e1nico N\u00e1huatilis<\/span><\/a><\/p>\n","protected":false},"author":12,"featured_media":468798,"comment_status":"closed","ping_status":"open","sticky":false,"template":"","format":"standard","meta":{"rop_custom_images_group":[],"rop_custom_messages_group":[],"rop_publish_now":"initial","rop_publish_now_accounts":{"facebook_10159540855086992_322828327761733":""},"rop_publish_now_history":[],"rop_publish_now_status":"pending","footnotes":""},"categories":[179,200],"tags":[131],"class_list":["post-468840","post","type-post","status-publish","format-standard","has-post-thumbnail","hentry","category-huasteca","category-jaltocan","tag-jaltocan","entry"],"_links":{"self":[{"href":"https:\/\/www.zunoticia.com\/noticias-de-hidalgo\/wp-json\/wp\/v2\/posts\/468840","targetHints":{"allow":["GET"]}}],"collection":[{"href":"https:\/\/www.zunoticia.com\/noticias-de-hidalgo\/wp-json\/wp\/v2\/posts"}],"about":[{"href":"https:\/\/www.zunoticia.com\/noticias-de-hidalgo\/wp-json\/wp\/v2\/types\/post"}],"author":[{"embeddable":true,"href":"https:\/\/www.zunoticia.com\/noticias-de-hidalgo\/wp-json\/wp\/v2\/users\/12"}],"replies":[{"embeddable":true,"href":"https:\/\/www.zunoticia.com\/noticias-de-hidalgo\/wp-json\/wp\/v2\/comments?post=468840"}],"version-history":[{"count":1,"href":"https:\/\/www.zunoticia.com\/noticias-de-hidalgo\/wp-json\/wp\/v2\/posts\/468840\/revisions"}],"predecessor-version":[{"id":468841,"href":"https:\/\/www.zunoticia.com\/noticias-de-hidalgo\/wp-json\/wp\/v2\/posts\/468840\/revisions\/468841"}],"wp:featuredmedia":[{"embeddable":true,"href":"https:\/\/www.zunoticia.com\/noticias-de-hidalgo\/wp-json\/wp\/v2\/media\/468798"}],"wp:attachment":[{"href":"https:\/\/www.zunoticia.com\/noticias-de-hidalgo\/wp-json\/wp\/v2\/media?parent=468840"}],"wp:term":[{"taxonomy":"category","embeddable":true,"href":"https:\/\/www.zunoticia.com\/noticias-de-hidalgo\/wp-json\/wp\/v2\/categories?post=468840"},{"taxonomy":"post_tag","embeddable":true,"href":"https:\/\/www.zunoticia.com\/noticias-de-hidalgo\/wp-json\/wp\/v2\/tags?post=468840"}],"curies":[{"name":"wp","href":"https:\/\/api.w.org\/{rel}","templated":true}]}}