{"id":468939,"date":"2023-02-19T00:23:59","date_gmt":"2023-02-19T06:23:59","guid":{"rendered":"https:\/\/www.zunoticia.com\/noticias-de-hidalgo\/?p=468939"},"modified":"2023-02-19T00:24:01","modified_gmt":"2023-02-19T06:24:01","slug":"espejeando-por-perseo-560","status":"publish","type":"post","link":"https:\/\/www.zunoticia.com\/noticias-de-hidalgo\/2023\/02\/19\/espejeando-por-perseo-560\/","title":{"rendered":"Espejeando Por Perseo"},"content":{"rendered":"<aside class=\"mashsb-container mashsb-main mashsb-stretched\"><div class=\"mashsb-box\"><div class=\"mashsb-count mash-large\" style=\"float:left\"><div class=\"counts mashsbcount\">25<\/div><span class=\"mashsb-sharetext\">SHARES<\/span><\/div><div class=\"mashsb-buttons\"><a class=\"mashicon-facebook mash-large mash-center mashsb-noshadow\" href=\"https:\/\/www.facebook.com\/sharer.php?u=https%3A%2F%2Fwww.zunoticia.com%2Fnoticias-de-hidalgo%2F2023%2F02%2F19%2Fespejeando-por-perseo-560%2F\" target=\"_top\" rel=\"nofollow\"><span class=\"icon\"><\/span><span class=\"text\">Share<\/span><\/a><a class=\"mashicon-twitter mash-large mash-center mashsb-noshadow\" href=\"https:\/\/twitter.com\/intent\/tweet?text=&amp;url=https:\/\/www.zunoticia.com\/noticias-de-hidalgo\/2023\/02\/19\/espejeando-por-perseo-560\/\" target=\"_top\" rel=\"nofollow\"><span class=\"icon\"><\/span><span class=\"text\">Tweet<\/span><\/a><div class=\"onoffswitch2 mash-large mashsb-noshadow\" style=\"display:none\"><\/div><\/div>\n            <\/div>\n                <div style=\"clear:both\"><\/div><div class=\"mashsb-toggle-container\"><\/div><\/aside>\n            <!-- Share buttons by mashshare.net - Version: 4.0.47-->\n<p>\u2022 Ayer el gobernador del estado Julio Ram\u00f3n Menchaca Salazar encabez\u00f3 el arranque de la temporada de carnavales en Hidalgo, el evento atrajo a 30 mil personas que fueron testigos de la gran esencia de los hidalguenses en sus tradiciones y cultura; conservar y proteger e impulsar a nuestra identidad cultural sin duda es una gran responsabilidad del gobierno estatal.<\/p>\n\n\n\n<p>\u2022 Por supuesto que Huejutla contando con esa diversidad cultural que presenta a\u00f1o con a\u00f1o y acorde con el alcalde Daniel Andrade Zurutuza para que esta identidad mantenga con fuerza esa identidad social, le correspondi\u00f3 a Huejutla encabezar el vistoso desfile en la capital del estado, lo que representa un orgullo para los huastecos seguir mostrando nuestra fuerza cultural y compartirla al mundo entero.&nbsp;&nbsp;&nbsp;<\/p>\n\n\n\n<p>\u2022 Estamos en plenas fiestas de carnaval y la pluralidad define formas, colores, modos, contextos, por lo que no existe uniformidad, los desfiles de comparsas, disfrazados, carros aleg\u00f3ricos, disputa entre flores, elecci\u00f3n de una hermosa y un rey feo, esto se aprecia en las grandes ciudades como Veracruz, Acapulco, Manzanillo, Campeche, Merida y Villahermosa, como otros.<\/p>\n\n\n\n<p>\u2022 Los pueblos originarios tienen un toque especial con Huehues o Mulatos, el Huehue es viejo o abuelo, todo tiene referencia a danza y ofrenda.<\/p>\n\n\n\n<p>\u2022 Hay diablos y hechizos, exorcismo, latigazos y curas, las representaciones diversas, es imposible hablar de algo en el que se coincida con cada regi\u00f3n del pa\u00eds, en sus pueblos originarios es diverso.<\/p>\n\n\n\n<p>\u2022 La religi\u00f3n por supuesto en cada ceremonia de pueblos originarios se aprecia su mano que influye en favor de sus deidades, contrastando con lo polite\u00edstas que originalmente eran, y danzantes concheros, tecuanes y pastoras; moros y cristianos en algunos lugares, el toro, guajolote, tepachera y el coyote, y otros.<\/p>\n\n\n\n<p>\u2022 La m\u00fasica tambi\u00e9n es diferente y algunos van tomando formas imitando a otros, pero hay lugares que su m\u00fasica es \u00fanica, cada estado, cada regi\u00f3n del pa\u00eds cuenta con esencia \u00fanica, por eso en esta fecha se aprecia algo tan preciso de lucha entre el bien y el mal en Alfajayucan, una lucha a naranjazos en la localidad de Xamaj\u00e9 precisamente entre febrero y marzo, una esencia milenaria.<\/p>\n\n\n\n<p>\u2022 Ah\u00ed la ceremonia religiosa es pedir por la cosecha como cada ciclo agr\u00edcola, aqu\u00ed en nuestra huasteca ma\u00f1ana hay un ritual importante tambi\u00e9n, con un motivo del permiso a la madre tierra para la siembra y la cosecha del presente a\u00f1o, todo relacionado a la cosmovisi\u00f3n de los pueblos originarios que participan y mantienen viva las tradiciones con colorido, comparsa, m\u00fasica, rituales, ofrendas y un gran momento.<\/p>\n\n\n\n<p>\u2022\u2022 Este pr\u00f3ximo lunes&nbsp; 20 de febrero tendremos en Huejutla una agenda de trabajo del maestro Miguel \u00c1ngel Tello Vargas,&nbsp; titular de la Unidad de Planeaci\u00f3n y Prospectiva , acompa\u00f1ado de Nelly Castillo Mu\u00f1oz, Directora general de Monitoreo y Mejora Cont\u00ednua de la Unidad de Planeaci\u00f3n y Prospectiva, adem\u00e1s vendr\u00e1 la arquitecto&nbsp; Cynthia Delgado Mendoza, Directora de Proyectos Especiales de la Unidad de Planeaci\u00f3n y Prospectiva, y el licenciado Juan Carlos Ch\u00e1vez, titular de la Comisi\u00f3n Estatal de Agua y Alcantarillado (CEAA).<\/p>\n\n\n\n<p>\u2022\u2022 Planear la huasteca y sierra, es sin duda uno de los pasos m\u00e1s importantes en los que la sociedad debe estar enterada e inmersos, pues tenemos temas muy centrales, en la que los alcaldes deben ser quienes encabecen los lineamientos de la nueva visi\u00f3n de gobernar, de entender lo que implica organizarse, orientar las prioridades del pueblo y temas centrales, es la contaminaci\u00f3n por desechos a cielo abierto, las Plantas Tratadoras elefantes blancos que a pesar de la millonaria inversi\u00f3n no cumplen con los objetivos de la aplicaci\u00f3n de recursos federales para mejorar las condiciones de salud de los pueblos originarios, el impulso a nuestra cultura, fortalecer la econom\u00eda local y creaci\u00f3n de fuentes de empleo.<\/p>\n\n\n\n<p>\u2022\u2022 Los eventos ser\u00e1n a puerta cerrada en el hotel Media Luna en el que est\u00e1n convocados los alcaldes Daniel Andrade Zurutuza, Artemio Mart\u00ednez Rebolledo, Marcos Bautista Medina, Zen\u00f3n Navarro Morales, Joel Nochebuena Hern\u00e1ndez, \u00d3scar Bautista Guti\u00e9rrez, Isaid Acosta T\u00e9llez, Ernestino Melo Diaz, Iv\u00e1n Lara Tovar y Erika Saab Lara.<\/p>\n","protected":false},"excerpt":{"rendered":"<p>\u2022 Ayer el gobernador del estado Julio Ram\u00f3n Menchaca Salazar encabez\u00f3 el arranque de la temporada de carnavales en Hidalgo, el evento atrajo a 30 mil personas que fueron testigos de la gran esencia de los hidalguenses en sus tradiciones y cultura; conservar y proteger e impulsar a nuestra identidad cultural sin duda es una&hellip; <a class=\"more-link\" href=\"https:\/\/www.zunoticia.com\/noticias-de-hidalgo\/2023\/02\/19\/espejeando-por-perseo-560\/\">Seguir leyendo <span class=\"screen-reader-text\">Espejeando Por Perseo<\/span><\/a><\/p>\n","protected":false},"author":13,"featured_media":468940,"comment_status":"closed","ping_status":"open","sticky":false,"template":"","format":"standard","meta":{"rop_custom_images_group":[],"rop_custom_messages_group":[],"rop_publish_now":"initial","rop_publish_now_accounts":{"facebook_10159540855086992_322828327761733":""},"rop_publish_now_history":[],"rop_publish_now_status":"pending","footnotes":""},"categories":[176],"tags":[205],"class_list":["post-468939","post","type-post","status-publish","format-standard","has-post-thumbnail","hentry","category-espejeando","tag-espejeando","entry"],"_links":{"self":[{"href":"https:\/\/www.zunoticia.com\/noticias-de-hidalgo\/wp-json\/wp\/v2\/posts\/468939","targetHints":{"allow":["GET"]}}],"collection":[{"href":"https:\/\/www.zunoticia.com\/noticias-de-hidalgo\/wp-json\/wp\/v2\/posts"}],"about":[{"href":"https:\/\/www.zunoticia.com\/noticias-de-hidalgo\/wp-json\/wp\/v2\/types\/post"}],"author":[{"embeddable":true,"href":"https:\/\/www.zunoticia.com\/noticias-de-hidalgo\/wp-json\/wp\/v2\/users\/13"}],"replies":[{"embeddable":true,"href":"https:\/\/www.zunoticia.com\/noticias-de-hidalgo\/wp-json\/wp\/v2\/comments?post=468939"}],"version-history":[{"count":1,"href":"https:\/\/www.zunoticia.com\/noticias-de-hidalgo\/wp-json\/wp\/v2\/posts\/468939\/revisions"}],"predecessor-version":[{"id":468941,"href":"https:\/\/www.zunoticia.com\/noticias-de-hidalgo\/wp-json\/wp\/v2\/posts\/468939\/revisions\/468941"}],"wp:featuredmedia":[{"embeddable":true,"href":"https:\/\/www.zunoticia.com\/noticias-de-hidalgo\/wp-json\/wp\/v2\/media\/468940"}],"wp:attachment":[{"href":"https:\/\/www.zunoticia.com\/noticias-de-hidalgo\/wp-json\/wp\/v2\/media?parent=468939"}],"wp:term":[{"taxonomy":"category","embeddable":true,"href":"https:\/\/www.zunoticia.com\/noticias-de-hidalgo\/wp-json\/wp\/v2\/categories?post=468939"},{"taxonomy":"post_tag","embeddable":true,"href":"https:\/\/www.zunoticia.com\/noticias-de-hidalgo\/wp-json\/wp\/v2\/tags?post=468939"}],"curies":[{"name":"wp","href":"https:\/\/api.w.org\/{rel}","templated":true}]}}