{"id":468951,"date":"2023-02-19T14:51:05","date_gmt":"2023-02-19T20:51:05","guid":{"rendered":"https:\/\/www.zunoticia.com\/noticias-de-hidalgo\/?p=468951"},"modified":"2023-02-19T14:51:06","modified_gmt":"2023-02-19T20:51:06","slug":"daniel-andrade-invitado-especial-en-conmemoracion-del-dia-del-ejercito","status":"publish","type":"post","link":"https:\/\/www.zunoticia.com\/noticias-de-hidalgo\/2023\/02\/19\/daniel-andrade-invitado-especial-en-conmemoracion-del-dia-del-ejercito\/","title":{"rendered":"Daniel Andrade invitado especial en conmemoraci\u00f3n del D\u00eda del Ej\u00e9rcito"},"content":{"rendered":"<aside class=\"mashsb-container mashsb-main mashsb-stretched\"><div class=\"mashsb-box\"><div class=\"mashsb-count mash-large\" style=\"float:left\"><div class=\"counts mashsbcount\">38<\/div><span class=\"mashsb-sharetext\">SHARES<\/span><\/div><div class=\"mashsb-buttons\"><a class=\"mashicon-facebook mash-large mash-center mashsb-noshadow\" href=\"https:\/\/www.facebook.com\/sharer.php?u=https%3A%2F%2Fwww.zunoticia.com%2Fnoticias-de-hidalgo%2F2023%2F02%2F19%2Fdaniel-andrade-invitado-especial-en-conmemoracion-del-dia-del-ejercito%2F\" target=\"_top\" rel=\"nofollow\"><span class=\"icon\"><\/span><span class=\"text\">Share<\/span><\/a><a class=\"mashicon-twitter mash-large mash-center mashsb-noshadow\" href=\"https:\/\/twitter.com\/intent\/tweet?text=&amp;url=https:\/\/www.zunoticia.com\/noticias-de-hidalgo\/2023\/02\/19\/daniel-andrade-invitado-especial-en-conmemoracion-del-dia-del-ejercito\/\" target=\"_top\" rel=\"nofollow\"><span class=\"icon\"><\/span><span class=\"text\">Tweet<\/span><\/a><div class=\"onoffswitch2 mash-large mashsb-noshadow\" style=\"display:none\"><\/div><\/div>\n            <\/div>\n                <div style=\"clear:both\"><\/div><div class=\"mashsb-toggle-container\"><\/div><\/aside>\n            <!-- Share buttons by mashshare.net - Version: 4.0.47-->\n<ul class=\"wp-block-list\">\n<li>Las fuerzas constitucionalistas del estado de Hidalgo, iniciaron hostilidades, contra el grupo de rurales Huertistas, que ocupaban la plaza de Huejutla, en el mes de marzo de 1913.<\/li>\n<\/ul>\n\n\n\n<p><em>Por Redacci\u00f3n\/Zunoticia<\/em><\/p>\n\n\n\n<p><strong>Pachuca, Hgo.-<\/strong> El presidente municipal de Huejutla, Daniel Andrade Zurutuza, asisti\u00f3 como invitado especial al acto protocolario del CX aniversario de la creaci\u00f3n del Ej\u00e9rcito Mexicano, que se llev\u00f3 a cabo en la 18\u00aa Zona Militar en la Ciudad de Pachuca.<\/p>\n\n\n\n<p>El General de Brigada, Juan Jos\u00e9 G\u00f3mez Ruiz, comandante de la mencionada zona militar, dio la bienvenida a los invitados especiales, entre ellos, Guillermo Olivares Reyna, secretario de gobierno del estado de Hidalgo; Santiago Nieto, encargado del despacho de la Fiscal\u00eda Estatal y Leodegario Hern\u00e1ndez Cort\u00e9s, Magistrado del Tribunal Electoral del estado de Hidalgo.<\/p>\n\n\n\n<figure class=\"wp-block-image size-large\"><img fetchpriority=\"high\" decoding=\"async\" width=\"1024\" height=\"629\" src=\"https:\/\/www.zunoticia.com\/noticias-de-hidalgo\/wp-content\/uploads\/2023\/02\/eZy-Watermark-19-02-2023-02-24-35p.m.-1024x629.jpg\" alt=\"\" class=\"wp-image-468966\" srcset=\"https:\/\/www.zunoticia.com\/noticias-de-hidalgo\/wp-content\/uploads\/2023\/02\/eZy-Watermark-19-02-2023-02-24-35p.m.-1024x629.jpg 1024w, https:\/\/www.zunoticia.com\/noticias-de-hidalgo\/wp-content\/uploads\/2023\/02\/eZy-Watermark-19-02-2023-02-24-35p.m.-300x184.jpg 300w, https:\/\/www.zunoticia.com\/noticias-de-hidalgo\/wp-content\/uploads\/2023\/02\/eZy-Watermark-19-02-2023-02-24-35p.m.-768x472.jpg 768w, https:\/\/www.zunoticia.com\/noticias-de-hidalgo\/wp-content\/uploads\/2023\/02\/eZy-Watermark-19-02-2023-02-24-35p.m.-1536x944.jpg 1536w, https:\/\/www.zunoticia.com\/noticias-de-hidalgo\/wp-content\/uploads\/2023\/02\/eZy-Watermark-19-02-2023-02-24-35p.m.-1568x963.jpg 1568w, https:\/\/www.zunoticia.com\/noticias-de-hidalgo\/wp-content\/uploads\/2023\/02\/eZy-Watermark-19-02-2023-02-24-35p.m..jpg 1600w\" sizes=\"(max-width: 1024px) 100vw, 1024px\" \/><\/figure>\n\n\n\n<p>En su mensaje oficial, el jefe militar, destac\u00f3 que: &#8220;el ej\u00e9rcito denominado constitucionalista, fuerza armada que se constituy\u00f3 con 7 cuerpos de ej\u00e9rcitos. En el cuerpo de Ej\u00e9rcito del centro, se integraron las fuerzas constitucionalistas del estado de Hidalgo, quienes iniciaron hostilidades, contra el grupo de rurales Huertistas, que ocupaban la plaza de Huejutla, en el mes de marzo de 1913&#8221;.<\/p>\n\n\n\n<p>Cabe destacar que, en esta ceremonia conmemorativa, solo fueron invitados dos alcaldes, Daniel Andrade de Huejutla y la presidente municipal de Tizayuca, Suzana Araceli \u00c1ngeles Quezada.<\/p>\n\n\n\n<figure class=\"wp-block-image size-large\"><img decoding=\"async\" width=\"1024\" height=\"337\" src=\"https:\/\/www.zunoticia.com\/noticias-de-hidalgo\/wp-content\/uploads\/2023\/02\/eZy-Watermark-19-02-2023-02-24-56p.m.-1024x337.jpg\" alt=\"\" class=\"wp-image-468965\" srcset=\"https:\/\/www.zunoticia.com\/noticias-de-hidalgo\/wp-content\/uploads\/2023\/02\/eZy-Watermark-19-02-2023-02-24-56p.m.-1024x337.jpg 1024w, https:\/\/www.zunoticia.com\/noticias-de-hidalgo\/wp-content\/uploads\/2023\/02\/eZy-Watermark-19-02-2023-02-24-56p.m.-300x99.jpg 300w, https:\/\/www.zunoticia.com\/noticias-de-hidalgo\/wp-content\/uploads\/2023\/02\/eZy-Watermark-19-02-2023-02-24-56p.m.-768x253.jpg 768w, https:\/\/www.zunoticia.com\/noticias-de-hidalgo\/wp-content\/uploads\/2023\/02\/eZy-Watermark-19-02-2023-02-24-56p.m.-1536x506.jpg 1536w, https:\/\/www.zunoticia.com\/noticias-de-hidalgo\/wp-content\/uploads\/2023\/02\/eZy-Watermark-19-02-2023-02-24-56p.m.-1568x516.jpg 1568w, https:\/\/www.zunoticia.com\/noticias-de-hidalgo\/wp-content\/uploads\/2023\/02\/eZy-Watermark-19-02-2023-02-24-56p.m..jpg 1600w\" sizes=\"(max-width: 1024px) 100vw, 1024px\" \/><\/figure>\n\n\n\n<p>Desde la ciudad capital, el alcalde huasteco, envi\u00f3 un saludo especial al Coronel de Infanter\u00eda Diplomado del Estado Mayor, Jos\u00e9 F\u00e9lix Ortiz L\u00f3pez, comandante del 84 Batall\u00f3n de Infanter\u00eda con sede en Huejutla, as\u00ed como a todos las y los militares adscritos a este centro militar. Agradeci\u00f3 la disponibilidad y el trabajo conjunto que realizan en esa zona de la huasteca en favor de la ciudadan\u00eda.<\/p>\n\n\n\n<p>El evento concluy\u00f3 con un desayuno conmemorativo, en donde convivieron, tropa, mandos militares, invitados especiales y generales&nbsp;en&nbsp;retiro.<\/p>\n","protected":false},"excerpt":{"rendered":"<p>Por Redacci\u00f3n\/Zunoticia Pachuca, Hgo.- El presidente municipal de Huejutla, Daniel Andrade Zurutuza, asisti\u00f3 como invitado especial al acto protocolario del CX aniversario de la creaci\u00f3n del Ej\u00e9rcito Mexicano, que se llev\u00f3 a cabo en la 18\u00aa Zona Militar en la Ciudad de Pachuca. El General de Brigada, Juan Jos\u00e9 G\u00f3mez Ruiz, comandante de la mencionada&hellip; <a class=\"more-link\" href=\"https:\/\/www.zunoticia.com\/noticias-de-hidalgo\/2023\/02\/19\/daniel-andrade-invitado-especial-en-conmemoracion-del-dia-del-ejercito\/\">Seguir leyendo <span class=\"screen-reader-text\">Daniel Andrade invitado especial en conmemoraci\u00f3n del D\u00eda del Ej\u00e9rcito<\/span><\/a><\/p>\n","protected":false},"author":12,"featured_media":468964,"comment_status":"closed","ping_status":"open","sticky":false,"template":"","format":"standard","meta":{"rop_custom_images_group":[],"rop_custom_messages_group":[],"rop_publish_now":"initial","rop_publish_now_accounts":{"facebook_10159540855086992_322828327761733":""},"rop_publish_now_history":[],"rop_publish_now_status":"pending","footnotes":""},"categories":[208],"tags":[214],"class_list":["post-468951","post","type-post","status-publish","format-standard","has-post-thumbnail","hentry","category-estado","tag-estado","entry"],"_links":{"self":[{"href":"https:\/\/www.zunoticia.com\/noticias-de-hidalgo\/wp-json\/wp\/v2\/posts\/468951","targetHints":{"allow":["GET"]}}],"collection":[{"href":"https:\/\/www.zunoticia.com\/noticias-de-hidalgo\/wp-json\/wp\/v2\/posts"}],"about":[{"href":"https:\/\/www.zunoticia.com\/noticias-de-hidalgo\/wp-json\/wp\/v2\/types\/post"}],"author":[{"embeddable":true,"href":"https:\/\/www.zunoticia.com\/noticias-de-hidalgo\/wp-json\/wp\/v2\/users\/12"}],"replies":[{"embeddable":true,"href":"https:\/\/www.zunoticia.com\/noticias-de-hidalgo\/wp-json\/wp\/v2\/comments?post=468951"}],"version-history":[{"count":1,"href":"https:\/\/www.zunoticia.com\/noticias-de-hidalgo\/wp-json\/wp\/v2\/posts\/468951\/revisions"}],"predecessor-version":[{"id":468967,"href":"https:\/\/www.zunoticia.com\/noticias-de-hidalgo\/wp-json\/wp\/v2\/posts\/468951\/revisions\/468967"}],"wp:featuredmedia":[{"embeddable":true,"href":"https:\/\/www.zunoticia.com\/noticias-de-hidalgo\/wp-json\/wp\/v2\/media\/468964"}],"wp:attachment":[{"href":"https:\/\/www.zunoticia.com\/noticias-de-hidalgo\/wp-json\/wp\/v2\/media?parent=468951"}],"wp:term":[{"taxonomy":"category","embeddable":true,"href":"https:\/\/www.zunoticia.com\/noticias-de-hidalgo\/wp-json\/wp\/v2\/categories?post=468951"},{"taxonomy":"post_tag","embeddable":true,"href":"https:\/\/www.zunoticia.com\/noticias-de-hidalgo\/wp-json\/wp\/v2\/tags?post=468951"}],"curies":[{"name":"wp","href":"https:\/\/api.w.org\/{rel}","templated":true}]}}