{"id":468976,"date":"2023-02-19T16:21:10","date_gmt":"2023-02-19T22:21:10","guid":{"rendered":"https:\/\/www.zunoticia.com\/noticias-de-hidalgo\/?p=468976"},"modified":"2023-02-19T16:21:11","modified_gmt":"2023-02-19T22:21:11","slug":"ayuntamiento-conmemoro-el-dia-del-ejercito-mexicano","status":"publish","type":"post","link":"https:\/\/www.zunoticia.com\/noticias-de-hidalgo\/2023\/02\/19\/ayuntamiento-conmemoro-el-dia-del-ejercito-mexicano\/","title":{"rendered":"Ayuntamiento conmemor\u00f3 el D\u00eda del Ej\u00e9rcito Mexicano"},"content":{"rendered":"<aside class=\"mashsb-container mashsb-main mashsb-stretched\"><div class=\"mashsb-box\"><div class=\"mashsb-count mash-large\" style=\"float:left\"><div class=\"counts mashsbcount\">9<\/div><span class=\"mashsb-sharetext\">SHARES<\/span><\/div><div class=\"mashsb-buttons\"><a class=\"mashicon-facebook mash-large mash-center mashsb-noshadow\" href=\"https:\/\/www.facebook.com\/sharer.php?u=https%3A%2F%2Fwww.zunoticia.com%2Fnoticias-de-hidalgo%2F2023%2F02%2F19%2Fayuntamiento-conmemoro-el-dia-del-ejercito-mexicano%2F\" target=\"_top\" rel=\"nofollow\"><span class=\"icon\"><\/span><span class=\"text\">Share<\/span><\/a><a class=\"mashicon-twitter mash-large mash-center mashsb-noshadow\" href=\"https:\/\/twitter.com\/intent\/tweet?text=&amp;url=https:\/\/www.zunoticia.com\/noticias-de-hidalgo\/2023\/02\/19\/ayuntamiento-conmemoro-el-dia-del-ejercito-mexicano\/\" target=\"_top\" rel=\"nofollow\"><span class=\"icon\"><\/span><span class=\"text\">Tweet<\/span><\/a><div class=\"onoffswitch2 mash-large mashsb-noshadow\" style=\"display:none\"><\/div><\/div>\n            <\/div>\n                <div style=\"clear:both\"><\/div><div class=\"mashsb-toggle-container\"><\/div><\/aside>\n            <!-- Share buttons by mashshare.net - Version: 4.0.47-->\n<p><em>Por Salvador Altamirano\/Zunoticia<\/em><\/p>\n\n\n\n<p><strong>Huejutla, Hgo.-<\/strong> Personal adscrito al Ayuntamiento que preside Daniel Andrade Zurutuza, conmemor\u00f3 est\u00e1 ma\u00f1ana con sencillo, pero, emotivo evento, que se llev\u00f3 a cabo en la Plaza de la Revoluci\u00f3n Mexicana, el &#8220;D\u00eda del Ej\u00e9rcito Mexicano&#8221;.<\/p>\n\n\n\n<p>Al merecido acto c\u00edvico, acudi\u00f3 en representaci\u00f3n del mandatario municipal el director de la dependencia de Recursos Humanos, Sotero Ram\u00edrez Ram\u00edrez, a quien correspondi\u00f3 en compa\u00f1\u00eda del representante del 84 Batall\u00f3n de Infanter\u00eda, cuyo Comandante es el Mayor Jos\u00e9 F\u00e9lix Ortiz L\u00f3pez, izar la Bandera Nacional.<\/p>\n\n\n\n<figure class=\"wp-block-image size-full\"><img fetchpriority=\"high\" decoding=\"async\" width=\"1024\" height=\"575\" src=\"https:\/\/www.zunoticia.com\/noticias-de-hidalgo\/wp-content\/uploads\/2023\/02\/eZy-Watermark-19-02-2023-01-59-39p.m..jpg\" alt=\"\" class=\"wp-image-468959\" srcset=\"https:\/\/www.zunoticia.com\/noticias-de-hidalgo\/wp-content\/uploads\/2023\/02\/eZy-Watermark-19-02-2023-01-59-39p.m..jpg 1024w, https:\/\/www.zunoticia.com\/noticias-de-hidalgo\/wp-content\/uploads\/2023\/02\/eZy-Watermark-19-02-2023-01-59-39p.m.-300x168.jpg 300w, https:\/\/www.zunoticia.com\/noticias-de-hidalgo\/wp-content\/uploads\/2023\/02\/eZy-Watermark-19-02-2023-01-59-39p.m.-768x431.jpg 768w\" sizes=\"(max-width: 1024px) 100vw, 1024px\" \/><\/figure>\n\n\n\n<p>Durante la lectura de la rese\u00f1a hist\u00f3rica, se detall\u00f3 que el origen del actual Ej\u00e9rcito Mexicano, surge con el XXII Congreso Constitucional Libre, Independiente y Soberano del Estado de Coahuila, que en su decreto 1421 del 19 de febrero de 1913, desconoci\u00f3 al General Victoriano Huerta y dio facultades al Gobernador del Estado, Venustiano Carranza, para crear una fuerza armada y restablecer el orden constitucional.<\/p>\n\n\n\n<p>Agreg\u00f3 que el 26 de marzo del mismo a\u00f1o, fue proclamado el &#8220;Plan de Guadalupe&#8221;, documento que le dio nombre al &#8220;Ej\u00e9rcito Constitucionalista&#8221;, y una vez que se promulg\u00f3 la Constituci\u00f3n Pol\u00edtica de 1917, adopt\u00f3 el nombre de Ej\u00e9rcito Nacional Federal y Permanente, y m\u00e1s tarde Ej\u00e9rcito Mexicano. Con el decreto -especifica-, n\u00famero 720 del 22 de marzo de 1950, se declar\u00f3 como el &#8220;D\u00eda del Ej\u00e9rcito&#8221; el 19 de febrero de cada a\u00f1o.<\/p>\n\n\n\n<figure class=\"wp-block-image size-full\"><img decoding=\"async\" width=\"1024\" height=\"575\" src=\"https:\/\/www.zunoticia.com\/noticias-de-hidalgo\/wp-content\/uploads\/2023\/02\/eZy-Watermark-19-02-2023-02-00-16p.m..jpg\" alt=\"\" class=\"wp-image-468958\" srcset=\"https:\/\/www.zunoticia.com\/noticias-de-hidalgo\/wp-content\/uploads\/2023\/02\/eZy-Watermark-19-02-2023-02-00-16p.m..jpg 1024w, https:\/\/www.zunoticia.com\/noticias-de-hidalgo\/wp-content\/uploads\/2023\/02\/eZy-Watermark-19-02-2023-02-00-16p.m.-300x168.jpg 300w, https:\/\/www.zunoticia.com\/noticias-de-hidalgo\/wp-content\/uploads\/2023\/02\/eZy-Watermark-19-02-2023-02-00-16p.m.-768x431.jpg 768w\" sizes=\"(max-width: 1024px) 100vw, 1024px\" \/><\/figure>\n\n\n\n<p>Es oportuno mencionar, que al evento acudi\u00f3 el Sub secretario de Gobierno en la Huasteca, Marco Antonio Ramos Moguel y funcionarios de diferentes dependencias estatales y \u00e1reas del municipio.<\/p>\n","protected":false},"excerpt":{"rendered":"<p>Por Salvador Altamirano\/Zunoticia Huejutla, Hgo.- Personal adscrito al Ayuntamiento que preside Daniel Andrade Zurutuza, conmemor\u00f3 est\u00e1 ma\u00f1ana con sencillo, pero, emotivo evento, que se llev\u00f3 a cabo en la Plaza de la Revoluci\u00f3n Mexicana, el &#8220;D\u00eda del Ej\u00e9rcito Mexicano&#8221;. Al merecido acto c\u00edvico, acudi\u00f3 en representaci\u00f3n del mandatario municipal el director de la dependencia de&hellip; <a class=\"more-link\" href=\"https:\/\/www.zunoticia.com\/noticias-de-hidalgo\/2023\/02\/19\/ayuntamiento-conmemoro-el-dia-del-ejercito-mexicano\/\">Seguir leyendo <span class=\"screen-reader-text\">Ayuntamiento conmemor\u00f3 el D\u00eda del Ej\u00e9rcito Mexicano<\/span><\/a><\/p>\n","protected":false},"author":12,"featured_media":468960,"comment_status":"closed","ping_status":"open","sticky":false,"template":"","format":"standard","meta":{"rop_custom_images_group":[],"rop_custom_messages_group":[],"rop_publish_now":"initial","rop_publish_now_accounts":{"facebook_10159540855086992_322828327761733":""},"rop_publish_now_history":[],"rop_publish_now_status":"pending","footnotes":""},"categories":[181],"tags":[121],"class_list":["post-468976","post","type-post","status-publish","format-standard","has-post-thumbnail","hentry","category-huejutla","tag-huejutla","entry"],"_links":{"self":[{"href":"https:\/\/www.zunoticia.com\/noticias-de-hidalgo\/wp-json\/wp\/v2\/posts\/468976","targetHints":{"allow":["GET"]}}],"collection":[{"href":"https:\/\/www.zunoticia.com\/noticias-de-hidalgo\/wp-json\/wp\/v2\/posts"}],"about":[{"href":"https:\/\/www.zunoticia.com\/noticias-de-hidalgo\/wp-json\/wp\/v2\/types\/post"}],"author":[{"embeddable":true,"href":"https:\/\/www.zunoticia.com\/noticias-de-hidalgo\/wp-json\/wp\/v2\/users\/12"}],"replies":[{"embeddable":true,"href":"https:\/\/www.zunoticia.com\/noticias-de-hidalgo\/wp-json\/wp\/v2\/comments?post=468976"}],"version-history":[{"count":1,"href":"https:\/\/www.zunoticia.com\/noticias-de-hidalgo\/wp-json\/wp\/v2\/posts\/468976\/revisions"}],"predecessor-version":[{"id":468977,"href":"https:\/\/www.zunoticia.com\/noticias-de-hidalgo\/wp-json\/wp\/v2\/posts\/468976\/revisions\/468977"}],"wp:featuredmedia":[{"embeddable":true,"href":"https:\/\/www.zunoticia.com\/noticias-de-hidalgo\/wp-json\/wp\/v2\/media\/468960"}],"wp:attachment":[{"href":"https:\/\/www.zunoticia.com\/noticias-de-hidalgo\/wp-json\/wp\/v2\/media?parent=468976"}],"wp:term":[{"taxonomy":"category","embeddable":true,"href":"https:\/\/www.zunoticia.com\/noticias-de-hidalgo\/wp-json\/wp\/v2\/categories?post=468976"},{"taxonomy":"post_tag","embeddable":true,"href":"https:\/\/www.zunoticia.com\/noticias-de-hidalgo\/wp-json\/wp\/v2\/tags?post=468976"}],"curies":[{"name":"wp","href":"https:\/\/api.w.org\/{rel}","templated":true}]}}