{"id":468978,"date":"2023-02-19T16:40:02","date_gmt":"2023-02-19T22:40:02","guid":{"rendered":"https:\/\/www.zunoticia.com\/noticias-de-hidalgo\/?p=468978"},"modified":"2023-02-19T16:40:03","modified_gmt":"2023-02-19T22:40:03","slug":"erika-saab-se-compromete-con-cobaeh-de-las-piedras","status":"publish","type":"post","link":"https:\/\/www.zunoticia.com\/noticias-de-hidalgo\/2023\/02\/19\/erika-saab-se-compromete-con-cobaeh-de-las-piedras\/","title":{"rendered":"Erika Saab se compromete con COBAEH de &#8220;Las piedras&#8221;"},"content":{"rendered":"<aside class=\"mashsb-container mashsb-main mashsb-stretched\"><div class=\"mashsb-box\"><div class=\"mashsb-count mash-large\" style=\"float:left\"><div class=\"counts mashsbcount\">27<\/div><span class=\"mashsb-sharetext\">SHARES<\/span><\/div><div class=\"mashsb-buttons\"><a class=\"mashicon-facebook mash-large mash-center mashsb-noshadow\" href=\"https:\/\/www.facebook.com\/sharer.php?u=https%3A%2F%2Fwww.zunoticia.com%2Fnoticias-de-hidalgo%2F2023%2F02%2F19%2Ferika-saab-se-compromete-con-cobaeh-de-las-piedras%2F\" target=\"_top\" rel=\"nofollow\"><span class=\"icon\"><\/span><span class=\"text\">Share<\/span><\/a><a class=\"mashicon-twitter mash-large mash-center mashsb-noshadow\" href=\"https:\/\/twitter.com\/intent\/tweet?text=&amp;url=https:\/\/www.zunoticia.com\/noticias-de-hidalgo\/2023\/02\/19\/erika-saab-se-compromete-con-cobaeh-de-las-piedras\/\" target=\"_top\" rel=\"nofollow\"><span class=\"icon\"><\/span><span class=\"text\">Tweet<\/span><\/a><div class=\"onoffswitch2 mash-large mashsb-noshadow\" style=\"display:none\"><\/div><\/div>\n            <\/div>\n                <div style=\"clear:both\"><\/div><div class=\"mashsb-toggle-container\"><\/div><\/aside>\n            <!-- Share buttons by mashshare.net - Version: 4.0.47-->\n<p><em>Por \u00c1ngel Silverio\/Zunoticia<\/em><\/p>\n\n\n\n<p><strong>San Felipe Orizatl\u00e1n, Hgo.-<\/strong> Preocupada por la educaci\u00f3n y el bienestar de las y los alumnos, la presidente municipal, Erika Saab Lara, acompa\u00f1ada de su equipo de trabajo, se reuni\u00f3 con la mesa directiva y comit\u00e9 de padres de familia del COBAEH Plantel &#8220;Las Piedras&#8221;.<\/p>\n\n\n\n<p>Sergio Torres Franco, director del centro educativo de nivel medio superior, dio la bienvenida a la alcaldesa, al mismo tiempo le abord\u00f3 diversos temas de inquietud que tiene la instituci\u00f3n, como tema n\u00famero uno, le hizo hincapi\u00e9 sobre la ruta escolar para los alumnos de las diversas localidades, empezando desde Santa Clara y anexos y del lado de la comunidad de El Cerro.<\/p>\n\n\n\n<p>La edil despu\u00e9s de escuchar las demandas que le plantearon se comprometi\u00f3 a dialogar con el encargado de Transporte Regional, a fin de llegar a un acuerdo formal para hacer una ruta especialmente para los estudiantes a bajo costo.<\/p>\n\n\n\n<p>Adem\u00e1s, dijo que es importante darle prioridad al tema de transporte por seguridad de los alumnos y as\u00ed no exponer su integridad al caminar por las carreteras solidarias y protegerlos de las inclemencias del tiempo, adem\u00e1s record\u00f3 que son localidades con distancias largas hacia Las Piedras, por lo que consider\u00f3 muy importante tocar puertas en los pr\u00f3ximos d\u00edas para realizar las gestiones correspondientes.<\/p>\n\n\n\n<p>El director del Plantel agreg\u00f3 que el prop\u00f3sito de esta iniciativa es dar tranquilidad a madres, padres y tutores de esos ni\u00f1os para que no tengan que preocuparse por el servicio de transporte, ya que muchas veces los adolescentes batallan para poder trasladarse a su escuela.<\/p>\n","protected":false},"excerpt":{"rendered":"<p>Por \u00c1ngel Silverio\/Zunoticia San Felipe Orizatl\u00e1n, Hgo.- Preocupada por la educaci\u00f3n y el bienestar de las y los alumnos, la presidente municipal, Erika Saab Lara, acompa\u00f1ada de su equipo de trabajo, se reuni\u00f3 con la mesa directiva y comit\u00e9 de padres de familia del COBAEH Plantel &#8220;Las Piedras&#8221;. Sergio Torres Franco, director del centro educativo&hellip; <a class=\"more-link\" href=\"https:\/\/www.zunoticia.com\/noticias-de-hidalgo\/2023\/02\/19\/erika-saab-se-compromete-con-cobaeh-de-las-piedras\/\">Seguir leyendo <span class=\"screen-reader-text\">Erika Saab se compromete con COBAEH de &#8220;Las piedras&#8221;<\/span><\/a><\/p>\n","protected":false},"author":12,"featured_media":468961,"comment_status":"closed","ping_status":"open","sticky":false,"template":"","format":"standard","meta":{"rop_custom_images_group":[],"rop_custom_messages_group":[],"rop_publish_now":"initial","rop_publish_now_accounts":{"facebook_10159540855086992_322828327761733":""},"rop_publish_now_history":[],"rop_publish_now_status":"pending","footnotes":""},"categories":[180],"tags":[129],"class_list":["post-468978","post","type-post","status-publish","format-standard","has-post-thumbnail","hentry","category-orizatlan","tag-orizatlan","entry"],"_links":{"self":[{"href":"https:\/\/www.zunoticia.com\/noticias-de-hidalgo\/wp-json\/wp\/v2\/posts\/468978","targetHints":{"allow":["GET"]}}],"collection":[{"href":"https:\/\/www.zunoticia.com\/noticias-de-hidalgo\/wp-json\/wp\/v2\/posts"}],"about":[{"href":"https:\/\/www.zunoticia.com\/noticias-de-hidalgo\/wp-json\/wp\/v2\/types\/post"}],"author":[{"embeddable":true,"href":"https:\/\/www.zunoticia.com\/noticias-de-hidalgo\/wp-json\/wp\/v2\/users\/12"}],"replies":[{"embeddable":true,"href":"https:\/\/www.zunoticia.com\/noticias-de-hidalgo\/wp-json\/wp\/v2\/comments?post=468978"}],"version-history":[{"count":1,"href":"https:\/\/www.zunoticia.com\/noticias-de-hidalgo\/wp-json\/wp\/v2\/posts\/468978\/revisions"}],"predecessor-version":[{"id":468979,"href":"https:\/\/www.zunoticia.com\/noticias-de-hidalgo\/wp-json\/wp\/v2\/posts\/468978\/revisions\/468979"}],"wp:featuredmedia":[{"embeddable":true,"href":"https:\/\/www.zunoticia.com\/noticias-de-hidalgo\/wp-json\/wp\/v2\/media\/468961"}],"wp:attachment":[{"href":"https:\/\/www.zunoticia.com\/noticias-de-hidalgo\/wp-json\/wp\/v2\/media?parent=468978"}],"wp:term":[{"taxonomy":"category","embeddable":true,"href":"https:\/\/www.zunoticia.com\/noticias-de-hidalgo\/wp-json\/wp\/v2\/categories?post=468978"},{"taxonomy":"post_tag","embeddable":true,"href":"https:\/\/www.zunoticia.com\/noticias-de-hidalgo\/wp-json\/wp\/v2\/tags?post=468978"}],"curies":[{"name":"wp","href":"https:\/\/api.w.org\/{rel}","templated":true}]}}