{"id":468993,"date":"2023-02-19T18:37:56","date_gmt":"2023-02-20T00:37:56","guid":{"rendered":"https:\/\/www.zunoticia.com\/noticias-de-hidalgo\/?p=468993"},"modified":"2023-02-19T18:37:57","modified_gmt":"2023-02-20T00:37:57","slug":"roban-motocicleta-en-auditorio-de-platon","status":"publish","type":"post","link":"https:\/\/www.zunoticia.com\/noticias-de-hidalgo\/2023\/02\/19\/roban-motocicleta-en-auditorio-de-platon\/","title":{"rendered":"Roban motocicleta en auditorio de Plat\u00f3n"},"content":{"rendered":"<aside class=\"mashsb-container mashsb-main mashsb-stretched\"><div class=\"mashsb-box\"><div class=\"mashsb-count mash-large\" style=\"float:left\"><div class=\"counts mashsbcount\">20<\/div><span class=\"mashsb-sharetext\">SHARES<\/span><\/div><div class=\"mashsb-buttons\"><a class=\"mashicon-facebook mash-large mash-center mashsb-noshadow\" href=\"https:\/\/www.facebook.com\/sharer.php?u=https%3A%2F%2Fwww.zunoticia.com%2Fnoticias-de-hidalgo%2F2023%2F02%2F19%2Froban-motocicleta-en-auditorio-de-platon%2F\" target=\"_top\" rel=\"nofollow\"><span class=\"icon\"><\/span><span class=\"text\">Share<\/span><\/a><a class=\"mashicon-twitter mash-large mash-center mashsb-noshadow\" href=\"https:\/\/twitter.com\/intent\/tweet?text=&amp;url=https:\/\/www.zunoticia.com\/noticias-de-hidalgo\/2023\/02\/19\/roban-motocicleta-en-auditorio-de-platon\/\" target=\"_top\" rel=\"nofollow\"><span class=\"icon\"><\/span><span class=\"text\">Tweet<\/span><\/a><div class=\"onoffswitch2 mash-large mashsb-noshadow\" style=\"display:none\"><\/div><\/div>\n            <\/div>\n                <div style=\"clear:both\"><\/div><div class=\"mashsb-toggle-container\"><\/div><\/aside>\n            <!-- Share buttons by mashshare.net - Version: 4.0.47-->\n<p><em>Por Redacci\u00f3n\/Zunoticia<\/em><\/p>\n\n\n\n<p><strong>Plat\u00f3n S\u00e1nchez, Ver.-<\/strong> Una motocicleta que se encontraba estacionada en el auditorio de este municipio fue robada este fin de semana.<\/p>\n\n\n\n<p>La unidad motora de dos ruedas que hurtaron es una de la marca Vento 150, de color rojo con negro y el veh\u00edculo presuntamente se lo llevaron alrededor de las 02:30 de la madrugada del pasado s\u00e1bado 18 de febrero.<\/p>\n\n\n<div class=\"wp-block-image\">\n<figure class=\"aligncenter size-large\"><img fetchpriority=\"high\" decoding=\"async\" width=\"642\" height=\"1024\" src=\"https:\/\/www.zunoticia.com\/noticias-de-hidalgo\/wp-content\/uploads\/2023\/02\/Imagen-de-WhatsApp-2023-02-19-a-las-18.18.431-642x1024.jpg\" alt=\"\" class=\"wp-image-468985\" srcset=\"https:\/\/www.zunoticia.com\/noticias-de-hidalgo\/wp-content\/uploads\/2023\/02\/Imagen-de-WhatsApp-2023-02-19-a-las-18.18.431-642x1024.jpg 642w, https:\/\/www.zunoticia.com\/noticias-de-hidalgo\/wp-content\/uploads\/2023\/02\/Imagen-de-WhatsApp-2023-02-19-a-las-18.18.431-188x300.jpg 188w, https:\/\/www.zunoticia.com\/noticias-de-hidalgo\/wp-content\/uploads\/2023\/02\/Imagen-de-WhatsApp-2023-02-19-a-las-18.18.431.jpg 720w\" sizes=\"(max-width: 642px) 100vw, 642px\" \/><\/figure>\n<\/div>\n\n\n<p>El propietario de la moto solicita la colaboraci\u00f3n de la poblaci\u00f3n para recuperarla y de acuerdo con el reporte que hizo ante las autoridades, como se\u00f1a particular en la parte de frontal trae una estampa que dice Hot Wheels.<\/p>\n\n\n\n<p>Para cualquier informaci\u00f3n que ayude su localizaci\u00f3n, el afectado pide comunicarse a la comandancia de la Polic\u00eda Municipal de Plat\u00f3n o llamar al n\u00famero de emergencias 911.<\/p>\n","protected":false},"excerpt":{"rendered":"<p>Por Redacci\u00f3n\/Zunoticia Plat\u00f3n S\u00e1nchez, Ver.- Una motocicleta que se encontraba estacionada en el auditorio de este municipio fue robada este fin de semana. La unidad motora de dos ruedas que hurtaron es una de la marca Vento 150, de color rojo con negro y el veh\u00edculo presuntamente se lo llevaron alrededor de las 02:30 de&hellip; <a class=\"more-link\" href=\"https:\/\/www.zunoticia.com\/noticias-de-hidalgo\/2023\/02\/19\/roban-motocicleta-en-auditorio-de-platon\/\">Seguir leyendo <span class=\"screen-reader-text\">Roban motocicleta en auditorio de Plat\u00f3n<\/span><\/a><\/p>\n","protected":false},"author":12,"featured_media":468984,"comment_status":"closed","ping_status":"open","sticky":false,"template":"","format":"standard","meta":{"rop_custom_images_group":[],"rop_custom_messages_group":[],"rop_publish_now":"initial","rop_publish_now_accounts":{"facebook_10159540855086992_322828327761733":""},"rop_publish_now_history":[],"rop_publish_now_status":"pending","footnotes":""},"categories":[178],"tags":[259],"class_list":["post-468993","post","type-post","status-publish","format-standard","has-post-thumbnail","hentry","category-policiaca","tag-policiaca","entry"],"_links":{"self":[{"href":"https:\/\/www.zunoticia.com\/noticias-de-hidalgo\/wp-json\/wp\/v2\/posts\/468993","targetHints":{"allow":["GET"]}}],"collection":[{"href":"https:\/\/www.zunoticia.com\/noticias-de-hidalgo\/wp-json\/wp\/v2\/posts"}],"about":[{"href":"https:\/\/www.zunoticia.com\/noticias-de-hidalgo\/wp-json\/wp\/v2\/types\/post"}],"author":[{"embeddable":true,"href":"https:\/\/www.zunoticia.com\/noticias-de-hidalgo\/wp-json\/wp\/v2\/users\/12"}],"replies":[{"embeddable":true,"href":"https:\/\/www.zunoticia.com\/noticias-de-hidalgo\/wp-json\/wp\/v2\/comments?post=468993"}],"version-history":[{"count":1,"href":"https:\/\/www.zunoticia.com\/noticias-de-hidalgo\/wp-json\/wp\/v2\/posts\/468993\/revisions"}],"predecessor-version":[{"id":468994,"href":"https:\/\/www.zunoticia.com\/noticias-de-hidalgo\/wp-json\/wp\/v2\/posts\/468993\/revisions\/468994"}],"wp:featuredmedia":[{"embeddable":true,"href":"https:\/\/www.zunoticia.com\/noticias-de-hidalgo\/wp-json\/wp\/v2\/media\/468984"}],"wp:attachment":[{"href":"https:\/\/www.zunoticia.com\/noticias-de-hidalgo\/wp-json\/wp\/v2\/media?parent=468993"}],"wp:term":[{"taxonomy":"category","embeddable":true,"href":"https:\/\/www.zunoticia.com\/noticias-de-hidalgo\/wp-json\/wp\/v2\/categories?post=468993"},{"taxonomy":"post_tag","embeddable":true,"href":"https:\/\/www.zunoticia.com\/noticias-de-hidalgo\/wp-json\/wp\/v2\/tags?post=468993"}],"curies":[{"name":"wp","href":"https:\/\/api.w.org\/{rel}","templated":true}]}}