{"id":469012,"date":"2023-02-19T19:47:47","date_gmt":"2023-02-20T01:47:47","guid":{"rendered":"https:\/\/www.zunoticia.com\/noticias-de-hidalgo\/?p=469012"},"modified":"2023-02-19T19:47:49","modified_gmt":"2023-02-20T01:47:49","slug":"conmemora-cedspi-dia-internacional-de-la-lengua-materna","status":"publish","type":"post","link":"https:\/\/www.zunoticia.com\/noticias-de-hidalgo\/2023\/02\/19\/conmemora-cedspi-dia-internacional-de-la-lengua-materna\/","title":{"rendered":"Conmemora CEDSPI D\u00eda Internacional de la Lengua Materna"},"content":{"rendered":"<aside class=\"mashsb-container mashsb-main mashsb-stretched\"><div class=\"mashsb-box\"><div class=\"mashsb-count mash-large\" style=\"float:left\"><div class=\"counts mashsbcount\">5<\/div><span class=\"mashsb-sharetext\">SHARES<\/span><\/div><div class=\"mashsb-buttons\"><a class=\"mashicon-facebook mash-large mash-center mashsb-noshadow\" href=\"https:\/\/www.facebook.com\/sharer.php?u=https%3A%2F%2Fwww.zunoticia.com%2Fnoticias-de-hidalgo%2F2023%2F02%2F19%2Fconmemora-cedspi-dia-internacional-de-la-lengua-materna%2F\" target=\"_top\" rel=\"nofollow\"><span class=\"icon\"><\/span><span class=\"text\">Share<\/span><\/a><a class=\"mashicon-twitter mash-large mash-center mashsb-noshadow\" href=\"https:\/\/twitter.com\/intent\/tweet?text=&amp;url=https:\/\/www.zunoticia.com\/noticias-de-hidalgo\/2023\/02\/19\/conmemora-cedspi-dia-internacional-de-la-lengua-materna\/\" target=\"_top\" rel=\"nofollow\"><span class=\"icon\"><\/span><span class=\"text\">Tweet<\/span><\/a><div class=\"onoffswitch2 mash-large mashsb-noshadow\" style=\"display:none\"><\/div><\/div>\n            <\/div>\n                <div style=\"clear:both\"><\/div><div class=\"mashsb-toggle-container\"><\/div><\/aside>\n            <!-- Share buttons by mashshare.net - Version: 4.0.47-->\n<ul class=\"wp-block-list\">\n<li>Gobierno de Julio Menchaca\u00a0trabaja en la creaci\u00f3n de pol\u00edticas p\u00fablicas que beneficien a la recuperaci\u00f3n, conservaci\u00f3n, y revitalizaci\u00f3n y difusi\u00f3n de las lenguas maternas en la entidad.<\/li>\n\n\n\n<li>El 21 de febrero en Huejutla.<\/li>\n<\/ul>\n\n\n\n<p><em>Por Redacci\u00f3n\/Zunoticia<\/em><\/p>\n\n\n\n<p><strong>Pachuca, Hgo.-<\/strong> Con diferentes actividades y acciones a trav\u00e9s de la Comisi\u00f3n Estatal para el Desarrollo Sostenible de los Pueblos Ind\u00edgenas CEDSPI el gobernador Julio Menchaca Salazar, refrenda su compromiso y prioridad por el desarrollo de los pueblos ind\u00edgenas del estado.<\/p>\n\n\n\n<p>Por ello, &nbsp;desde CEDSPI se trabaja con los diferentes \u00f3rdenes de gobierno en aras de conmemorar el D\u00eda Internacional de la Lengua Materna el 21 de febrero en el Instituto Tecnol\u00f3gico de Huejutla 9:30 horas, inform\u00f3 el titular de esta comisi\u00f3n Prisco Manuel Guti\u00e9rrez.<\/p>\n\n\n\n<p>El funcionario estatal comparti\u00f3 que el objetivo es trabajar por m\u00e1s acciones e iniciativas coordinadas que impulsen el fortalecimiento de las lenguas maternas en el estado; por ello, es de suma importancia conservar parte fundamental de las ra\u00edces del pueblo hidalguense y como parte de la visi\u00f3n del gobernador por mejorar los trabajos para que todas nuestras voces sean escuchadas y no dejar a nadie atr\u00e1s.<\/p>\n\n\n\n<figure class=\"wp-block-image size-large\"><img fetchpriority=\"high\" decoding=\"async\" width=\"1024\" height=\"683\" src=\"https:\/\/www.zunoticia.com\/noticias-de-hidalgo\/wp-content\/uploads\/2023\/02\/eZy-Watermark-19-02-2023-07-44-25p.m.-1024x683.jpg\" alt=\"\" class=\"wp-image-469015\" srcset=\"https:\/\/www.zunoticia.com\/noticias-de-hidalgo\/wp-content\/uploads\/2023\/02\/eZy-Watermark-19-02-2023-07-44-25p.m.-1024x683.jpg 1024w, https:\/\/www.zunoticia.com\/noticias-de-hidalgo\/wp-content\/uploads\/2023\/02\/eZy-Watermark-19-02-2023-07-44-25p.m.-300x200.jpg 300w, https:\/\/www.zunoticia.com\/noticias-de-hidalgo\/wp-content\/uploads\/2023\/02\/eZy-Watermark-19-02-2023-07-44-25p.m.-768x512.jpg 768w, https:\/\/www.zunoticia.com\/noticias-de-hidalgo\/wp-content\/uploads\/2023\/02\/eZy-Watermark-19-02-2023-07-44-25p.m..jpg 1152w\" sizes=\"(max-width: 1024px) 100vw, 1024px\" \/><\/figure>\n\n\n\n<p>La realizaci\u00f3n del Foro \u201cD\u00eda Internacional de la Lengua Materna\u201d concentrar\u00e1 a invitados especiales de las diferentes regiones del estado, quienes aportar\u00e1n&nbsp; desde diferentes cosmovisiones la importancia de la lengua materna, entre m\u00fasica, poes\u00eda y especialistas en el tema, se esperan recibir a cientos de asistentes.<\/p>\n\n\n\n<p>La atenci\u00f3n que el gobierno estatal otorga a los pueblos ind\u00edgenas en materia del fortalecimiento de sus lenguas, est\u00e1 en sus traductores e int\u00e9rpretes, quienes son un puente de comunicaci\u00f3n entre las personas hablantes de una lengua ind\u00edgena y el espa\u00f1ol en el \u00e1mbito de procuraci\u00f3n y administraci\u00f3n de justicia, para que la voz de las hermanas y hermanos ind\u00edgenas sea escuchada.<\/p>\n\n\n\n<p>Prisco Manuel reiter\u00f3 su compromiso con los pueblos ind\u00edgenas e&nbsp; invit\u00f3 a la poblaci\u00f3n en general a conmemorar este d\u00eda tan importante que marca una pauta en los trabajos de difusi\u00f3n revitalizaci\u00f3n y respeto por las lenguas e identidad; as\u00ed como esta nueva relaci\u00f3n entre el gobierno y los pueblos ind\u00edgenas que son un reflejo del trabajo coordinado que encabeza el gobernador Julio Menchaca desde la visi\u00f3n de primero el pueblo.<\/p>\n","protected":false},"excerpt":{"rendered":"<p>Por Redacci\u00f3n\/Zunoticia Pachuca, Hgo.- Con diferentes actividades y acciones a trav\u00e9s de la Comisi\u00f3n Estatal para el Desarrollo Sostenible de los Pueblos Ind\u00edgenas CEDSPI el gobernador Julio Menchaca Salazar, refrenda su compromiso y prioridad por el desarrollo de los pueblos ind\u00edgenas del estado. Por ello, &nbsp;desde CEDSPI se trabaja con los diferentes \u00f3rdenes de gobierno&hellip; <a class=\"more-link\" href=\"https:\/\/www.zunoticia.com\/noticias-de-hidalgo\/2023\/02\/19\/conmemora-cedspi-dia-internacional-de-la-lengua-materna\/\">Seguir leyendo <span class=\"screen-reader-text\">Conmemora CEDSPI D\u00eda Internacional de la Lengua Materna<\/span><\/a><\/p>\n","protected":false},"author":12,"featured_media":469016,"comment_status":"closed","ping_status":"open","sticky":false,"template":"","format":"standard","meta":{"rop_custom_images_group":[],"rop_custom_messages_group":[],"rop_publish_now":"initial","rop_publish_now_accounts":{"facebook_10159540855086992_322828327761733":""},"rop_publish_now_history":[],"rop_publish_now_status":"pending","footnotes":""},"categories":[208],"tags":[214],"class_list":["post-469012","post","type-post","status-publish","format-standard","has-post-thumbnail","hentry","category-estado","tag-estado","entry"],"_links":{"self":[{"href":"https:\/\/www.zunoticia.com\/noticias-de-hidalgo\/wp-json\/wp\/v2\/posts\/469012","targetHints":{"allow":["GET"]}}],"collection":[{"href":"https:\/\/www.zunoticia.com\/noticias-de-hidalgo\/wp-json\/wp\/v2\/posts"}],"about":[{"href":"https:\/\/www.zunoticia.com\/noticias-de-hidalgo\/wp-json\/wp\/v2\/types\/post"}],"author":[{"embeddable":true,"href":"https:\/\/www.zunoticia.com\/noticias-de-hidalgo\/wp-json\/wp\/v2\/users\/12"}],"replies":[{"embeddable":true,"href":"https:\/\/www.zunoticia.com\/noticias-de-hidalgo\/wp-json\/wp\/v2\/comments?post=469012"}],"version-history":[{"count":1,"href":"https:\/\/www.zunoticia.com\/noticias-de-hidalgo\/wp-json\/wp\/v2\/posts\/469012\/revisions"}],"predecessor-version":[{"id":469017,"href":"https:\/\/www.zunoticia.com\/noticias-de-hidalgo\/wp-json\/wp\/v2\/posts\/469012\/revisions\/469017"}],"wp:featuredmedia":[{"embeddable":true,"href":"https:\/\/www.zunoticia.com\/noticias-de-hidalgo\/wp-json\/wp\/v2\/media\/469016"}],"wp:attachment":[{"href":"https:\/\/www.zunoticia.com\/noticias-de-hidalgo\/wp-json\/wp\/v2\/media?parent=469012"}],"wp:term":[{"taxonomy":"category","embeddable":true,"href":"https:\/\/www.zunoticia.com\/noticias-de-hidalgo\/wp-json\/wp\/v2\/categories?post=469012"},{"taxonomy":"post_tag","embeddable":true,"href":"https:\/\/www.zunoticia.com\/noticias-de-hidalgo\/wp-json\/wp\/v2\/tags?post=469012"}],"curies":[{"name":"wp","href":"https:\/\/api.w.org\/{rel}","templated":true}]}}