{"id":469027,"date":"2023-02-19T20:19:47","date_gmt":"2023-02-20T02:19:47","guid":{"rendered":"https:\/\/www.zunoticia.com\/noticias-de-hidalgo\/?p=469027"},"modified":"2023-02-19T20:19:48","modified_gmt":"2023-02-20T02:19:48","slug":"garantizar-el-acceso-y-permanencia-en-la-escuela-de-estudiantes-con-discapacidad-tarea-permanente-de-la-seph","status":"publish","type":"post","link":"https:\/\/www.zunoticia.com\/noticias-de-hidalgo\/2023\/02\/19\/garantizar-el-acceso-y-permanencia-en-la-escuela-de-estudiantes-con-discapacidad-tarea-permanente-de-la-seph\/","title":{"rendered":"Garantizar el acceso y permanencia en la escuela de estudiantes con discapacidad tarea permanente de la SEPH"},"content":{"rendered":"<aside class=\"mashsb-container mashsb-main mashsb-stretched\"><div class=\"mashsb-box\"><div class=\"mashsb-count mash-large\" style=\"float:left\"><div class=\"counts mashsbcount\">7<\/div><span class=\"mashsb-sharetext\">SHARES<\/span><\/div><div class=\"mashsb-buttons\"><a class=\"mashicon-facebook mash-large mash-center mashsb-noshadow\" href=\"https:\/\/www.facebook.com\/sharer.php?u=https%3A%2F%2Fwww.zunoticia.com%2Fnoticias-de-hidalgo%2F2023%2F02%2F19%2Fgarantizar-el-acceso-y-permanencia-en-la-escuela-de-estudiantes-con-discapacidad-tarea-permanente-de-la-seph%2F\" target=\"_top\" rel=\"nofollow\"><span class=\"icon\"><\/span><span class=\"text\">Share<\/span><\/a><a class=\"mashicon-twitter mash-large mash-center mashsb-noshadow\" href=\"https:\/\/twitter.com\/intent\/tweet?text=&amp;url=https:\/\/www.zunoticia.com\/noticias-de-hidalgo\/2023\/02\/19\/garantizar-el-acceso-y-permanencia-en-la-escuela-de-estudiantes-con-discapacidad-tarea-permanente-de-la-seph\/\" target=\"_top\" rel=\"nofollow\"><span class=\"icon\"><\/span><span class=\"text\">Tweet<\/span><\/a><div class=\"onoffswitch2 mash-large mashsb-noshadow\" style=\"display:none\"><\/div><\/div>\n            <\/div>\n                <div style=\"clear:both\"><\/div><div class=\"mashsb-toggle-container\"><\/div><\/aside>\n            <!-- Share buttons by mashshare.net - Version: 4.0.47-->\n<ul class=\"wp-block-list\">\n<li>El titular de la SEPH recorri\u00f3 el aula multisensorial del CAM No.3<\/li>\n<\/ul>\n\n\n\n<p><em>Por Redacci\u00f3n\/Zunoticia<\/em><\/p>\n\n\n\n<p><strong>Pachuca, Hgo.-<\/strong> El secretario de Educaci\u00f3n P\u00fablica de Hidalgo, Natividad Castrej\u00f3n Valdez, acompa\u00f1ado de la subsecretaria de Educaci\u00f3n B\u00e1sica Myrl\u00e9n Salas Dorantes, de la directora General de Educaci\u00f3n B\u00e1sica, Nancy Adriana Le\u00f3n Vite y el director de Educaci\u00f3n Especial, Quirino Chavarr\u00eda Hern\u00e1ndez, visit\u00f3 el aula denominada Centro de Estimulaci\u00f3n Multisensorial del Centro de Atenci\u00f3n M\u00faltiple (CAM) No. 3, ubicado en Pachuca.<\/p>\n\n\n\n<p>El titular de la Secretar\u00eda de Educaci\u00f3n P\u00fablica de Hidalgo (SEPH) destac\u00f3 que esta administraci\u00f3n que encabeza el gobernador Julio Menchaca Salazar, ha instruido garantizar el acceso y permanencia en la escuela de las y los estudiantes con discapacidad, aptitudes sobresalientes y otras condiciones, para lograr la igualdad de oportunidades, el respeto a la diversidad y la mejora de la calidad de vida, por tal motivo esta dependencia lleva a cabo un trabajo diario para tal fin.<\/p>\n\n\n\n<p>La docente del CAM 3 Martha Yolanda Espinoza Hern\u00e1ndez explic\u00f3 que el aula multisensorial o Cuarto de Estimulaci\u00f3n Multisensorial es una habitaci\u00f3n en la cual se conjuntan todos los tipos de est\u00edmulos para los sentidos: visuales, auditivos, t\u00e1ctiles y olfato. Adicionalmente favorecen la socializaci\u00f3n, cambios en su comportamiento, mejoran la adquisici\u00f3n de habilidades, incrementan los periodos de atenci\u00f3n y la capacidad de concentraci\u00f3n.<\/p>\n\n\n\n<p>Esta aula cuenta con tres componentes: en el primero se realizan acciones de fortalecimiento acad\u00e9mico dirigidas a la concientizaci\u00f3n, formaci\u00f3n y actualizaci\u00f3n de agentes educativos que participan en la atenci\u00f3n de los educandos con discapacidad y\/o con aptitudes sobresalientes.<\/p>\n\n\n\n<figure class=\"wp-block-image size-large\"><img fetchpriority=\"high\" decoding=\"async\" width=\"1024\" height=\"682\" src=\"https:\/\/www.zunoticia.com\/noticias-de-hidalgo\/wp-content\/uploads\/2023\/02\/eZy-Watermark-19-02-2023-08-06-41p.m.-1024x682.jpg\" alt=\"\" class=\"wp-image-469023\" srcset=\"https:\/\/www.zunoticia.com\/noticias-de-hidalgo\/wp-content\/uploads\/2023\/02\/eZy-Watermark-19-02-2023-08-06-41p.m.-1024x682.jpg 1024w, https:\/\/www.zunoticia.com\/noticias-de-hidalgo\/wp-content\/uploads\/2023\/02\/eZy-Watermark-19-02-2023-08-06-41p.m.-300x200.jpg 300w, https:\/\/www.zunoticia.com\/noticias-de-hidalgo\/wp-content\/uploads\/2023\/02\/eZy-Watermark-19-02-2023-08-06-41p.m.-768x512.jpg 768w, https:\/\/www.zunoticia.com\/noticias-de-hidalgo\/wp-content\/uploads\/2023\/02\/eZy-Watermark-19-02-2023-08-06-41p.m..jpg 1280w\" sizes=\"(max-width: 1024px) 100vw, 1024px\" \/><\/figure>\n\n\n\n<p>El segundo, dotar de equipamiento espec\u00edfico para mejorar sus condiciones y favorecer el trayecto educativo de los educandos con discapacidad y\/o con aptitudes sobresalientes y el tercero establecer v\u00ednculos interinstitucionales para la intervenci\u00f3n directa y la atenci\u00f3n complementaria de educandos.<\/p>\n\n\n\n<p>De los 29 CAM existentes en Hidalgo, a 15 se les ha dotado de un aula multisensorial, y en el 2022 fueron beneficiados el CAM 3 Pachuca y el 12 Progreso de Obreg\u00f3n.<\/p>\n\n\n\n<p>Cabe destacar que cada aula contiene: tubo de burbujas, cortina \/ cascada de fibra \u00f3ptica, tiras de luz led, control escalones de colores, panel multinfinito, cubo m\u00e1gico, controlador universal, set fluorescente, set de aromaterapia, cojines graduados musicales, hamaca \/ columpio, proyector de estrella, espejo de burbujas, panel de tacto, piso de foamy, botonera, set de espejos de acr\u00edlico y alberca de pelotas tomatron.<\/p>\n","protected":false},"excerpt":{"rendered":"<p>Por Redacci\u00f3n\/Zunoticia Pachuca, Hgo.- El secretario de Educaci\u00f3n P\u00fablica de Hidalgo, Natividad Castrej\u00f3n Valdez, acompa\u00f1ado de la subsecretaria de Educaci\u00f3n B\u00e1sica Myrl\u00e9n Salas Dorantes, de la directora General de Educaci\u00f3n B\u00e1sica, Nancy Adriana Le\u00f3n Vite y el director de Educaci\u00f3n Especial, Quirino Chavarr\u00eda Hern\u00e1ndez, visit\u00f3 el aula denominada Centro de Estimulaci\u00f3n Multisensorial del Centro de&hellip; <a class=\"more-link\" href=\"https:\/\/www.zunoticia.com\/noticias-de-hidalgo\/2023\/02\/19\/garantizar-el-acceso-y-permanencia-en-la-escuela-de-estudiantes-con-discapacidad-tarea-permanente-de-la-seph\/\">Seguir leyendo <span class=\"screen-reader-text\">Garantizar el acceso y permanencia en la escuela de estudiantes con discapacidad tarea permanente de la SEPH<\/span><\/a><\/p>\n","protected":false},"author":12,"featured_media":469022,"comment_status":"closed","ping_status":"open","sticky":false,"template":"","format":"standard","meta":{"rop_custom_images_group":[],"rop_custom_messages_group":[],"rop_publish_now":"initial","rop_publish_now_accounts":{"facebook_10159540855086992_322828327761733":""},"rop_publish_now_history":[],"rop_publish_now_status":"pending","footnotes":""},"categories":[208],"tags":[214],"class_list":["post-469027","post","type-post","status-publish","format-standard","has-post-thumbnail","hentry","category-estado","tag-estado","entry"],"_links":{"self":[{"href":"https:\/\/www.zunoticia.com\/noticias-de-hidalgo\/wp-json\/wp\/v2\/posts\/469027","targetHints":{"allow":["GET"]}}],"collection":[{"href":"https:\/\/www.zunoticia.com\/noticias-de-hidalgo\/wp-json\/wp\/v2\/posts"}],"about":[{"href":"https:\/\/www.zunoticia.com\/noticias-de-hidalgo\/wp-json\/wp\/v2\/types\/post"}],"author":[{"embeddable":true,"href":"https:\/\/www.zunoticia.com\/noticias-de-hidalgo\/wp-json\/wp\/v2\/users\/12"}],"replies":[{"embeddable":true,"href":"https:\/\/www.zunoticia.com\/noticias-de-hidalgo\/wp-json\/wp\/v2\/comments?post=469027"}],"version-history":[{"count":1,"href":"https:\/\/www.zunoticia.com\/noticias-de-hidalgo\/wp-json\/wp\/v2\/posts\/469027\/revisions"}],"predecessor-version":[{"id":469028,"href":"https:\/\/www.zunoticia.com\/noticias-de-hidalgo\/wp-json\/wp\/v2\/posts\/469027\/revisions\/469028"}],"wp:featuredmedia":[{"embeddable":true,"href":"https:\/\/www.zunoticia.com\/noticias-de-hidalgo\/wp-json\/wp\/v2\/media\/469022"}],"wp:attachment":[{"href":"https:\/\/www.zunoticia.com\/noticias-de-hidalgo\/wp-json\/wp\/v2\/media?parent=469027"}],"wp:term":[{"taxonomy":"category","embeddable":true,"href":"https:\/\/www.zunoticia.com\/noticias-de-hidalgo\/wp-json\/wp\/v2\/categories?post=469027"},{"taxonomy":"post_tag","embeddable":true,"href":"https:\/\/www.zunoticia.com\/noticias-de-hidalgo\/wp-json\/wp\/v2\/tags?post=469027"}],"curies":[{"name":"wp","href":"https:\/\/api.w.org\/{rel}","templated":true}]}}