{"id":469035,"date":"2023-02-19T20:25:49","date_gmt":"2023-02-20T02:25:49","guid":{"rendered":"https:\/\/www.zunoticia.com\/noticias-de-hidalgo\/?p=469035"},"modified":"2023-02-19T20:25:50","modified_gmt":"2023-02-20T02:25:50","slug":"difh-gobierno-y-sociedad-civil-supervisaran-centros-de-asistencia","status":"publish","type":"post","link":"https:\/\/www.zunoticia.com\/noticias-de-hidalgo\/2023\/02\/19\/difh-gobierno-y-sociedad-civil-supervisaran-centros-de-asistencia\/","title":{"rendered":"DIFH, Gobierno y sociedad civil supervisar\u00e1n Centros de Asistencia"},"content":{"rendered":"<aside class=\"mashsb-container mashsb-main mashsb-stretched\"><div class=\"mashsb-box\"><div class=\"mashsb-count mash-large\" style=\"float:left\"><div class=\"counts mashsbcount\">1<\/div><span class=\"mashsb-sharetext\">SHARES<\/span><\/div><div class=\"mashsb-buttons\"><a class=\"mashicon-facebook mash-large mash-center mashsb-noshadow\" href=\"https:\/\/www.facebook.com\/sharer.php?u=https%3A%2F%2Fwww.zunoticia.com%2Fnoticias-de-hidalgo%2F2023%2F02%2F19%2Fdifh-gobierno-y-sociedad-civil-supervisaran-centros-de-asistencia%2F\" target=\"_top\" rel=\"nofollow\"><span class=\"icon\"><\/span><span class=\"text\">Share<\/span><\/a><a class=\"mashicon-twitter mash-large mash-center mashsb-noshadow\" href=\"https:\/\/twitter.com\/intent\/tweet?text=&amp;url=https:\/\/www.zunoticia.com\/noticias-de-hidalgo\/2023\/02\/19\/difh-gobierno-y-sociedad-civil-supervisaran-centros-de-asistencia\/\" target=\"_top\" rel=\"nofollow\"><span class=\"icon\"><\/span><span class=\"text\">Tweet<\/span><\/a><div class=\"onoffswitch2 mash-large mashsb-noshadow\" style=\"display:none\"><\/div><\/div>\n            <\/div>\n                <div style=\"clear:both\"><\/div><div class=\"mashsb-toggle-container\"><\/div><\/aside>\n            <!-- Share buttons by mashshare.net - Version: 4.0.47-->\n<ul class=\"wp-block-list\">\n<li>Tomaron protesta integrantes del Comit\u00e9 para la Supervisi\u00f3n de los Centros de Asistencia Social.<\/li>\n\n\n\n<li>Actuar\u00e1 en favor de las ni\u00f1as, ni\u00f1os y adolescentes residentes de Centros Asistenciales p\u00fablicos y privados.<\/li>\n<\/ul>\n\n\n\n<p><em>Por Redacci\u00f3n\/Zunoticia<\/em><\/p>\n\n\n\n<p><strong>Pachuca, Hgo.-<\/strong> En el marco de las actividades de Vinculaci\u00f3n Federal, Estatal y Municipal para la Protecci\u00f3n y Restituci\u00f3n de los Derechos de las Ni\u00f1as, Ni\u00f1os y Adolescentes presididas por Edda Vite, presidenta del Patronato del Sistema DIFH, y Julio Menchaca, gobernador del estado de Hidalgo, fue instalado el Comit\u00e9 para la Supervisi\u00f3n de los Centros Asistenciales.<\/p>\n\n\n\n<p>La toma de protesta tuvo lugar en la Sala de Exgobernadores del Palacio de Gobierno, trat\u00e1ndose de una iniciativa lanzada por parte de la Familia DIFH, encabezada por Edda Vite, que actuar\u00e1 en sinergia con representantes de cada sector que compone el estado.<\/p>\n\n\n\n<p>Esta comitiva tiene por objetivo supervisar de forma permanente la atenci\u00f3n que recibe la ni\u00f1ez y adolescencia que, debido a su condici\u00f3n de indefensi\u00f3n o protecci\u00f3n familiar, residan en Centros de Asistencia Social (CAS) ejerciendo acciones y emitiendo recomendaciones en consonancia con la Ley General de los Derechos de Ni\u00f1as, Ni\u00f1os y Adolescentes.<\/p>\n\n\n\n<p>En ese sentido fue Oralia Vega, directora general de la Junta General de Asistencia del DIFH quien dirigi\u00f3 la sesi\u00f3n de instalaci\u00f3n fungiendo como presidenta del Comit\u00e9 para la Supervisi\u00f3n de CAS.<\/p>\n\n\n\n<figure class=\"wp-block-image size-full\"><img fetchpriority=\"high\" decoding=\"async\" width=\"1024\" height=\"683\" src=\"https:\/\/www.zunoticia.com\/noticias-de-hidalgo\/wp-content\/uploads\/2023\/02\/eZy-Watermark-19-02-2023-08-16-15p.m..jpg\" alt=\"\" class=\"wp-image-469032\" srcset=\"https:\/\/www.zunoticia.com\/noticias-de-hidalgo\/wp-content\/uploads\/2023\/02\/eZy-Watermark-19-02-2023-08-16-15p.m..jpg 1024w, https:\/\/www.zunoticia.com\/noticias-de-hidalgo\/wp-content\/uploads\/2023\/02\/eZy-Watermark-19-02-2023-08-16-15p.m.-300x200.jpg 300w, https:\/\/www.zunoticia.com\/noticias-de-hidalgo\/wp-content\/uploads\/2023\/02\/eZy-Watermark-19-02-2023-08-16-15p.m.-768x512.jpg 768w\" sizes=\"(max-width: 1024px) 100vw, 1024px\" \/><\/figure>\n\n\n\n<p>Seguida por Mireya Garc\u00eda, subcomisionada de la Comisi\u00f3n para la Protecci\u00f3n Contra Riesgos Sanitarios del estado de Hidalgo (COPRISEH) como secretaria t\u00e9cnica del comit\u00e9 se tom\u00f3 protesta a Francisco Quijas, subsecretario de Protecci\u00f3n Civil y Gesti\u00f3n de Riesgos; Arturo Flores, subprocurador de Delitos de Genero, Desaparici\u00f3n de Personas e Impacto Social como representante de la Procuradur\u00eda General de Justicia; Mart\u00edn P\u00e9rez Sierra, director de Fortalecimiento Educativo por parte de la Secretar\u00eda de Educaci\u00f3n P\u00fablica en el comit\u00e9; Ana Laura L\u00f3pez, visitadora adjunta de la Comisi\u00f3n Estatal de Derechos Humanos, as\u00ed como Jennifer Massiel Escocia, representante de la Sociedad Civil.<\/p>\n\n\n\n<p>Las acciones de la mesa se encontrar\u00e1n alineadas a los est\u00e1ndares de la Direcci\u00f3n General de Regulaci\u00f3n de Centros de Asistencia Social perteneciente a la Procuradur\u00eda Federal de Protecci\u00f3n a Ni\u00f1as, Ni\u00f1os y Adolescentes as\u00ed como a las disposiciones del Plan Estatal de Desarrollo del Gobierno de Hidalgo..<\/p>\n\n\n\n<p>Una vez manifiesta la conformaci\u00f3n del Comit\u00e9, Edda Vite record\u00f3 la importancia que implica el ejercicio de la paternidad y maternidad responsable, la crianza respetuosa y el fortalecimiento familiar para la prevenci\u00f3n de la violencia que afecta en mayor medida a las ni\u00f1as, ni\u00f1os y adolescentes.<\/p>\n","protected":false},"excerpt":{"rendered":"<p>Por Redacci\u00f3n\/Zunoticia Pachuca, Hgo.- En el marco de las actividades de Vinculaci\u00f3n Federal, Estatal y Municipal para la Protecci\u00f3n y Restituci\u00f3n de los Derechos de las Ni\u00f1as, Ni\u00f1os y Adolescentes presididas por Edda Vite, presidenta del Patronato del Sistema DIFH, y Julio Menchaca, gobernador del estado de Hidalgo, fue instalado el Comit\u00e9 para la Supervisi\u00f3n&hellip; <a class=\"more-link\" href=\"https:\/\/www.zunoticia.com\/noticias-de-hidalgo\/2023\/02\/19\/difh-gobierno-y-sociedad-civil-supervisaran-centros-de-asistencia\/\">Seguir leyendo <span class=\"screen-reader-text\">DIFH, Gobierno y sociedad civil supervisar\u00e1n Centros de Asistencia<\/span><\/a><\/p>\n","protected":false},"author":12,"featured_media":469032,"comment_status":"closed","ping_status":"open","sticky":false,"template":"","format":"standard","meta":{"rop_custom_images_group":[],"rop_custom_messages_group":[],"rop_publish_now":"initial","rop_publish_now_accounts":{"facebook_10159540855086992_322828327761733":""},"rop_publish_now_history":[],"rop_publish_now_status":"pending","footnotes":""},"categories":[208],"tags":[214],"class_list":["post-469035","post","type-post","status-publish","format-standard","has-post-thumbnail","hentry","category-estado","tag-estado","entry"],"_links":{"self":[{"href":"https:\/\/www.zunoticia.com\/noticias-de-hidalgo\/wp-json\/wp\/v2\/posts\/469035","targetHints":{"allow":["GET"]}}],"collection":[{"href":"https:\/\/www.zunoticia.com\/noticias-de-hidalgo\/wp-json\/wp\/v2\/posts"}],"about":[{"href":"https:\/\/www.zunoticia.com\/noticias-de-hidalgo\/wp-json\/wp\/v2\/types\/post"}],"author":[{"embeddable":true,"href":"https:\/\/www.zunoticia.com\/noticias-de-hidalgo\/wp-json\/wp\/v2\/users\/12"}],"replies":[{"embeddable":true,"href":"https:\/\/www.zunoticia.com\/noticias-de-hidalgo\/wp-json\/wp\/v2\/comments?post=469035"}],"version-history":[{"count":1,"href":"https:\/\/www.zunoticia.com\/noticias-de-hidalgo\/wp-json\/wp\/v2\/posts\/469035\/revisions"}],"predecessor-version":[{"id":469036,"href":"https:\/\/www.zunoticia.com\/noticias-de-hidalgo\/wp-json\/wp\/v2\/posts\/469035\/revisions\/469036"}],"wp:featuredmedia":[{"embeddable":true,"href":"https:\/\/www.zunoticia.com\/noticias-de-hidalgo\/wp-json\/wp\/v2\/media\/469032"}],"wp:attachment":[{"href":"https:\/\/www.zunoticia.com\/noticias-de-hidalgo\/wp-json\/wp\/v2\/media?parent=469035"}],"wp:term":[{"taxonomy":"category","embeddable":true,"href":"https:\/\/www.zunoticia.com\/noticias-de-hidalgo\/wp-json\/wp\/v2\/categories?post=469035"},{"taxonomy":"post_tag","embeddable":true,"href":"https:\/\/www.zunoticia.com\/noticias-de-hidalgo\/wp-json\/wp\/v2\/tags?post=469035"}],"curies":[{"name":"wp","href":"https:\/\/api.w.org\/{rel}","templated":true}]}}