{"id":469432,"date":"2023-02-22T13:44:20","date_gmt":"2023-02-22T19:44:20","guid":{"rendered":"https:\/\/www.zunoticia.com\/noticias-de-hidalgo\/?p=469432"},"modified":"2023-02-22T13:44:21","modified_gmt":"2023-02-22T19:44:21","slug":"celebran-catolicos-miercoles-de-ceniza","status":"publish","type":"post","link":"https:\/\/www.zunoticia.com\/noticias-de-hidalgo\/2023\/02\/22\/celebran-catolicos-miercoles-de-ceniza\/","title":{"rendered":"Celebran cat\u00f3licos Mi\u00e9rcoles de Ceniza"},"content":{"rendered":"<aside class=\"mashsb-container mashsb-main mashsb-stretched\"><div class=\"mashsb-box\"><div class=\"mashsb-count mash-large\" style=\"float:left\"><div class=\"counts mashsbcount\">8<\/div><span class=\"mashsb-sharetext\">SHARES<\/span><\/div><div class=\"mashsb-buttons\"><a class=\"mashicon-facebook mash-large mash-center mashsb-noshadow\" href=\"https:\/\/www.facebook.com\/sharer.php?u=https%3A%2F%2Fwww.zunoticia.com%2Fnoticias-de-hidalgo%2F2023%2F02%2F22%2Fcelebran-catolicos-miercoles-de-ceniza%2F\" target=\"_top\" rel=\"nofollow\"><span class=\"icon\"><\/span><span class=\"text\">Share<\/span><\/a><a class=\"mashicon-twitter mash-large mash-center mashsb-noshadow\" href=\"https:\/\/twitter.com\/intent\/tweet?text=&amp;url=https:\/\/www.zunoticia.com\/noticias-de-hidalgo\/2023\/02\/22\/celebran-catolicos-miercoles-de-ceniza\/\" target=\"_top\" rel=\"nofollow\"><span class=\"icon\"><\/span><span class=\"text\">Tweet<\/span><\/a><div class=\"onoffswitch2 mash-large mashsb-noshadow\" style=\"display:none\"><\/div><\/div>\n            <\/div>\n                <div style=\"clear:both\"><\/div><div class=\"mashsb-toggle-container\"><\/div><\/aside>\n            <!-- Share buttons by mashshare.net - Version: 4.0.47-->\n<p><em>Por Enedino Hern\u00e1ndez\/Zunoticia<\/em><\/p>\n\n\n\n<p><strong>Huejutla, Hgo.<\/strong> &#8211; Cientos de fieles cat\u00f3licos participan durante este mi\u00e9rcoles 22 de febrero, en el Mi\u00e9rcoles de Ceniza, en cada una de las parroquias de la Di\u00f3cesis de Huejutla al igual que en todo el mundo.<\/p>\n\n\n\n<p>En la parroquia Cristo Rey de esta ciudad de Huejutla de Reyes, la imposici\u00f3n de la ceniza mediante el s\u00edmbolo de una cruz en la frente, se inici\u00f3 desde las 07:00 de la ma\u00f1ana con la respectiva celebraci\u00f3n eucar\u00edstica.<\/p>\n\n\n\n<p>Se destaca que de manera programada durante este mi\u00e9rcoles se procedi\u00f3 a la imposici\u00f3n de la ceniza en las parroquias de la Di\u00f3cesis de Huejutla.<\/p>\n\n\n\n<p>Es importante se\u00f1alar que, se impone el Mi\u00e9rcoles de la Ceniza durante o despu\u00e9s de la celebraci\u00f3n de la misa,&nbsp;al pronunciar la frase: &#8220;Convi\u00e9rtete y cree en el Evangelio&#8221;.<\/p>\n\n\n\n<p>Asimismo, se destaca que el Mi\u00e9rcoles de Ceniza es un d\u00eda santo cristiano de oraci\u00f3n y ayuno; est\u00e1 precedido por el Martes de Carnaval y es el primer d\u00eda de Cuaresma, \u200bperiodo de seis semanas de penitencia antes de la Pascua.&nbsp;<\/p>\n","protected":false},"excerpt":{"rendered":"<p>Por Enedino Hern\u00e1ndez\/Zunoticia Huejutla, Hgo. &#8211; Cientos de fieles cat\u00f3licos participan durante este mi\u00e9rcoles 22 de febrero, en el Mi\u00e9rcoles de Ceniza, en cada una de las parroquias de la Di\u00f3cesis de Huejutla al igual que en todo el mundo. En la parroquia Cristo Rey de esta ciudad de Huejutla de Reyes, la imposici\u00f3n de&hellip; <a class=\"more-link\" href=\"https:\/\/www.zunoticia.com\/noticias-de-hidalgo\/2023\/02\/22\/celebran-catolicos-miercoles-de-ceniza\/\">Seguir leyendo <span class=\"screen-reader-text\">Celebran cat\u00f3licos Mi\u00e9rcoles de Ceniza<\/span><\/a><\/p>\n","protected":false},"author":20,"featured_media":469433,"comment_status":"closed","ping_status":"open","sticky":false,"template":"","format":"standard","meta":{"rop_custom_images_group":[],"rop_custom_messages_group":[],"rop_publish_now":"initial","rop_publish_now_accounts":{"facebook_10159540855086992_322828327761733":""},"rop_publish_now_history":[],"rop_publish_now_status":"pending","footnotes":""},"categories":[181],"tags":[121],"class_list":["post-469432","post","type-post","status-publish","format-standard","has-post-thumbnail","hentry","category-huejutla","tag-huejutla","entry"],"_links":{"self":[{"href":"https:\/\/www.zunoticia.com\/noticias-de-hidalgo\/wp-json\/wp\/v2\/posts\/469432","targetHints":{"allow":["GET"]}}],"collection":[{"href":"https:\/\/www.zunoticia.com\/noticias-de-hidalgo\/wp-json\/wp\/v2\/posts"}],"about":[{"href":"https:\/\/www.zunoticia.com\/noticias-de-hidalgo\/wp-json\/wp\/v2\/types\/post"}],"author":[{"embeddable":true,"href":"https:\/\/www.zunoticia.com\/noticias-de-hidalgo\/wp-json\/wp\/v2\/users\/20"}],"replies":[{"embeddable":true,"href":"https:\/\/www.zunoticia.com\/noticias-de-hidalgo\/wp-json\/wp\/v2\/comments?post=469432"}],"version-history":[{"count":1,"href":"https:\/\/www.zunoticia.com\/noticias-de-hidalgo\/wp-json\/wp\/v2\/posts\/469432\/revisions"}],"predecessor-version":[{"id":469434,"href":"https:\/\/www.zunoticia.com\/noticias-de-hidalgo\/wp-json\/wp\/v2\/posts\/469432\/revisions\/469434"}],"wp:featuredmedia":[{"embeddable":true,"href":"https:\/\/www.zunoticia.com\/noticias-de-hidalgo\/wp-json\/wp\/v2\/media\/469433"}],"wp:attachment":[{"href":"https:\/\/www.zunoticia.com\/noticias-de-hidalgo\/wp-json\/wp\/v2\/media?parent=469432"}],"wp:term":[{"taxonomy":"category","embeddable":true,"href":"https:\/\/www.zunoticia.com\/noticias-de-hidalgo\/wp-json\/wp\/v2\/categories?post=469432"},{"taxonomy":"post_tag","embeddable":true,"href":"https:\/\/www.zunoticia.com\/noticias-de-hidalgo\/wp-json\/wp\/v2\/tags?post=469432"}],"curies":[{"name":"wp","href":"https:\/\/api.w.org\/{rel}","templated":true}]}}