{"id":469435,"date":"2023-02-22T14:02:31","date_gmt":"2023-02-22T20:02:31","guid":{"rendered":"https:\/\/www.zunoticia.com\/noticias-de-hidalgo\/?p=469435"},"modified":"2023-02-22T14:02:33","modified_gmt":"2023-02-22T20:02:33","slug":"comienzan-las-presentaciones-de-teatro-gratuito-en-el-centro-cultural-del-ferrocarril","status":"publish","type":"post","link":"https:\/\/www.zunoticia.com\/noticias-de-hidalgo\/2023\/02\/22\/comienzan-las-presentaciones-de-teatro-gratuito-en-el-centro-cultural-del-ferrocarril\/","title":{"rendered":"Comienzan las presentaciones de teatro gratuito en el Centro Cultural del Ferrocarril"},"content":{"rendered":"<aside class=\"mashsb-container mashsb-main mashsb-stretched\"><div class=\"mashsb-box\"><div class=\"mashsb-count mash-large\" style=\"float:left\"><div class=\"counts mashsbcount\">19<\/div><span class=\"mashsb-sharetext\">SHARES<\/span><\/div><div class=\"mashsb-buttons\"><a class=\"mashicon-facebook mash-large mash-center mashsb-noshadow\" href=\"https:\/\/www.facebook.com\/sharer.php?u=https%3A%2F%2Fwww.zunoticia.com%2Fnoticias-de-hidalgo%2F2023%2F02%2F22%2Fcomienzan-las-presentaciones-de-teatro-gratuito-en-el-centro-cultural-del-ferrocarril%2F\" target=\"_top\" rel=\"nofollow\"><span class=\"icon\"><\/span><span class=\"text\">Share<\/span><\/a><a class=\"mashicon-twitter mash-large mash-center mashsb-noshadow\" href=\"https:\/\/twitter.com\/intent\/tweet?text=&amp;url=https:\/\/www.zunoticia.com\/noticias-de-hidalgo\/2023\/02\/22\/comienzan-las-presentaciones-de-teatro-gratuito-en-el-centro-cultural-del-ferrocarril\/\" target=\"_top\" rel=\"nofollow\"><span class=\"icon\"><\/span><span class=\"text\">Tweet<\/span><\/a><div class=\"onoffswitch2 mash-large mashsb-noshadow\" style=\"display:none\"><\/div><\/div>\n            <\/div>\n                <div style=\"clear:both\"><\/div><div class=\"mashsb-toggle-container\"><\/div><\/aside>\n            <!-- Share buttons by mashshare.net - Version: 4.0.47-->\n<p><\/p>\n\n\n\n<p>\u00b7 Este jueves se presenta R\u00edo, gotas, aliento \u2013 ama \u2013 mama \u2013 mam\u00e1, de Gisela Cort\u00e9s, a las 19:00 horas, en el Auditorio Ram\u00f3n Noble Olivares.<\/p>\n\n\n\n<p><em>Por Redacci\u00f3n\/Zunoticia<\/em><\/p>\n\n\n\n<p><strong>Pachuca de Soto, Hgo.<\/strong> &#8211; La Secretar\u00eda de Cultura, dirigida por Tania Meza Escorza, inform\u00f3 que las presentaciones de las obras de teatro, en el Centro Cultural del Ferrocarril, comienzan ma\u00f1ana con acceso gratuito para la poblaci\u00f3n en general.<\/p>\n\n\n\n<p>La programaci\u00f3n de este primer ciclo inicia este 23 de febrero, a las 19:00 horas, en el Auditorio Ram\u00f3n Noble Olivares, con la pieza esc\u00e9nica performativa R\u00edo, gotas, aliento \u2013 ama \u2013 mama \u2013 mam\u00e1, de Gisela Cort\u00e9s.<\/p>\n\n\n\n<p>Se trata de un proyecto que se configura a partir de una cartograf\u00eda corporal que va de lo \u00edntimo a lo p\u00fablico, del cuerpo y la voz de su experiencia con la maternidad hacia el recorrido por fragmentos de iconograf\u00eda hist\u00f3rica de la lactancia, im\u00e1genes que despliegan la historia sometida a los relatos del patriarcado.<\/p>\n\n\n\n<p>Tambi\u00e9n colaboran en la producci\u00f3n Brenda Garc\u00eda y Alicia P\u00e9rez Romero, para abrir paso a voces de mujeres que comparten su experiencia respecto a c\u00f3mo viven la maternidad: \u00bfCu\u00e1l es la historia? \u00bfC\u00f3mo se vive realmente? \u00bfQu\u00e9 pasa con los procesos fisiol\u00f3gicos y con las emociones?, por ello, al final de la pieza, las y los espectadores podr\u00e1n expresar sus opiniones.<\/p>\n\n\n\n<p>Gisela Cort\u00e9s es integrante del proyecto Semillero de Artes Vivas, un espacio de pensamiento y creaci\u00f3n en torno a la memoria-cuerpo-ciudad; ha participado en diversos festivales nacionales en Baja California, Campeche, Ciudad de M\u00e9xico, Hidalgo, Jalisco y Nuevo Le\u00f3n, e internacionales en Argentina, Bolivia, Chile, Espa\u00f1a, Francia y Grecia.<\/p>\n\n\n\n<p>Adem\u00e1s, la dependencia estatal detall\u00f3 que el pr\u00f3ximo 2 de marzo ser\u00e1 la presentaci\u00f3n de El viaje y, el 9 del mismo mes, Fractalidades disidentes, en el recinto cultural, en punto de las 19:00 horas; las tres presentaciones tienen cupo limitado y se llevan a cabo de forma gratuita, con el objetivo de acercar la oferta cultural a toda la ciudadan\u00eda.<\/p>\n","protected":false},"excerpt":{"rendered":"<p>\u00b7 Este jueves se presenta R\u00edo, gotas, aliento \u2013 ama \u2013 mama \u2013 mam\u00e1, de Gisela Cort\u00e9s, a las 19:00 horas, en el Auditorio Ram\u00f3n Noble Olivares. Por Redacci\u00f3n\/Zunoticia Pachuca de Soto, Hgo. &#8211; La Secretar\u00eda de Cultura, dirigida por Tania Meza Escorza, inform\u00f3 que las presentaciones de las obras de teatro, en el Centro&hellip; <a class=\"more-link\" href=\"https:\/\/www.zunoticia.com\/noticias-de-hidalgo\/2023\/02\/22\/comienzan-las-presentaciones-de-teatro-gratuito-en-el-centro-cultural-del-ferrocarril\/\">Seguir leyendo <span class=\"screen-reader-text\">Comienzan las presentaciones de teatro gratuito en el Centro Cultural del Ferrocarril<\/span><\/a><\/p>\n","protected":false},"author":20,"featured_media":469436,"comment_status":"closed","ping_status":"open","sticky":false,"template":"","format":"standard","meta":{"rop_custom_images_group":[],"rop_custom_messages_group":[],"rop_publish_now":"initial","rop_publish_now_accounts":{"facebook_10159540855086992_322828327761733":""},"rop_publish_now_history":[],"rop_publish_now_status":"pending","footnotes":""},"categories":[208],"tags":[214],"class_list":["post-469435","post","type-post","status-publish","format-standard","has-post-thumbnail","hentry","category-estado","tag-estado","entry"],"_links":{"self":[{"href":"https:\/\/www.zunoticia.com\/noticias-de-hidalgo\/wp-json\/wp\/v2\/posts\/469435","targetHints":{"allow":["GET"]}}],"collection":[{"href":"https:\/\/www.zunoticia.com\/noticias-de-hidalgo\/wp-json\/wp\/v2\/posts"}],"about":[{"href":"https:\/\/www.zunoticia.com\/noticias-de-hidalgo\/wp-json\/wp\/v2\/types\/post"}],"author":[{"embeddable":true,"href":"https:\/\/www.zunoticia.com\/noticias-de-hidalgo\/wp-json\/wp\/v2\/users\/20"}],"replies":[{"embeddable":true,"href":"https:\/\/www.zunoticia.com\/noticias-de-hidalgo\/wp-json\/wp\/v2\/comments?post=469435"}],"version-history":[{"count":1,"href":"https:\/\/www.zunoticia.com\/noticias-de-hidalgo\/wp-json\/wp\/v2\/posts\/469435\/revisions"}],"predecessor-version":[{"id":469437,"href":"https:\/\/www.zunoticia.com\/noticias-de-hidalgo\/wp-json\/wp\/v2\/posts\/469435\/revisions\/469437"}],"wp:featuredmedia":[{"embeddable":true,"href":"https:\/\/www.zunoticia.com\/noticias-de-hidalgo\/wp-json\/wp\/v2\/media\/469436"}],"wp:attachment":[{"href":"https:\/\/www.zunoticia.com\/noticias-de-hidalgo\/wp-json\/wp\/v2\/media?parent=469435"}],"wp:term":[{"taxonomy":"category","embeddable":true,"href":"https:\/\/www.zunoticia.com\/noticias-de-hidalgo\/wp-json\/wp\/v2\/categories?post=469435"},{"taxonomy":"post_tag","embeddable":true,"href":"https:\/\/www.zunoticia.com\/noticias-de-hidalgo\/wp-json\/wp\/v2\/tags?post=469435"}],"curies":[{"name":"wp","href":"https:\/\/api.w.org\/{rel}","templated":true}]}}