{"id":469443,"date":"2023-02-22T14:41:33","date_gmt":"2023-02-22T20:41:33","guid":{"rendered":"https:\/\/www.zunoticia.com\/noticias-de-hidalgo\/?p=469443"},"modified":"2023-02-22T14:41:34","modified_gmt":"2023-02-22T20:41:34","slug":"conmemoraron-el-dia-internacional-de-la-lengua-materna-en-huazalingo","status":"publish","type":"post","link":"https:\/\/www.zunoticia.com\/noticias-de-hidalgo\/2023\/02\/22\/conmemoraron-el-dia-internacional-de-la-lengua-materna-en-huazalingo\/","title":{"rendered":"Conmemoraron el d\u00eda internacional de la lengua materna en Huazalingo"},"content":{"rendered":"<aside class=\"mashsb-container mashsb-main mashsb-stretched\"><div class=\"mashsb-box\"><div class=\"mashsb-count mash-large\" style=\"float:left\"><div class=\"counts mashsbcount\">21<\/div><span class=\"mashsb-sharetext\">SHARES<\/span><\/div><div class=\"mashsb-buttons\"><a class=\"mashicon-facebook mash-large mash-center mashsb-noshadow\" href=\"https:\/\/www.facebook.com\/sharer.php?u=https%3A%2F%2Fwww.zunoticia.com%2Fnoticias-de-hidalgo%2F2023%2F02%2F22%2Fconmemoraron-el-dia-internacional-de-la-lengua-materna-en-huazalingo%2F\" target=\"_top\" rel=\"nofollow\"><span class=\"icon\"><\/span><span class=\"text\">Share<\/span><\/a><a class=\"mashicon-twitter mash-large mash-center mashsb-noshadow\" href=\"https:\/\/twitter.com\/intent\/tweet?text=&amp;url=https:\/\/www.zunoticia.com\/noticias-de-hidalgo\/2023\/02\/22\/conmemoraron-el-dia-internacional-de-la-lengua-materna-en-huazalingo\/\" target=\"_top\" rel=\"nofollow\"><span class=\"icon\"><\/span><span class=\"text\">Tweet<\/span><\/a><div class=\"onoffswitch2 mash-large mashsb-noshadow\" style=\"display:none\"><\/div><\/div>\n            <\/div>\n                <div style=\"clear:both\"><\/div><div class=\"mashsb-toggle-container\"><\/div><\/aside>\n            <!-- Share buttons by mashshare.net - Version: 4.0.47-->\n<p><em>Por Roberto Meza\/Zunoticia<\/em><\/p>\n\n\n\n<p><strong>Huazalingo, Hgo.<\/strong>&#8211; A fin de reconocer la identidad en la expresi\u00f3n de los pueblos originarios de este municipio, conmemoraron el d\u00eda internacional de la lengua materna a trav\u00e9s de diversas actividades que se desarrollaron este mi\u00e9rcoles, con esto darle la importancia al n\u00e1huatl, sobre todo preservarlo.<\/p>\n\n\n\n<p>El evento se realiz\u00f3 en el auditorio de la zona centro en donde se cont\u00f3 con la presencia del edil Julio C\u00e9sar Gonz\u00e1lez, Cristina Hern\u00e1ndez, directora del INPI y dem\u00e1s autoridades municipales. El acto se desarroll\u00f3 con un programa art\u00edstico \u2013 cultural, en donde expusieron la importancia que ocupa la lengua materna en esta regi\u00f3n de Hidalgo, ya que es el medio por el que muchas personas se comunican y comparten su cultura, gastronom\u00eda, sus fiestas patronales y dem\u00e1s aspectos de su cosmovisi\u00f3n.<\/p>\n\n\n\n<p>Los presentes compartieron las danzas, la m\u00fasica tradicional, las costumbres y dem\u00e1s vivencias de la lengua n\u00e1huatl; al final participaron en una convivencia.<\/p>\n","protected":false},"excerpt":{"rendered":"<p>Por Roberto Meza\/Zunoticia Huazalingo, Hgo.&#8211; A fin de reconocer la identidad en la expresi\u00f3n de los pueblos originarios de este municipio, conmemoraron el d\u00eda internacional de la lengua materna a trav\u00e9s de diversas actividades que se desarrollaron este mi\u00e9rcoles, con esto darle la importancia al n\u00e1huatl, sobre todo preservarlo. El evento se realiz\u00f3 en el&hellip; <a class=\"more-link\" href=\"https:\/\/www.zunoticia.com\/noticias-de-hidalgo\/2023\/02\/22\/conmemoraron-el-dia-internacional-de-la-lengua-materna-en-huazalingo\/\">Seguir leyendo <span class=\"screen-reader-text\">Conmemoraron el d\u00eda internacional de la lengua materna en Huazalingo<\/span><\/a><\/p>\n","protected":false},"author":20,"featured_media":469444,"comment_status":"closed","ping_status":"open","sticky":false,"template":"","format":"standard","meta":{"rop_custom_images_group":[],"rop_custom_messages_group":[],"rop_publish_now":"initial","rop_publish_now_accounts":{"facebook_10159540855086992_322828327761733":""},"rop_publish_now_history":[],"rop_publish_now_status":"pending","footnotes":""},"categories":[212],"tags":[138],"class_list":["post-469443","post","type-post","status-publish","format-standard","has-post-thumbnail","hentry","category-huazalingo","tag-huazalingo","entry"],"_links":{"self":[{"href":"https:\/\/www.zunoticia.com\/noticias-de-hidalgo\/wp-json\/wp\/v2\/posts\/469443","targetHints":{"allow":["GET"]}}],"collection":[{"href":"https:\/\/www.zunoticia.com\/noticias-de-hidalgo\/wp-json\/wp\/v2\/posts"}],"about":[{"href":"https:\/\/www.zunoticia.com\/noticias-de-hidalgo\/wp-json\/wp\/v2\/types\/post"}],"author":[{"embeddable":true,"href":"https:\/\/www.zunoticia.com\/noticias-de-hidalgo\/wp-json\/wp\/v2\/users\/20"}],"replies":[{"embeddable":true,"href":"https:\/\/www.zunoticia.com\/noticias-de-hidalgo\/wp-json\/wp\/v2\/comments?post=469443"}],"version-history":[{"count":1,"href":"https:\/\/www.zunoticia.com\/noticias-de-hidalgo\/wp-json\/wp\/v2\/posts\/469443\/revisions"}],"predecessor-version":[{"id":469445,"href":"https:\/\/www.zunoticia.com\/noticias-de-hidalgo\/wp-json\/wp\/v2\/posts\/469443\/revisions\/469445"}],"wp:featuredmedia":[{"embeddable":true,"href":"https:\/\/www.zunoticia.com\/noticias-de-hidalgo\/wp-json\/wp\/v2\/media\/469444"}],"wp:attachment":[{"href":"https:\/\/www.zunoticia.com\/noticias-de-hidalgo\/wp-json\/wp\/v2\/media?parent=469443"}],"wp:term":[{"taxonomy":"category","embeddable":true,"href":"https:\/\/www.zunoticia.com\/noticias-de-hidalgo\/wp-json\/wp\/v2\/categories?post=469443"},{"taxonomy":"post_tag","embeddable":true,"href":"https:\/\/www.zunoticia.com\/noticias-de-hidalgo\/wp-json\/wp\/v2\/tags?post=469443"}],"curies":[{"name":"wp","href":"https:\/\/api.w.org\/{rel}","templated":true}]}}