{"id":469449,"date":"2023-02-22T16:27:26","date_gmt":"2023-02-22T22:27:26","guid":{"rendered":"https:\/\/www.zunoticia.com\/noticias-de-hidalgo\/?p=469449"},"modified":"2023-02-22T16:27:28","modified_gmt":"2023-02-22T22:27:28","slug":"desisten-locatarios-del-laminado-en-continuar-gestionando-obra","status":"publish","type":"post","link":"https:\/\/www.zunoticia.com\/noticias-de-hidalgo\/2023\/02\/22\/desisten-locatarios-del-laminado-en-continuar-gestionando-obra\/","title":{"rendered":"Desisten Locatarios del laminado en continuar gestionando obra"},"content":{"rendered":"<aside class=\"mashsb-container mashsb-main mashsb-stretched\"><div class=\"mashsb-box\"><div class=\"mashsb-count mash-large\" style=\"float:left\"><div class=\"counts mashsbcount\">24<\/div><span class=\"mashsb-sharetext\">SHARES<\/span><\/div><div class=\"mashsb-buttons\"><a class=\"mashicon-facebook mash-large mash-center mashsb-noshadow\" href=\"https:\/\/www.facebook.com\/sharer.php?u=https%3A%2F%2Fwww.zunoticia.com%2Fnoticias-de-hidalgo%2F2023%2F02%2F22%2Fdesisten-locatarios-del-laminado-en-continuar-gestionando-obra%2F\" target=\"_top\" rel=\"nofollow\"><span class=\"icon\"><\/span><span class=\"text\">Share<\/span><\/a><a class=\"mashicon-twitter mash-large mash-center mashsb-noshadow\" href=\"https:\/\/twitter.com\/intent\/tweet?text=&amp;url=https:\/\/www.zunoticia.com\/noticias-de-hidalgo\/2023\/02\/22\/desisten-locatarios-del-laminado-en-continuar-gestionando-obra\/\" target=\"_top\" rel=\"nofollow\"><span class=\"icon\"><\/span><span class=\"text\">Tweet<\/span><\/a><div class=\"onoffswitch2 mash-large mashsb-noshadow\" style=\"display:none\"><\/div><\/div>\n            <\/div>\n                <div style=\"clear:both\"><\/div><div class=\"mashsb-toggle-container\"><\/div><\/aside>\n            <!-- Share buttons by mashshare.net - Version: 4.0.47-->\n<p><\/p>\n\n\n\n<p><em>Por Salvador Altamirano\/Zunoticia<\/em><\/p>\n\n\n\n<p><strong>Huejutla, Hgo.-<\/strong> Entrevistados en torno al avance en la gesti\u00f3n de la obra del cambio de techo de la zona comercial conocida como laminado, locatarios ubicados en la misma manifestaron que desistieron en darle continuidad.<\/p>\n\n\n\n<p>Explicaron que lo anterior, porque en el mercado municipal hay dos dirigentes, de los cuales uno no est\u00e1 en la disposici\u00f3n de apoyar y el otro aunque no interfiere, no hace nada; por lo que no hay acuerdo entre los agremiados de ambas organizaciones y por ende no todos han apoyado la gesti\u00f3n.<\/p>\n\n\n\n<p>Al respecto, Rodrigo Serna, el locatario que propuso el proyecto e inici\u00f3 la gesti\u00f3n del cambio de techo del \u00e1rea del laminado, el cual est\u00e1 muy da\u00f1ado, refiri\u00f3 que para que el mercado municipal deje de estar en ruinas y sea funcional al 100 %, es necesario que haya un solo dirigente.<\/p>\n\n\n\n<p>Agreg\u00f3 que, es una l\u00e1stima y hasta decepcionante, que entre los mismos locatarios interesados en tener un centro de trabajo en perfectas condiciones haya desuni\u00f3n, y sean ellos mismos quienes est\u00e1n echando abajo todo, ya que el presidente municipal Daniel Andrade Zurutuza est\u00e1 en la disposici\u00f3n de cristalizar el necesario proyecto.<\/p>\n\n\n\n<p>Para finalizar, subray\u00f3 que quienes estaban pugnando para que se hiciera realidad la obra, ante tanta insensibilidad e incomprensible falta de apoyo, ya que el cambio de techo es sumamente necesario, hoy est\u00e1n decepcionados y han dejado las cosas por la paz.<\/p>\n\n\n\n<p><\/p>\n","protected":false},"excerpt":{"rendered":"<p>Por Salvador Altamirano\/Zunoticia Huejutla, Hgo.- Entrevistados en torno al avance en la gesti\u00f3n de la obra del cambio de techo de la zona comercial conocida como laminado, locatarios ubicados en la misma manifestaron que desistieron en darle continuidad. Explicaron que lo anterior, porque en el mercado municipal hay dos dirigentes, de los cuales uno no&hellip; <a class=\"more-link\" href=\"https:\/\/www.zunoticia.com\/noticias-de-hidalgo\/2023\/02\/22\/desisten-locatarios-del-laminado-en-continuar-gestionando-obra\/\">Seguir leyendo <span class=\"screen-reader-text\">Desisten Locatarios del laminado en continuar gestionando obra<\/span><\/a><\/p>\n","protected":false},"author":20,"featured_media":469450,"comment_status":"closed","ping_status":"open","sticky":false,"template":"","format":"standard","meta":{"rop_custom_images_group":[],"rop_custom_messages_group":[],"rop_publish_now":"initial","rop_publish_now_accounts":{"facebook_10159540855086992_322828327761733":""},"rop_publish_now_history":[],"rop_publish_now_status":"pending","footnotes":""},"categories":[181],"tags":[121],"class_list":["post-469449","post","type-post","status-publish","format-standard","has-post-thumbnail","hentry","category-huejutla","tag-huejutla","entry"],"_links":{"self":[{"href":"https:\/\/www.zunoticia.com\/noticias-de-hidalgo\/wp-json\/wp\/v2\/posts\/469449","targetHints":{"allow":["GET"]}}],"collection":[{"href":"https:\/\/www.zunoticia.com\/noticias-de-hidalgo\/wp-json\/wp\/v2\/posts"}],"about":[{"href":"https:\/\/www.zunoticia.com\/noticias-de-hidalgo\/wp-json\/wp\/v2\/types\/post"}],"author":[{"embeddable":true,"href":"https:\/\/www.zunoticia.com\/noticias-de-hidalgo\/wp-json\/wp\/v2\/users\/20"}],"replies":[{"embeddable":true,"href":"https:\/\/www.zunoticia.com\/noticias-de-hidalgo\/wp-json\/wp\/v2\/comments?post=469449"}],"version-history":[{"count":1,"href":"https:\/\/www.zunoticia.com\/noticias-de-hidalgo\/wp-json\/wp\/v2\/posts\/469449\/revisions"}],"predecessor-version":[{"id":469451,"href":"https:\/\/www.zunoticia.com\/noticias-de-hidalgo\/wp-json\/wp\/v2\/posts\/469449\/revisions\/469451"}],"wp:featuredmedia":[{"embeddable":true,"href":"https:\/\/www.zunoticia.com\/noticias-de-hidalgo\/wp-json\/wp\/v2\/media\/469450"}],"wp:attachment":[{"href":"https:\/\/www.zunoticia.com\/noticias-de-hidalgo\/wp-json\/wp\/v2\/media?parent=469449"}],"wp:term":[{"taxonomy":"category","embeddable":true,"href":"https:\/\/www.zunoticia.com\/noticias-de-hidalgo\/wp-json\/wp\/v2\/categories?post=469449"},{"taxonomy":"post_tag","embeddable":true,"href":"https:\/\/www.zunoticia.com\/noticias-de-hidalgo\/wp-json\/wp\/v2\/tags?post=469449"}],"curies":[{"name":"wp","href":"https:\/\/api.w.org\/{rel}","templated":true}]}}