{"id":469461,"date":"2023-02-22T17:37:48","date_gmt":"2023-02-22T23:37:48","guid":{"rendered":"https:\/\/www.zunoticia.com\/noticias-de-hidalgo\/?p=469461"},"modified":"2023-02-22T17:37:49","modified_gmt":"2023-02-22T23:37:49","slug":"subsecretaria-de-gobierno-debe-de-intervenir-para-que-haya-paz-en-el-mercado-municipal","status":"publish","type":"post","link":"https:\/\/www.zunoticia.com\/noticias-de-hidalgo\/2023\/02\/22\/subsecretaria-de-gobierno-debe-de-intervenir-para-que-haya-paz-en-el-mercado-municipal\/","title":{"rendered":"\u201cSubsecretar\u00eda de Gobierno debe de intervenir para que haya paz en el mercado municipal\u201d"},"content":{"rendered":"<aside class=\"mashsb-container mashsb-main mashsb-stretched\"><div class=\"mashsb-box\"><div class=\"mashsb-count mash-large\" style=\"float:left\"><div class=\"counts mashsbcount\">6<\/div><span class=\"mashsb-sharetext\">SHARES<\/span><\/div><div class=\"mashsb-buttons\"><a class=\"mashicon-facebook mash-large mash-center mashsb-noshadow\" href=\"https:\/\/www.facebook.com\/sharer.php?u=https%3A%2F%2Fwww.zunoticia.com%2Fnoticias-de-hidalgo%2F2023%2F02%2F22%2Fsubsecretaria-de-gobierno-debe-de-intervenir-para-que-haya-paz-en-el-mercado-municipal%2F\" target=\"_top\" rel=\"nofollow\"><span class=\"icon\"><\/span><span class=\"text\">Share<\/span><\/a><a class=\"mashicon-twitter mash-large mash-center mashsb-noshadow\" href=\"https:\/\/twitter.com\/intent\/tweet?text=&amp;url=https:\/\/www.zunoticia.com\/noticias-de-hidalgo\/2023\/02\/22\/subsecretaria-de-gobierno-debe-de-intervenir-para-que-haya-paz-en-el-mercado-municipal\/\" target=\"_top\" rel=\"nofollow\"><span class=\"icon\"><\/span><span class=\"text\">Tweet<\/span><\/a><div class=\"onoffswitch2 mash-large mashsb-noshadow\" style=\"display:none\"><\/div><\/div>\n            <\/div>\n                <div style=\"clear:both\"><\/div><div class=\"mashsb-toggle-container\"><\/div><\/aside>\n            <!-- Share buttons by mashshare.net - Version: 4.0.47-->\n<p><\/p>\n\n\n\n<p><em>Por Salvador Altamirano\/Zunoticia<\/em><\/p>\n\n\n\n<p><strong>Huejutla, Hgo<\/strong>.- \u201cLa responsabilidad de la Subsecretar\u00eda de Gobierno en la huasteca, cuyo titular es Marco Antonio Ramos Moguel, es procurar que haya paz social en la regi\u00f3n, por lo que debe intervenir para solucionar el conflicto que enfrenta a comerciantes del mercado municipal\u201d.<\/p>\n\n\n\n<p>Lo anterior, fue expresado por Pr\u00f3spero Hern\u00e1ndez Hern\u00e1ndez, quien agreg\u00f3 que cuando se dio el enfrentamiento entre los dos bandos que se disputan la diligencia de la UCLA, el secretario de la organizaci\u00f3n Jorge Lara Garc\u00eda, propuso a Genaro Murillo Olgu\u00edn, quien encabeza el otro grupo, un di\u00e1logo para solucionar el conflicto.<\/p>\n\n\n\n<p>Agreg\u00f3 que, ha trascendido que Lara Garc\u00eda est\u00e1 en la disposici\u00f3n de que el di\u00e1logo se lleve a cabo en terreno neutral, en este caso en las instalaciones de la Subsecretar\u00eda de Gobierno en la huasteca, y no en la oficina de la UCLA, \u201cpero el grupo que supuestamente lo apoya se opone, quiere que sea en el mercado municipal con la finalidad de que la situaci\u00f3n no se resuelva, ya que no conviene a sus intereses, y llevar para entorpecer el di\u00e1logo a gente gritona y agresiva que ni siquiera son socios de la UCLA, son renteros\u201d.<\/p>\n\n\n\n<p>A pregunta expresa, refiri\u00f3 que para que la problem\u00e1tica se resuelva conforme a derecho y no a capricho de unos cuantos, don Genaro Murillo Olgu\u00edn entreg\u00f3 este d\u00eda oficios en las instancias de la oficina regional de los Derechos Humanos y en la propia Subsecretar\u00eda de Gobierno en la huasteca.<\/p>\n\n\n\n<p>Para finalizar, Hern\u00e1ndez Hern\u00e1ndez coment\u00f3, tambi\u00e9n se ha sabido que el mismo grupo se opone a que haya intervenci\u00f3n del personal del ayuntamiento, \u201cporque quieren seguir en el poder por la fuerza, como se hicieron de la diligencia, al puro estilo de impunidad y violencia que respaldaban gobiernos anteriores, aunque se supone que con la 4T se acab\u00f3 la corrupci\u00f3n\u201d.<\/p>\n\n\n\n<p><\/p>\n\n\n\n<p><\/p>\n","protected":false},"excerpt":{"rendered":"<p>Por Salvador Altamirano\/Zunoticia Huejutla, Hgo.- \u201cLa responsabilidad de la Subsecretar\u00eda de Gobierno en la huasteca, cuyo titular es Marco Antonio Ramos Moguel, es procurar que haya paz social en la regi\u00f3n, por lo que debe intervenir para solucionar el conflicto que enfrenta a comerciantes del mercado municipal\u201d. Lo anterior, fue expresado por Pr\u00f3spero Hern\u00e1ndez Hern\u00e1ndez,&hellip; <a class=\"more-link\" href=\"https:\/\/www.zunoticia.com\/noticias-de-hidalgo\/2023\/02\/22\/subsecretaria-de-gobierno-debe-de-intervenir-para-que-haya-paz-en-el-mercado-municipal\/\">Seguir leyendo <span class=\"screen-reader-text\">\u201cSubsecretar\u00eda de Gobierno debe de intervenir para que haya paz en el mercado municipal\u201d<\/span><\/a><\/p>\n","protected":false},"author":20,"featured_media":469463,"comment_status":"closed","ping_status":"open","sticky":false,"template":"","format":"standard","meta":{"rop_custom_images_group":[],"rop_custom_messages_group":[],"rop_publish_now":"initial","rop_publish_now_accounts":{"facebook_10159540855086992_322828327761733":""},"rop_publish_now_history":[],"rop_publish_now_status":"pending","footnotes":""},"categories":[181],"tags":[121],"class_list":["post-469461","post","type-post","status-publish","format-standard","has-post-thumbnail","hentry","category-huejutla","tag-huejutla","entry"],"_links":{"self":[{"href":"https:\/\/www.zunoticia.com\/noticias-de-hidalgo\/wp-json\/wp\/v2\/posts\/469461","targetHints":{"allow":["GET"]}}],"collection":[{"href":"https:\/\/www.zunoticia.com\/noticias-de-hidalgo\/wp-json\/wp\/v2\/posts"}],"about":[{"href":"https:\/\/www.zunoticia.com\/noticias-de-hidalgo\/wp-json\/wp\/v2\/types\/post"}],"author":[{"embeddable":true,"href":"https:\/\/www.zunoticia.com\/noticias-de-hidalgo\/wp-json\/wp\/v2\/users\/20"}],"replies":[{"embeddable":true,"href":"https:\/\/www.zunoticia.com\/noticias-de-hidalgo\/wp-json\/wp\/v2\/comments?post=469461"}],"version-history":[{"count":1,"href":"https:\/\/www.zunoticia.com\/noticias-de-hidalgo\/wp-json\/wp\/v2\/posts\/469461\/revisions"}],"predecessor-version":[{"id":469464,"href":"https:\/\/www.zunoticia.com\/noticias-de-hidalgo\/wp-json\/wp\/v2\/posts\/469461\/revisions\/469464"}],"wp:featuredmedia":[{"embeddable":true,"href":"https:\/\/www.zunoticia.com\/noticias-de-hidalgo\/wp-json\/wp\/v2\/media\/469463"}],"wp:attachment":[{"href":"https:\/\/www.zunoticia.com\/noticias-de-hidalgo\/wp-json\/wp\/v2\/media?parent=469461"}],"wp:term":[{"taxonomy":"category","embeddable":true,"href":"https:\/\/www.zunoticia.com\/noticias-de-hidalgo\/wp-json\/wp\/v2\/categories?post=469461"},{"taxonomy":"post_tag","embeddable":true,"href":"https:\/\/www.zunoticia.com\/noticias-de-hidalgo\/wp-json\/wp\/v2\/tags?post=469461"}],"curies":[{"name":"wp","href":"https:\/\/api.w.org\/{rel}","templated":true}]}}