{"id":469471,"date":"2023-02-22T19:40:44","date_gmt":"2023-02-23T01:40:44","guid":{"rendered":"https:\/\/www.zunoticia.com\/noticias-de-hidalgo\/?p=469471"},"modified":"2023-02-22T19:40:46","modified_gmt":"2023-02-23T01:40:46","slug":"bonito-el-centro-historico-libre-de-comerciantes-que-sea-asi-siempre-delegado","status":"publish","type":"post","link":"https:\/\/www.zunoticia.com\/noticias-de-hidalgo\/2023\/02\/22\/bonito-el-centro-historico-libre-de-comerciantes-que-sea-asi-siempre-delegado\/","title":{"rendered":"Bonito el Centro Hist\u00f3rico libre de comerciantes, que sea as\u00ed siempre: Delegado"},"content":{"rendered":"<aside class=\"mashsb-container mashsb-main mashsb-stretched\"><div class=\"mashsb-box\"><div class=\"mashsb-count mash-large\" style=\"float:left\"><div class=\"counts mashsbcount\">46<\/div><span class=\"mashsb-sharetext\">SHARES<\/span><\/div><div class=\"mashsb-buttons\"><a class=\"mashicon-facebook mash-large mash-center mashsb-noshadow\" href=\"https:\/\/www.facebook.com\/sharer.php?u=https%3A%2F%2Fwww.zunoticia.com%2Fnoticias-de-hidalgo%2F2023%2F02%2F22%2Fbonito-el-centro-historico-libre-de-comerciantes-que-sea-asi-siempre-delegado%2F\" target=\"_top\" rel=\"nofollow\"><span class=\"icon\"><\/span><span class=\"text\">Share<\/span><\/a><a class=\"mashicon-twitter mash-large mash-center mashsb-noshadow\" href=\"https:\/\/twitter.com\/intent\/tweet?text=&amp;url=https:\/\/www.zunoticia.com\/noticias-de-hidalgo\/2023\/02\/22\/bonito-el-centro-historico-libre-de-comerciantes-que-sea-asi-siempre-delegado\/\" target=\"_top\" rel=\"nofollow\"><span class=\"icon\"><\/span><span class=\"text\">Tweet<\/span><\/a><div class=\"onoffswitch2 mash-large mashsb-noshadow\" style=\"display:none\"><\/div><\/div>\n            <\/div>\n                <div style=\"clear:both\"><\/div><div class=\"mashsb-toggle-container\"><\/div><\/aside>\n            <!-- Share buttons by mashshare.net - Version: 4.0.47-->\n<p><em>Por Enedino Hern\u00e1ndez\/Zunoticia<\/em><\/p>\n\n\n\n<p><strong>Huejutla, Hgo.-<\/strong> El Delegado Municipal de la colonia Centro, Felipe de Jes\u00fas Rodr\u00edguez Vera, se\u00f1al\u00f3 que la opini\u00f3n de la poblaci\u00f3n en general es que se ve muy bonita cada una de las Plazas del Centro Hist\u00f3rico que despu\u00e9s del Carnaval se mantiene libre de comerciantes, ojal\u00e1 y que esto fuera para siempre.<\/p>\n\n\n\n<p>\u201cLa verdad que toda la ciudadan\u00eda en general, ya sea que viva en el Centro o de la gente que viene de las colonias vecinas, est\u00e1n a gusto de ver las Plazas p\u00fablicas del Centro Hist\u00f3rico despejadas, se ve atractiva y tur\u00edstica; libre de comercios y de las toneladas de basura que dejan porque no son en nada limpios, los comerciantes todo dejan tirado para que el municipio haga su labor\u201d.<\/p>\n\n\n\n<p>A\u00f1adi\u00f3 que, por estos motivos, los ciudadanos huejutlenses piden que el Centro Hist\u00f3rico de Huejutla se quede libre de comerciantes ambulantes \u201cpero creo que esto es un sue\u00f1o guajiro, no lo creo, por lo pronto al estar libre de comerciantes el Centro Hist\u00f3rico se ve bonito\u201d.<\/p>\n\n\n\n<figure class=\"wp-block-image size-large\"><img fetchpriority=\"high\" decoding=\"async\" width=\"1024\" height=\"576\" src=\"https:\/\/www.zunoticia.com\/noticias-de-hidalgo\/wp-content\/uploads\/2023\/02\/eZy-Watermark-22-02-2023-07-07-14p.m.-1024x576.jpg\" alt=\"\" class=\"wp-image-469473\" srcset=\"https:\/\/www.zunoticia.com\/noticias-de-hidalgo\/wp-content\/uploads\/2023\/02\/eZy-Watermark-22-02-2023-07-07-14p.m.-1024x576.jpg 1024w, https:\/\/www.zunoticia.com\/noticias-de-hidalgo\/wp-content\/uploads\/2023\/02\/eZy-Watermark-22-02-2023-07-07-14p.m.-300x169.jpg 300w, https:\/\/www.zunoticia.com\/noticias-de-hidalgo\/wp-content\/uploads\/2023\/02\/eZy-Watermark-22-02-2023-07-07-14p.m.-768x432.jpg 768w, https:\/\/www.zunoticia.com\/noticias-de-hidalgo\/wp-content\/uploads\/2023\/02\/eZy-Watermark-22-02-2023-07-07-14p.m..jpg 1280w\" sizes=\"(max-width: 1024px) 100vw, 1024px\" \/><\/figure>\n\n\n\n<p>Considera que mientras dura el Centro libre de comerciantes debemos de disfrutar del espacio \u201ca ver hasta cuando nos dura el sue\u00f1o de ver al Centro libre de comerciantes, ni modo, se van a volver a poner, de eso me queda bien claro, por lo pronto los ciudadanos huejutlenses opinan que el Centro debe de quedar libre de comerciantes, pero al final de cuentas quien tiene la \u00faltima palabra es la Presidencia Municipal\u201d.<\/p>\n\n\n\n<p>Felipe Rodr\u00edguez insisti\u00f3 que, todas las plazas del Centro Hist\u00f3rico durante este mi\u00e9rcoles se vieron libres de la presencia de los comerciantes ambulantes \u201cni sombrillas, ni brincolines, ni nada; est\u00e1 libre, est\u00e1 limpio de puestos, ya veremos qu\u00e9 pasa, veremos qu\u00e9 tanto dura el sue\u00f1o de ver al Centro Hist\u00f3rico bonito, libre de comerciantes\u2026\u201d.<\/p>\n","protected":false},"excerpt":{"rendered":"<p>Por Enedino Hern\u00e1ndez\/Zunoticia Huejutla, Hgo.- El Delegado Municipal de la colonia Centro, Felipe de Jes\u00fas Rodr\u00edguez Vera, se\u00f1al\u00f3 que la opini\u00f3n de la poblaci\u00f3n en general es que se ve muy bonita cada una de las Plazas del Centro Hist\u00f3rico que despu\u00e9s del Carnaval se mantiene libre de comerciantes, ojal\u00e1 y que esto fuera para&hellip; <a class=\"more-link\" href=\"https:\/\/www.zunoticia.com\/noticias-de-hidalgo\/2023\/02\/22\/bonito-el-centro-historico-libre-de-comerciantes-que-sea-asi-siempre-delegado\/\">Seguir leyendo <span class=\"screen-reader-text\">Bonito el Centro Hist\u00f3rico libre de comerciantes, que sea as\u00ed siempre: Delegado<\/span><\/a><\/p>\n","protected":false},"author":12,"featured_media":469472,"comment_status":"closed","ping_status":"open","sticky":false,"template":"","format":"standard","meta":{"rop_custom_images_group":[],"rop_custom_messages_group":[],"rop_publish_now":"initial","rop_publish_now_accounts":{"facebook_10159540855086992_322828327761733":""},"rop_publish_now_history":[],"rop_publish_now_status":"pending","footnotes":""},"categories":[181],"tags":[121],"class_list":["post-469471","post","type-post","status-publish","format-standard","has-post-thumbnail","hentry","category-huejutla","tag-huejutla","entry"],"_links":{"self":[{"href":"https:\/\/www.zunoticia.com\/noticias-de-hidalgo\/wp-json\/wp\/v2\/posts\/469471","targetHints":{"allow":["GET"]}}],"collection":[{"href":"https:\/\/www.zunoticia.com\/noticias-de-hidalgo\/wp-json\/wp\/v2\/posts"}],"about":[{"href":"https:\/\/www.zunoticia.com\/noticias-de-hidalgo\/wp-json\/wp\/v2\/types\/post"}],"author":[{"embeddable":true,"href":"https:\/\/www.zunoticia.com\/noticias-de-hidalgo\/wp-json\/wp\/v2\/users\/12"}],"replies":[{"embeddable":true,"href":"https:\/\/www.zunoticia.com\/noticias-de-hidalgo\/wp-json\/wp\/v2\/comments?post=469471"}],"version-history":[{"count":1,"href":"https:\/\/www.zunoticia.com\/noticias-de-hidalgo\/wp-json\/wp\/v2\/posts\/469471\/revisions"}],"predecessor-version":[{"id":469474,"href":"https:\/\/www.zunoticia.com\/noticias-de-hidalgo\/wp-json\/wp\/v2\/posts\/469471\/revisions\/469474"}],"wp:featuredmedia":[{"embeddable":true,"href":"https:\/\/www.zunoticia.com\/noticias-de-hidalgo\/wp-json\/wp\/v2\/media\/469472"}],"wp:attachment":[{"href":"https:\/\/www.zunoticia.com\/noticias-de-hidalgo\/wp-json\/wp\/v2\/media?parent=469471"}],"wp:term":[{"taxonomy":"category","embeddable":true,"href":"https:\/\/www.zunoticia.com\/noticias-de-hidalgo\/wp-json\/wp\/v2\/categories?post=469471"},{"taxonomy":"post_tag","embeddable":true,"href":"https:\/\/www.zunoticia.com\/noticias-de-hidalgo\/wp-json\/wp\/v2\/tags?post=469471"}],"curies":[{"name":"wp","href":"https:\/\/api.w.org\/{rel}","templated":true}]}}