{"id":469495,"date":"2023-02-22T19:49:50","date_gmt":"2023-02-23T01:49:50","guid":{"rendered":"https:\/\/www.zunoticia.com\/noticias-de-hidalgo\/?p=469495"},"modified":"2023-02-22T19:49:52","modified_gmt":"2023-02-23T01:49:52","slug":"solicitan-rehabilitacion-del-quiosco-municipal","status":"publish","type":"post","link":"https:\/\/www.zunoticia.com\/noticias-de-hidalgo\/2023\/02\/22\/solicitan-rehabilitacion-del-quiosco-municipal\/","title":{"rendered":"Solicitan rehabilitaci\u00f3n del quiosco municipal"},"content":{"rendered":"<aside class=\"mashsb-container mashsb-main mashsb-stretched\"><div class=\"mashsb-box\"><div class=\"mashsb-count mash-large\" style=\"float:left\"><div class=\"counts mashsbcount\">15<\/div><span class=\"mashsb-sharetext\">SHARES<\/span><\/div><div class=\"mashsb-buttons\"><a class=\"mashicon-facebook mash-large mash-center mashsb-noshadow\" href=\"https:\/\/www.facebook.com\/sharer.php?u=https%3A%2F%2Fwww.zunoticia.com%2Fnoticias-de-hidalgo%2F2023%2F02%2F22%2Fsolicitan-rehabilitacion-del-quiosco-municipal%2F\" target=\"_top\" rel=\"nofollow\"><span class=\"icon\"><\/span><span class=\"text\">Share<\/span><\/a><a class=\"mashicon-twitter mash-large mash-center mashsb-noshadow\" href=\"https:\/\/twitter.com\/intent\/tweet?text=&amp;url=https:\/\/www.zunoticia.com\/noticias-de-hidalgo\/2023\/02\/22\/solicitan-rehabilitacion-del-quiosco-municipal\/\" target=\"_top\" rel=\"nofollow\"><span class=\"icon\"><\/span><span class=\"text\">Tweet<\/span><\/a><div class=\"onoffswitch2 mash-large mashsb-noshadow\" style=\"display:none\"><\/div><\/div>\n            <\/div>\n                <div style=\"clear:both\"><\/div><div class=\"mashsb-toggle-container\"><\/div><\/aside>\n            <!-- Share buttons by mashshare.net - Version: 4.0.47-->\n<p><em>Por Salvador Altamirano\/Zunoticia<\/em><\/p>\n\n\n\n<p><strong>Huejutla, Hgo.-<\/strong> Habitantes de la poblaci\u00f3n interesados en los aspectos hist\u00f3ricos, expresaron que el gobierno municipal que preside Daniel Andrade Zurutuza, tiene elaborado y aprobado un proyecto tendiente a rehabilitar el Centro Hist\u00f3rico, lo cual consideran loable y excepcional.<\/p>\n\n\n\n<figure class=\"wp-block-image size-large\"><img fetchpriority=\"high\" decoding=\"async\" width=\"1024\" height=\"768\" src=\"https:\/\/www.zunoticia.com\/noticias-de-hidalgo\/wp-content\/uploads\/2023\/02\/eZy-Watermark-22-02-2023-07-12-45p.m.-1024x768.jpg\" alt=\"\" class=\"wp-image-469484\" srcset=\"https:\/\/www.zunoticia.com\/noticias-de-hidalgo\/wp-content\/uploads\/2023\/02\/eZy-Watermark-22-02-2023-07-12-45p.m.-1024x768.jpg 1024w, https:\/\/www.zunoticia.com\/noticias-de-hidalgo\/wp-content\/uploads\/2023\/02\/eZy-Watermark-22-02-2023-07-12-45p.m.-300x225.jpg 300w, https:\/\/www.zunoticia.com\/noticias-de-hidalgo\/wp-content\/uploads\/2023\/02\/eZy-Watermark-22-02-2023-07-12-45p.m.-768x576.jpg 768w, https:\/\/www.zunoticia.com\/noticias-de-hidalgo\/wp-content\/uploads\/2023\/02\/eZy-Watermark-22-02-2023-07-12-45p.m..jpg 1280w\" sizes=\"(max-width: 1024px) 100vw, 1024px\" \/><\/figure>\n\n\n\n<p>Sin embargo, manifestaron que tienen conocimiento que el proyecto de rehabilitaci\u00f3n no integra el quiosco municipal, el cual tiene acentuado deterioro en sus barandales, tanto, que podr\u00eda generar un accidente por ca\u00edda de algunos de los ni\u00f1os que gustan subir a la segunda planta.<\/p>\n\n\n\n<p>A pregunta expresa, quien se identific\u00f3 con el nombre de Juan Carlos Mart\u00ednez, coment\u00f3 que tiene conocimiento de que el quiosco, el cual es de car\u00e1cter hist\u00f3rico, ya que estuvo por muchos a\u00f1os en el Z\u00f3calo de la Ciudad de M\u00e9xico, est\u00e1 protegido por el Instituto Nacional de Antropolog\u00eda e Historia (INAH), por lo que se debe de buscar o solicitar que esa instancia lo rehabilite.<\/p>\n\n\n\n<figure class=\"wp-block-image size-large\"><img decoding=\"async\" width=\"1024\" height=\"768\" src=\"https:\/\/www.zunoticia.com\/noticias-de-hidalgo\/wp-content\/uploads\/2023\/02\/eZy-Watermark-22-02-2023-07-13-03p.m.-1024x768.jpg\" alt=\"\" class=\"wp-image-469483\" srcset=\"https:\/\/www.zunoticia.com\/noticias-de-hidalgo\/wp-content\/uploads\/2023\/02\/eZy-Watermark-22-02-2023-07-13-03p.m.-1024x768.jpg 1024w, https:\/\/www.zunoticia.com\/noticias-de-hidalgo\/wp-content\/uploads\/2023\/02\/eZy-Watermark-22-02-2023-07-13-03p.m.-300x225.jpg 300w, https:\/\/www.zunoticia.com\/noticias-de-hidalgo\/wp-content\/uploads\/2023\/02\/eZy-Watermark-22-02-2023-07-13-03p.m.-768x576.jpg 768w, https:\/\/www.zunoticia.com\/noticias-de-hidalgo\/wp-content\/uploads\/2023\/02\/eZy-Watermark-22-02-2023-07-13-03p.m..jpg 1280w\" sizes=\"(max-width: 1024px) 100vw, 1024px\" \/><\/figure>\n\n\n\n<p>Para finalizar, subray\u00f3 que por muy sencilla que parezca la estructura del quiosco, fue tra\u00edda de Francia y donada a Huejutla por el entonces presidente de la Rep\u00fablica, Venustiano Carranza Garza, por lo que por su valor hist\u00f3rico es uno de los atractivos para constituir a Huejutla en Pueblo M\u00e1gico, pero, por desgracia, no sabemos valorar nuestra riqueza cultural, lament\u00f3.<\/p>\n","protected":false},"excerpt":{"rendered":"<p>Por Salvador Altamirano\/Zunoticia Huejutla, Hgo.- Habitantes de la poblaci\u00f3n interesados en los aspectos hist\u00f3ricos, expresaron que el gobierno municipal que preside Daniel Andrade Zurutuza, tiene elaborado y aprobado un proyecto tendiente a rehabilitar el Centro Hist\u00f3rico, lo cual consideran loable y excepcional. Sin embargo, manifestaron que tienen conocimiento que el proyecto de rehabilitaci\u00f3n no integra&hellip; <a class=\"more-link\" href=\"https:\/\/www.zunoticia.com\/noticias-de-hidalgo\/2023\/02\/22\/solicitan-rehabilitacion-del-quiosco-municipal\/\">Seguir leyendo <span class=\"screen-reader-text\">Solicitan rehabilitaci\u00f3n del quiosco municipal<\/span><\/a><\/p>\n","protected":false},"author":12,"featured_media":469481,"comment_status":"closed","ping_status":"open","sticky":false,"template":"","format":"standard","meta":{"rop_custom_images_group":[],"rop_custom_messages_group":[],"rop_publish_now":"initial","rop_publish_now_accounts":{"facebook_10159540855086992_322828327761733":""},"rop_publish_now_history":[],"rop_publish_now_status":"pending","footnotes":""},"categories":[181],"tags":[121],"class_list":["post-469495","post","type-post","status-publish","format-standard","has-post-thumbnail","hentry","category-huejutla","tag-huejutla","entry"],"_links":{"self":[{"href":"https:\/\/www.zunoticia.com\/noticias-de-hidalgo\/wp-json\/wp\/v2\/posts\/469495","targetHints":{"allow":["GET"]}}],"collection":[{"href":"https:\/\/www.zunoticia.com\/noticias-de-hidalgo\/wp-json\/wp\/v2\/posts"}],"about":[{"href":"https:\/\/www.zunoticia.com\/noticias-de-hidalgo\/wp-json\/wp\/v2\/types\/post"}],"author":[{"embeddable":true,"href":"https:\/\/www.zunoticia.com\/noticias-de-hidalgo\/wp-json\/wp\/v2\/users\/12"}],"replies":[{"embeddable":true,"href":"https:\/\/www.zunoticia.com\/noticias-de-hidalgo\/wp-json\/wp\/v2\/comments?post=469495"}],"version-history":[{"count":1,"href":"https:\/\/www.zunoticia.com\/noticias-de-hidalgo\/wp-json\/wp\/v2\/posts\/469495\/revisions"}],"predecessor-version":[{"id":469496,"href":"https:\/\/www.zunoticia.com\/noticias-de-hidalgo\/wp-json\/wp\/v2\/posts\/469495\/revisions\/469496"}],"wp:featuredmedia":[{"embeddable":true,"href":"https:\/\/www.zunoticia.com\/noticias-de-hidalgo\/wp-json\/wp\/v2\/media\/469481"}],"wp:attachment":[{"href":"https:\/\/www.zunoticia.com\/noticias-de-hidalgo\/wp-json\/wp\/v2\/media?parent=469495"}],"wp:term":[{"taxonomy":"category","embeddable":true,"href":"https:\/\/www.zunoticia.com\/noticias-de-hidalgo\/wp-json\/wp\/v2\/categories?post=469495"},{"taxonomy":"post_tag","embeddable":true,"href":"https:\/\/www.zunoticia.com\/noticias-de-hidalgo\/wp-json\/wp\/v2\/tags?post=469495"}],"curies":[{"name":"wp","href":"https:\/\/api.w.org\/{rel}","templated":true}]}}