{"id":469499,"date":"2023-02-22T20:00:59","date_gmt":"2023-02-23T02:00:59","guid":{"rendered":"https:\/\/www.zunoticia.com\/noticias-de-hidalgo\/?p=469499"},"modified":"2023-02-22T20:01:01","modified_gmt":"2023-02-23T02:01:01","slug":"convocan-a-adolescentes-a-participar-en-el-primer-congreso-juvenil","status":"publish","type":"post","link":"https:\/\/www.zunoticia.com\/noticias-de-hidalgo\/2023\/02\/22\/convocan-a-adolescentes-a-participar-en-el-primer-congreso-juvenil\/","title":{"rendered":"Convocan a adolescentes a participar en el Primer Congreso Juvenil"},"content":{"rendered":"<aside class=\"mashsb-container mashsb-main mashsb-stretched\"><div class=\"mashsb-box\"><div class=\"mashsb-count mash-large\" style=\"float:left\"><div class=\"counts mashsbcount\">16<\/div><span class=\"mashsb-sharetext\">SHARES<\/span><\/div><div class=\"mashsb-buttons\"><a class=\"mashicon-facebook mash-large mash-center mashsb-noshadow\" href=\"https:\/\/www.facebook.com\/sharer.php?u=https%3A%2F%2Fwww.zunoticia.com%2Fnoticias-de-hidalgo%2F2023%2F02%2F22%2Fconvocan-a-adolescentes-a-participar-en-el-primer-congreso-juvenil%2F\" target=\"_top\" rel=\"nofollow\"><span class=\"icon\"><\/span><span class=\"text\">Share<\/span><\/a><a class=\"mashicon-twitter mash-large mash-center mashsb-noshadow\" href=\"https:\/\/twitter.com\/intent\/tweet?text=&amp;url=https:\/\/www.zunoticia.com\/noticias-de-hidalgo\/2023\/02\/22\/convocan-a-adolescentes-a-participar-en-el-primer-congreso-juvenil\/\" target=\"_top\" rel=\"nofollow\"><span class=\"icon\"><\/span><span class=\"text\">Tweet<\/span><\/a><div class=\"onoffswitch2 mash-large mashsb-noshadow\" style=\"display:none\"><\/div><\/div>\n            <\/div>\n                <div style=\"clear:both\"><\/div><div class=\"mashsb-toggle-container\"><\/div><\/aside>\n            <!-- Share buttons by mashshare.net - Version: 4.0.47-->\n<p><em>Por \u00c1ngel Silverio\/Zunoticia<\/em><\/p>\n\n\n\n<p><strong>Jaltoc\u00e1n, Hgo.-<\/strong> Con el fin de promover la voz de los j\u00f3venes hidalguenses, la LXV Legislatura Local en coordinaci\u00f3n con la Comisi\u00f3n de la Ni\u00f1ez, Juventud, Deporte y Familia, lanzaron la convocatoria para el Primer Congreso Juvenil Hidalgo 2023, a realizarse en el pr\u00f3ximo mes, por lo que la convocatoria ya est\u00e1 abierta.<\/p>\n\n\n\n<p>De acuerdo con lo informado por el Sistema de Protecci\u00f3n Integral de los Derechos de las Ni\u00f1as, Ni\u00f1os y Adolescentes (SIPINNA), se convoca a los j\u00f3venes de esta demarcaci\u00f3n a registrarse en dicha convocatoria, que ser\u00e1 realizada el 25 y 26 de abril en el Congreso de Hidalgo.<\/p>\n\n\n\n<p>As\u00ed tambi\u00e9n se indica que los temas a elegir son: acceso a la educaci\u00f3n, adicciones, ciencia y tecnolog\u00eda, discriminaci\u00f3n, educaci\u00f3n sexual, emprendimiento juvenil, juventud en las decisiones p\u00fablicas, salud mental, violencia y tema libre.<\/p>\n\n\n\n<p>Quienes deseen participar deber\u00e1n presentar un trabajo escrito de autor\u00eda propia con pseud\u00f3nimo para evitar preferencias, contemplar dos propuestas de mejora y l\u00edneas de acci\u00f3n para ejecutar, siendo este un espacio para escuchar las ideas de la juventud hidalguense en los asuntos p\u00fablicos fundamentales para el desarrollo de la sociedad.<\/p>\n","protected":false},"excerpt":{"rendered":"<p>Por \u00c1ngel Silverio\/Zunoticia Jaltoc\u00e1n, Hgo.- Con el fin de promover la voz de los j\u00f3venes hidalguenses, la LXV Legislatura Local en coordinaci\u00f3n con la Comisi\u00f3n de la Ni\u00f1ez, Juventud, Deporte y Familia, lanzaron la convocatoria para el Primer Congreso Juvenil Hidalgo 2023, a realizarse en el pr\u00f3ximo mes, por lo que la convocatoria ya est\u00e1&hellip; <a class=\"more-link\" href=\"https:\/\/www.zunoticia.com\/noticias-de-hidalgo\/2023\/02\/22\/convocan-a-adolescentes-a-participar-en-el-primer-congreso-juvenil\/\">Seguir leyendo <span class=\"screen-reader-text\">Convocan a adolescentes a participar en el Primer Congreso Juvenil<\/span><\/a><\/p>\n","protected":false},"author":12,"featured_media":469476,"comment_status":"closed","ping_status":"open","sticky":false,"template":"","format":"standard","meta":{"rop_custom_images_group":[],"rop_custom_messages_group":[],"rop_publish_now":"initial","rop_publish_now_accounts":{"facebook_10159540855086992_322828327761733":""},"rop_publish_now_history":[],"rop_publish_now_status":"pending","footnotes":""},"categories":[179,200],"tags":[131],"class_list":["post-469499","post","type-post","status-publish","format-standard","has-post-thumbnail","hentry","category-huasteca","category-jaltocan","tag-jaltocan","entry"],"_links":{"self":[{"href":"https:\/\/www.zunoticia.com\/noticias-de-hidalgo\/wp-json\/wp\/v2\/posts\/469499","targetHints":{"allow":["GET"]}}],"collection":[{"href":"https:\/\/www.zunoticia.com\/noticias-de-hidalgo\/wp-json\/wp\/v2\/posts"}],"about":[{"href":"https:\/\/www.zunoticia.com\/noticias-de-hidalgo\/wp-json\/wp\/v2\/types\/post"}],"author":[{"embeddable":true,"href":"https:\/\/www.zunoticia.com\/noticias-de-hidalgo\/wp-json\/wp\/v2\/users\/12"}],"replies":[{"embeddable":true,"href":"https:\/\/www.zunoticia.com\/noticias-de-hidalgo\/wp-json\/wp\/v2\/comments?post=469499"}],"version-history":[{"count":1,"href":"https:\/\/www.zunoticia.com\/noticias-de-hidalgo\/wp-json\/wp\/v2\/posts\/469499\/revisions"}],"predecessor-version":[{"id":469502,"href":"https:\/\/www.zunoticia.com\/noticias-de-hidalgo\/wp-json\/wp\/v2\/posts\/469499\/revisions\/469502"}],"wp:featuredmedia":[{"embeddable":true,"href":"https:\/\/www.zunoticia.com\/noticias-de-hidalgo\/wp-json\/wp\/v2\/media\/469476"}],"wp:attachment":[{"href":"https:\/\/www.zunoticia.com\/noticias-de-hidalgo\/wp-json\/wp\/v2\/media?parent=469499"}],"wp:term":[{"taxonomy":"category","embeddable":true,"href":"https:\/\/www.zunoticia.com\/noticias-de-hidalgo\/wp-json\/wp\/v2\/categories?post=469499"},{"taxonomy":"post_tag","embeddable":true,"href":"https:\/\/www.zunoticia.com\/noticias-de-hidalgo\/wp-json\/wp\/v2\/tags?post=469499"}],"curies":[{"name":"wp","href":"https:\/\/api.w.org\/{rel}","templated":true}]}}