{"id":469504,"date":"2023-02-22T20:11:26","date_gmt":"2023-02-23T02:11:26","guid":{"rendered":"https:\/\/www.zunoticia.com\/noticias-de-hidalgo\/?p=469504"},"modified":"2023-02-22T20:11:27","modified_gmt":"2023-02-23T02:11:27","slug":"conmemoraron-dia-del-ejercito-mexicano-en-la-primaria-teodomiro-manzano","status":"publish","type":"post","link":"https:\/\/www.zunoticia.com\/noticias-de-hidalgo\/2023\/02\/22\/conmemoraron-dia-del-ejercito-mexicano-en-la-primaria-teodomiro-manzano\/","title":{"rendered":"Conmemoraron D\u00eda del Ejercito Mexicano en la primaria Teodomiro Manzano"},"content":{"rendered":"<aside class=\"mashsb-container mashsb-main mashsb-stretched\"><div class=\"mashsb-box\"><div class=\"mashsb-count mash-large\" style=\"float:left\"><div class=\"counts mashsbcount\">13<\/div><span class=\"mashsb-sharetext\">SHARES<\/span><\/div><div class=\"mashsb-buttons\"><a class=\"mashicon-facebook mash-large mash-center mashsb-noshadow\" href=\"https:\/\/www.facebook.com\/sharer.php?u=https%3A%2F%2Fwww.zunoticia.com%2Fnoticias-de-hidalgo%2F2023%2F02%2F22%2Fconmemoraron-dia-del-ejercito-mexicano-en-la-primaria-teodomiro-manzano%2F\" target=\"_top\" rel=\"nofollow\"><span class=\"icon\"><\/span><span class=\"text\">Share<\/span><\/a><a class=\"mashicon-twitter mash-large mash-center mashsb-noshadow\" href=\"https:\/\/twitter.com\/intent\/tweet?text=&amp;url=https:\/\/www.zunoticia.com\/noticias-de-hidalgo\/2023\/02\/22\/conmemoraron-dia-del-ejercito-mexicano-en-la-primaria-teodomiro-manzano\/\" target=\"_top\" rel=\"nofollow\"><span class=\"icon\"><\/span><span class=\"text\">Tweet<\/span><\/a><div class=\"onoffswitch2 mash-large mashsb-noshadow\" style=\"display:none\"><\/div><\/div>\n            <\/div>\n                <div style=\"clear:both\"><\/div><div class=\"mashsb-toggle-container\"><\/div><\/aside>\n            <!-- Share buttons by mashshare.net - Version: 4.0.47-->\n<p><em>Por Roberto Meza\/Zunoticia<\/em><\/p>\n\n\n\n<p><strong>Huazalingo, Hgo.-<\/strong> Con el af\u00e1n de reconocer a Las Fuerzas Castrenses las acciones que emprenden d\u00eda a d\u00eda en todo el pa\u00eds, su lealtad y disciplina, en la escuela primaria Teodomiro Manzano de la cabecera municipal conmemoraron el D\u00eda Ejercito Mexicano con diversas actividades.<\/p>\n\n\n\n<p>Las actividades fueron encabezados por el director de la escuela, profesor Alfredo Morales, ya que con ello tambi\u00e9n inculcan los valores a todos los alumnos, para que tengan el conocimiento de la importancia de esa fecha, por lo que se llev\u00f3 a cabo un desfile por las principales calles de esta municipalidad con personal del ej\u00e9rcito, alumnos y maestros.<\/p>\n\n\n\n<p>De esta forma reconocieron la ardua labor del Ej\u00e9rcito Mexicano, el personal directivo de esa escuela agradeci\u00f3 a los elementos castrenses su presencia en esa instituci\u00f3n educativa para bien de los alumnos.<\/p>\n","protected":false},"excerpt":{"rendered":"<p>Por Roberto Meza\/Zunoticia Huazalingo, Hgo.- Con el af\u00e1n de reconocer a Las Fuerzas Castrenses las acciones que emprenden d\u00eda a d\u00eda en todo el pa\u00eds, su lealtad y disciplina, en la escuela primaria Teodomiro Manzano de la cabecera municipal conmemoraron el D\u00eda Ejercito Mexicano con diversas actividades. Las actividades fueron encabezados por el director de&hellip; <a class=\"more-link\" href=\"https:\/\/www.zunoticia.com\/noticias-de-hidalgo\/2023\/02\/22\/conmemoraron-dia-del-ejercito-mexicano-en-la-primaria-teodomiro-manzano\/\">Seguir leyendo <span class=\"screen-reader-text\">Conmemoraron D\u00eda del Ejercito Mexicano en la primaria Teodomiro Manzano<\/span><\/a><\/p>\n","protected":false},"author":12,"featured_media":469489,"comment_status":"closed","ping_status":"open","sticky":false,"template":"","format":"standard","meta":{"rop_custom_images_group":[],"rop_custom_messages_group":[],"rop_publish_now":"initial","rop_publish_now_accounts":{"facebook_10159540855086992_322828327761733":""},"rop_publish_now_history":[],"rop_publish_now_status":"pending","footnotes":""},"categories":[179,212],"tags":[138],"class_list":["post-469504","post","type-post","status-publish","format-standard","has-post-thumbnail","hentry","category-huasteca","category-huazalingo","tag-huazalingo","entry"],"_links":{"self":[{"href":"https:\/\/www.zunoticia.com\/noticias-de-hidalgo\/wp-json\/wp\/v2\/posts\/469504","targetHints":{"allow":["GET"]}}],"collection":[{"href":"https:\/\/www.zunoticia.com\/noticias-de-hidalgo\/wp-json\/wp\/v2\/posts"}],"about":[{"href":"https:\/\/www.zunoticia.com\/noticias-de-hidalgo\/wp-json\/wp\/v2\/types\/post"}],"author":[{"embeddable":true,"href":"https:\/\/www.zunoticia.com\/noticias-de-hidalgo\/wp-json\/wp\/v2\/users\/12"}],"replies":[{"embeddable":true,"href":"https:\/\/www.zunoticia.com\/noticias-de-hidalgo\/wp-json\/wp\/v2\/comments?post=469504"}],"version-history":[{"count":1,"href":"https:\/\/www.zunoticia.com\/noticias-de-hidalgo\/wp-json\/wp\/v2\/posts\/469504\/revisions"}],"predecessor-version":[{"id":469508,"href":"https:\/\/www.zunoticia.com\/noticias-de-hidalgo\/wp-json\/wp\/v2\/posts\/469504\/revisions\/469508"}],"wp:featuredmedia":[{"embeddable":true,"href":"https:\/\/www.zunoticia.com\/noticias-de-hidalgo\/wp-json\/wp\/v2\/media\/469489"}],"wp:attachment":[{"href":"https:\/\/www.zunoticia.com\/noticias-de-hidalgo\/wp-json\/wp\/v2\/media?parent=469504"}],"wp:term":[{"taxonomy":"category","embeddable":true,"href":"https:\/\/www.zunoticia.com\/noticias-de-hidalgo\/wp-json\/wp\/v2\/categories?post=469504"},{"taxonomy":"post_tag","embeddable":true,"href":"https:\/\/www.zunoticia.com\/noticias-de-hidalgo\/wp-json\/wp\/v2\/tags?post=469504"}],"curies":[{"name":"wp","href":"https:\/\/api.w.org\/{rel}","templated":true}]}}