{"id":469551,"date":"2023-02-22T21:26:20","date_gmt":"2023-02-23T03:26:20","guid":{"rendered":"https:\/\/www.zunoticia.com\/noticias-de-hidalgo\/?p=469551"},"modified":"2023-02-22T21:26:22","modified_gmt":"2023-02-23T03:26:22","slug":"jovenes-con-discapacidad-fortaleceran-su-educacion-mediante-el-aula-de-formacion-para-el-trabajo-y-la-vida-adulta","status":"publish","type":"post","link":"https:\/\/www.zunoticia.com\/noticias-de-hidalgo\/2023\/02\/22\/jovenes-con-discapacidad-fortaleceran-su-educacion-mediante-el-aula-de-formacion-para-el-trabajo-y-la-vida-adulta\/","title":{"rendered":"J\u00f3venes con discapacidad fortalecer\u00e1n su educaci\u00f3n mediante el aula de formaci\u00f3n para el trabajo y la vida adulta"},"content":{"rendered":"<aside class=\"mashsb-container mashsb-main mashsb-stretched\"><div class=\"mashsb-box\"><div class=\"mashsb-count mash-large\" style=\"float:left\"><div class=\"counts mashsbcount\">16<\/div><span class=\"mashsb-sharetext\">SHARES<\/span><\/div><div class=\"mashsb-buttons\"><a class=\"mashicon-facebook mash-large mash-center mashsb-noshadow\" href=\"https:\/\/www.facebook.com\/sharer.php?u=https%3A%2F%2Fwww.zunoticia.com%2Fnoticias-de-hidalgo%2F2023%2F02%2F22%2Fjovenes-con-discapacidad-fortaleceran-su-educacion-mediante-el-aula-de-formacion-para-el-trabajo-y-la-vida-adulta%2F\" target=\"_top\" rel=\"nofollow\"><span class=\"icon\"><\/span><span class=\"text\">Share<\/span><\/a><a class=\"mashicon-twitter mash-large mash-center mashsb-noshadow\" href=\"https:\/\/twitter.com\/intent\/tweet?text=&amp;url=https:\/\/www.zunoticia.com\/noticias-de-hidalgo\/2023\/02\/22\/jovenes-con-discapacidad-fortaleceran-su-educacion-mediante-el-aula-de-formacion-para-el-trabajo-y-la-vida-adulta\/\" target=\"_top\" rel=\"nofollow\"><span class=\"icon\"><\/span><span class=\"text\">Tweet<\/span><\/a><div class=\"onoffswitch2 mash-large mashsb-noshadow\" style=\"display:none\"><\/div><\/div>\n            <\/div>\n                <div style=\"clear:both\"><\/div><div class=\"mashsb-toggle-container\"><\/div><\/aside>\n            <!-- Share buttons by mashshare.net - Version: 4.0.47-->\n<p><em>Por Redacci\u00f3n\/Zunoticia<\/em><\/p>\n\n\n\n<p><strong>Pachuca<\/strong><strong>, Hgo.-<\/strong> Con el objetivo de promover la formaci\u00f3n para la vida y el trabajo de j\u00f3venes entre 17 y 22 a\u00f1os de edad, a trav\u00e9s del desarrollo de habilidades para el \u00e1mbito laboral, el secretario de Educaci\u00f3n P\u00fablica de Hidalgo, Natividad Castrej\u00f3n Valdez, inaugur\u00f3 el aula \u201cFormaci\u00f3n para el trabajo y vida adulta\u201d, en el Centro de Atenci\u00f3n M\u00faltiple No. 3, ubicado en Pachuca.<\/p>\n\n\n\n<p>En su mensaje, el secretario Natividad Castrej\u00f3n agradeci\u00f3 a docentes, madres y padres de familia por ser los protagonistas de la obra que se inaugur\u00f3 en beneficio de las y los j\u00f3venes. Se\u00f1al\u00f3 que \u201cel sistema educativo en nuestro estado tiene muchas fortalezas, pero tambi\u00e9n tiene debilidades que se van subsanando poco a poco y aunque pareciera ser un esfuerzo muy peque\u00f1o, la secretar\u00eda se va tejiendo as\u00ed, plantel por plantel, y poco a poco se va robusteciendo.\u201d<\/p>\n\n\n\n<p>El titular de la SEPH destac\u00f3 que este programa del gobierno federal \u201cLa Escuela es Nuestra\u201d, tiene como objetivo primordial la dignificaci\u00f3n de los planteles educativos del sector p\u00fablico a trav\u00e9s de la mejora en construcci\u00f3n, mantenimiento y equipamiento en beneficio de las ni\u00f1as, ni\u00f1os y adolescentes.<\/p>\n\n\n\n<p>Agreg\u00f3 que el gobernador Julio Menchaca Salazar ha dado la instrucci\u00f3n de fortalecer los servicios de educaci\u00f3n especial, ya que se debe de garantizar el acceso y permanencia en la escuela de los estudiantes con discapacidad, aptitudes sobresalientes y otras condiciones, para lograr la igualdad de oportunidades, el respeto a la diversidad y la mejora de la calidad de vida.<\/p>\n\n\n\n<figure class=\"wp-block-image size-large\"><img fetchpriority=\"high\" decoding=\"async\" width=\"1024\" height=\"693\" src=\"https:\/\/www.zunoticia.com\/noticias-de-hidalgo\/wp-content\/uploads\/2023\/02\/eZy-Watermark-22-02-2023-09-17-16p.m.-1024x693.jpg\" alt=\"\" class=\"wp-image-469545\" srcset=\"https:\/\/www.zunoticia.com\/noticias-de-hidalgo\/wp-content\/uploads\/2023\/02\/eZy-Watermark-22-02-2023-09-17-16p.m.-1024x693.jpg 1024w, https:\/\/www.zunoticia.com\/noticias-de-hidalgo\/wp-content\/uploads\/2023\/02\/eZy-Watermark-22-02-2023-09-17-16p.m.-300x203.jpg 300w, https:\/\/www.zunoticia.com\/noticias-de-hidalgo\/wp-content\/uploads\/2023\/02\/eZy-Watermark-22-02-2023-09-17-16p.m.-768x520.jpg 768w, https:\/\/www.zunoticia.com\/noticias-de-hidalgo\/wp-content\/uploads\/2023\/02\/eZy-Watermark-22-02-2023-09-17-16p.m..jpg 1261w\" sizes=\"(max-width: 1024px) 100vw, 1024px\" \/><\/figure>\n\n\n\n<p>En su intervenci\u00f3n, el director del CAM No. 3, Alejandro Moreno Lozano, detall\u00f3 que esta aula tuvo una inversi\u00f3n de 250 mil pesos, recurso que fue administrado por los padres de familia. Indic\u00f3 que, a las y los j\u00f3venes despu\u00e9s de los 17 a\u00f1os y de acuerdo a sus caracter\u00edsticas de discapacidad, les ayudan a desarrollar todas sus competencias para que puedan insertarse en una actividad laboral. \u201cEsta aula se destinar\u00e1 para la formaci\u00f3n de la vida adulta, etapa 3, en donde las y los j\u00f3venes pueden seguir instrucciones, mayor tolerancia a la frustraci\u00f3n y lograr soportar una jornada de 6 horas de trabajo\u201d.&nbsp;<\/p>\n\n\n\n<p>Posterior a la inauguraci\u00f3n, se tuvo la visita del embajador de Argentina en M\u00e9xico, Carlos Alfonso Tomada, quien conoci\u00f3 el aula denominada Centro de Estimulaci\u00f3n Multisensorial.<\/p>\n\n\n\n<p>En el evento estuvo presente la directora general de Educaci\u00f3n B\u00e1sica, Nancy Adriana Le\u00f3n Vite; la supervisora escolar de la Zona 3 de Educaci\u00f3n Especial, Mar\u00eda de Rosalinda Trejo S\u00e1nchez; el director de Educaci\u00f3n Especial, Quirino Chavarr\u00eda Hern\u00e1ndez; as\u00ed como representantes del Comit\u00e9 de Padres de Familia del Programa La Escuela es Nuestra, entre otros.&nbsp;<\/p>\n","protected":false},"excerpt":{"rendered":"<p>Por Redacci\u00f3n\/Zunoticia Pachuca, Hgo.- Con el objetivo de promover la formaci\u00f3n para la vida y el trabajo de j\u00f3venes entre 17 y 22 a\u00f1os de edad, a trav\u00e9s del desarrollo de habilidades para el \u00e1mbito laboral, el secretario de Educaci\u00f3n P\u00fablica de Hidalgo, Natividad Castrej\u00f3n Valdez, inaugur\u00f3 el aula \u201cFormaci\u00f3n para el trabajo y vida&hellip; <a class=\"more-link\" href=\"https:\/\/www.zunoticia.com\/noticias-de-hidalgo\/2023\/02\/22\/jovenes-con-discapacidad-fortaleceran-su-educacion-mediante-el-aula-de-formacion-para-el-trabajo-y-la-vida-adulta\/\">Seguir leyendo <span class=\"screen-reader-text\">J\u00f3venes con discapacidad fortalecer\u00e1n su educaci\u00f3n mediante el aula de formaci\u00f3n para el trabajo y la vida adulta<\/span><\/a><\/p>\n","protected":false},"author":12,"featured_media":469544,"comment_status":"closed","ping_status":"open","sticky":false,"template":"","format":"standard","meta":{"rop_custom_images_group":[],"rop_custom_messages_group":[],"rop_publish_now":"initial","rop_publish_now_accounts":{"facebook_10159540855086992_322828327761733":""},"rop_publish_now_history":[],"rop_publish_now_status":"pending","footnotes":""},"categories":[208],"tags":[214],"class_list":["post-469551","post","type-post","status-publish","format-standard","has-post-thumbnail","hentry","category-estado","tag-estado","entry"],"_links":{"self":[{"href":"https:\/\/www.zunoticia.com\/noticias-de-hidalgo\/wp-json\/wp\/v2\/posts\/469551","targetHints":{"allow":["GET"]}}],"collection":[{"href":"https:\/\/www.zunoticia.com\/noticias-de-hidalgo\/wp-json\/wp\/v2\/posts"}],"about":[{"href":"https:\/\/www.zunoticia.com\/noticias-de-hidalgo\/wp-json\/wp\/v2\/types\/post"}],"author":[{"embeddable":true,"href":"https:\/\/www.zunoticia.com\/noticias-de-hidalgo\/wp-json\/wp\/v2\/users\/12"}],"replies":[{"embeddable":true,"href":"https:\/\/www.zunoticia.com\/noticias-de-hidalgo\/wp-json\/wp\/v2\/comments?post=469551"}],"version-history":[{"count":1,"href":"https:\/\/www.zunoticia.com\/noticias-de-hidalgo\/wp-json\/wp\/v2\/posts\/469551\/revisions"}],"predecessor-version":[{"id":469553,"href":"https:\/\/www.zunoticia.com\/noticias-de-hidalgo\/wp-json\/wp\/v2\/posts\/469551\/revisions\/469553"}],"wp:featuredmedia":[{"embeddable":true,"href":"https:\/\/www.zunoticia.com\/noticias-de-hidalgo\/wp-json\/wp\/v2\/media\/469544"}],"wp:attachment":[{"href":"https:\/\/www.zunoticia.com\/noticias-de-hidalgo\/wp-json\/wp\/v2\/media?parent=469551"}],"wp:term":[{"taxonomy":"category","embeddable":true,"href":"https:\/\/www.zunoticia.com\/noticias-de-hidalgo\/wp-json\/wp\/v2\/categories?post=469551"},{"taxonomy":"post_tag","embeddable":true,"href":"https:\/\/www.zunoticia.com\/noticias-de-hidalgo\/wp-json\/wp\/v2\/tags?post=469551"}],"curies":[{"name":"wp","href":"https:\/\/api.w.org\/{rel}","templated":true}]}}