{"id":469684,"date":"2023-02-23T23:35:49","date_gmt":"2023-02-24T05:35:49","guid":{"rendered":"https:\/\/www.zunoticia.com\/noticias-de-hidalgo\/?p=469684"},"modified":"2023-02-23T23:35:50","modified_gmt":"2023-02-24T05:35:50","slug":"gobierno-comprometido-con-rescate-de-la-lengua-materna","status":"publish","type":"post","link":"https:\/\/www.zunoticia.com\/noticias-de-hidalgo\/2023\/02\/23\/gobierno-comprometido-con-rescate-de-la-lengua-materna\/","title":{"rendered":"Gobierno comprometido con rescate de la Lengua Materna"},"content":{"rendered":"<aside class=\"mashsb-container mashsb-main mashsb-stretched\"><div class=\"mashsb-box\"><div class=\"mashsb-count mash-large\" style=\"float:left\"><div class=\"counts mashsbcount\">15<\/div><span class=\"mashsb-sharetext\">SHARES<\/span><\/div><div class=\"mashsb-buttons\"><a class=\"mashicon-facebook mash-large mash-center mashsb-noshadow\" href=\"https:\/\/www.facebook.com\/sharer.php?u=https%3A%2F%2Fwww.zunoticia.com%2Fnoticias-de-hidalgo%2F2023%2F02%2F23%2Fgobierno-comprometido-con-rescate-de-la-lengua-materna%2F\" target=\"_top\" rel=\"nofollow\"><span class=\"icon\"><\/span><span class=\"text\">Share<\/span><\/a><a class=\"mashicon-twitter mash-large mash-center mashsb-noshadow\" href=\"https:\/\/twitter.com\/intent\/tweet?text=&amp;url=https:\/\/www.zunoticia.com\/noticias-de-hidalgo\/2023\/02\/23\/gobierno-comprometido-con-rescate-de-la-lengua-materna\/\" target=\"_top\" rel=\"nofollow\"><span class=\"icon\"><\/span><span class=\"text\">Tweet<\/span><\/a><div class=\"onoffswitch2 mash-large mashsb-noshadow\" style=\"display:none\"><\/div><\/div>\n            <\/div>\n                <div style=\"clear:both\"><\/div><div class=\"mashsb-toggle-container\"><\/div><\/aside>\n            <!-- Share buttons by mashshare.net - Version: 4.0.47-->\n<p><em>Por \u00c1ngel Silverio\/Zunoticia<\/em><\/p>\n\n\n\n<p><strong>San Felipe Orizatl\u00e1n, Hgo.-<\/strong> Con la intenci\u00f3n de seguir rescatando las ra\u00edces que le dan identidad a los orizatlenses, el Gobierno Municipal que preside Erika Saab Lara, a trav\u00e9s del Departamento de Asuntos Ind\u00edgenas a cargo de Hilda Hern\u00e1ndez Hern\u00e1ndez, acudi\u00f3 a las instalaciones del Instituto Tecnol\u00f3gico de Huejutla, en donde se celebr\u00f3 el &#8220;D\u00eda Internacional de la Lengua Materna&#8221; con un foro denominado &#8220;Educaci\u00f3n multiling\u00fce&#8221;.<\/p>\n\n\n\n<p>Ah\u00ed, el evento fue encabezado por los titulares de la Comisi\u00f3n Estatal para el Desarrollo Sostenible de los Pueblos Ind\u00edgenas y de Unidad de Planeaci\u00f3n y Prospectiva Hidalgo, Prisco Manuel Guti\u00e9rrez y Miguel Tello, quienes dieron la bienvenida a este encuentro en donde resaltaron la importancia de conservar las ra\u00edces del pueblo hidalguense a trav\u00e9s de sus lenguas maternas.<\/p>\n\n\n\n<p>Por su parte, la titular de asuntos ind\u00edgenas destac\u00f3 que la administraci\u00f3n que encabeza Erika Saab Lara, trabaja de manera coordinada con el Gobierno del Estado de Hidalgo, con el fin de beneficiar a la recuperaci\u00f3n, conservaci\u00f3n, revitalizaci\u00f3n y difusi\u00f3n de las lenguas maternas en la entidad.<\/p>\n\n\n\n<p>En este tenor y como parte de las actividades para esta celebraci\u00f3n, el municipio de San Felipe Orizatl\u00e1n present\u00f3 la danza &#8220;Huitzitzili&#8221; de la localidad de Huitzitzilinguito, de esta manera el Gobierno de Orizatl\u00e1n se suma al rescate de las tradiciones y de la lengua materna.<\/p>\n","protected":false},"excerpt":{"rendered":"<p>Por \u00c1ngel Silverio\/Zunoticia San Felipe Orizatl\u00e1n, Hgo.- Con la intenci\u00f3n de seguir rescatando las ra\u00edces que le dan identidad a los orizatlenses, el Gobierno Municipal que preside Erika Saab Lara, a trav\u00e9s del Departamento de Asuntos Ind\u00edgenas a cargo de Hilda Hern\u00e1ndez Hern\u00e1ndez, acudi\u00f3 a las instalaciones del Instituto Tecnol\u00f3gico de Huejutla, en donde se&hellip; <a class=\"more-link\" href=\"https:\/\/www.zunoticia.com\/noticias-de-hidalgo\/2023\/02\/23\/gobierno-comprometido-con-rescate-de-la-lengua-materna\/\">Seguir leyendo <span class=\"screen-reader-text\">Gobierno comprometido con rescate de la Lengua Materna<\/span><\/a><\/p>\n","protected":false},"author":12,"featured_media":469662,"comment_status":"closed","ping_status":"open","sticky":false,"template":"","format":"standard","meta":{"rop_custom_images_group":[],"rop_custom_messages_group":[],"rop_publish_now":"initial","rop_publish_now_accounts":{"facebook_10159540855086992_322828327761733":""},"rop_publish_now_history":[],"rop_publish_now_status":"pending","footnotes":""},"categories":[180],"tags":[129],"class_list":["post-469684","post","type-post","status-publish","format-standard","has-post-thumbnail","hentry","category-orizatlan","tag-orizatlan","entry"],"_links":{"self":[{"href":"https:\/\/www.zunoticia.com\/noticias-de-hidalgo\/wp-json\/wp\/v2\/posts\/469684","targetHints":{"allow":["GET"]}}],"collection":[{"href":"https:\/\/www.zunoticia.com\/noticias-de-hidalgo\/wp-json\/wp\/v2\/posts"}],"about":[{"href":"https:\/\/www.zunoticia.com\/noticias-de-hidalgo\/wp-json\/wp\/v2\/types\/post"}],"author":[{"embeddable":true,"href":"https:\/\/www.zunoticia.com\/noticias-de-hidalgo\/wp-json\/wp\/v2\/users\/12"}],"replies":[{"embeddable":true,"href":"https:\/\/www.zunoticia.com\/noticias-de-hidalgo\/wp-json\/wp\/v2\/comments?post=469684"}],"version-history":[{"count":1,"href":"https:\/\/www.zunoticia.com\/noticias-de-hidalgo\/wp-json\/wp\/v2\/posts\/469684\/revisions"}],"predecessor-version":[{"id":469687,"href":"https:\/\/www.zunoticia.com\/noticias-de-hidalgo\/wp-json\/wp\/v2\/posts\/469684\/revisions\/469687"}],"wp:featuredmedia":[{"embeddable":true,"href":"https:\/\/www.zunoticia.com\/noticias-de-hidalgo\/wp-json\/wp\/v2\/media\/469662"}],"wp:attachment":[{"href":"https:\/\/www.zunoticia.com\/noticias-de-hidalgo\/wp-json\/wp\/v2\/media?parent=469684"}],"wp:term":[{"taxonomy":"category","embeddable":true,"href":"https:\/\/www.zunoticia.com\/noticias-de-hidalgo\/wp-json\/wp\/v2\/categories?post=469684"},{"taxonomy":"post_tag","embeddable":true,"href":"https:\/\/www.zunoticia.com\/noticias-de-hidalgo\/wp-json\/wp\/v2\/tags?post=469684"}],"curies":[{"name":"wp","href":"https:\/\/api.w.org\/{rel}","templated":true}]}}