{"id":470075,"date":"2023-02-27T14:11:40","date_gmt":"2023-02-27T20:11:40","guid":{"rendered":"https:\/\/www.zunoticia.com\/noticias-de-hidalgo\/?p=470075"},"modified":"2023-02-27T14:11:41","modified_gmt":"2023-02-27T20:11:41","slug":"denuncia-fdomez-detencion-de-otro-miembro-del-fnls","status":"publish","type":"post","link":"https:\/\/www.zunoticia.com\/noticias-de-hidalgo\/2023\/02\/27\/denuncia-fdomez-detencion-de-otro-miembro-del-fnls\/","title":{"rendered":"Denuncia FDOMEZ detenci\u00f3n de otro miembro del FNLS"},"content":{"rendered":"<aside class=\"mashsb-container mashsb-main mashsb-stretched\"><div class=\"mashsb-box\"><div class=\"mashsb-count mash-large\" style=\"float:left\"><div class=\"counts mashsbcount\">2<\/div><span class=\"mashsb-sharetext\">SHARES<\/span><\/div><div class=\"mashsb-buttons\"><a class=\"mashicon-facebook mash-large mash-center mashsb-noshadow\" href=\"https:\/\/www.facebook.com\/sharer.php?u=https%3A%2F%2Fwww.zunoticia.com%2Fnoticias-de-hidalgo%2F2023%2F02%2F27%2Fdenuncia-fdomez-detencion-de-otro-miembro-del-fnls%2F\" target=\"_top\" rel=\"nofollow\"><span class=\"icon\"><\/span><span class=\"text\">Share<\/span><\/a><a class=\"mashicon-twitter mash-large mash-center mashsb-noshadow\" href=\"https:\/\/twitter.com\/intent\/tweet?text=&amp;url=https:\/\/www.zunoticia.com\/noticias-de-hidalgo\/2023\/02\/27\/denuncia-fdomez-detencion-de-otro-miembro-del-fnls\/\" target=\"_top\" rel=\"nofollow\"><span class=\"icon\"><\/span><span class=\"text\">Tweet<\/span><\/a><div class=\"onoffswitch2 mash-large mashsb-noshadow\" style=\"display:none\"><\/div><\/div>\n            <\/div>\n                <div style=\"clear:both\"><\/div><div class=\"mashsb-toggle-container\"><\/div><\/aside>\n            <!-- Share buttons by mashshare.net - Version: 4.0.47-->\n<p><em>Por Enedino Hern\u00e1ndez\/Zunoticia<\/em><\/p>\n\n\n\n<p><strong>Huejutla, Hgo.-<\/strong> En conferencia de prensa realizada este lunes 27 de febrero, en la plaza Nicandro Castillo de esta ciudad de Huejutla, miembros del Frente Democr\u00e1tico Oriental de M\u00e9xico Emiliano Zapata (FDOMEZ) denunciaron la desaparici\u00f3n forzada de otro miembro del Frente Nacional de Lucha por el Socialismo (FNLS).<\/p>\n\n\n\n<p>En el comunicado difundido por Rubicel Hern\u00e1ndez, denunci\u00f3 la desaparici\u00f3n forzada de Daniel G\u00f3mez S\u00e1ntiz, originario de R\u00edo Florido del municipio de Ocosingo, Chiapas.<\/p>\n\n\n\n<p>Expone que de esta manera el Estado, pretende acabar con la lucha por la exigencia de libertad para Higinio Bustos Navarro; presentaci\u00f3n con vida de Fidencio G\u00f3mez S\u00e1ntiz; de los revolucionarios Gabriel Alberto Cruz S\u00e1nchez y Edmundo Reyes Amaya; por este \u00faltimo caso cumplimiento de la sentencia de la Suprema Corte de Justicia de la Naci\u00f3n en la que ordena, que la SEDENA abra los cuarteles militares para la b\u00fasqueda de los militantes del PDPR-EPR y tambi\u00e9n que los mandos militares comparezcan ante la justicia por su supuesta participaci\u00f3n en la desaparici\u00f3n forzada de los revolucionarios en el a\u00f1o 2007.<\/p>\n\n\n\n<p>Afirma \u201cahora desaparece de forma forzada Daniel G\u00f3mez Santiz de R\u00edo Florido, con la anuencia del gobierno municipal de Ocosingo, del gobierno del estado de Chiapas, quienes se han encargado de darle protecci\u00f3n, entrenamiento y armamento a estos sujetos desclasados que de forma c\u00ednica han manifestado p\u00fablicamente que son responsables de las agresiones antes enumeradas\u201d.<\/p>\n\n\n\n<p>Finalmente, confirma que las conferencias de prensa se llevaron a cabo de manera simult\u00e1nea con miembros del FDOMEZ en Huejutla, Tantoyuca, Chicontepec, Benito Ju\u00e1rez y Tuxpan.<\/p>\n","protected":false},"excerpt":{"rendered":"<p>Por Enedino Hern\u00e1ndez\/Zunoticia Huejutla, Hgo.- En conferencia de prensa realizada este lunes 27 de febrero, en la plaza Nicandro Castillo de esta ciudad de Huejutla, miembros del Frente Democr\u00e1tico Oriental de M\u00e9xico Emiliano Zapata (FDOMEZ) denunciaron la desaparici\u00f3n forzada de otro miembro del Frente Nacional de Lucha por el Socialismo (FNLS). En el comunicado difundido&hellip; <a class=\"more-link\" href=\"https:\/\/www.zunoticia.com\/noticias-de-hidalgo\/2023\/02\/27\/denuncia-fdomez-detencion-de-otro-miembro-del-fnls\/\">Seguir leyendo <span class=\"screen-reader-text\">Denuncia FDOMEZ detenci\u00f3n de otro miembro del FNLS<\/span><\/a><\/p>\n","protected":false},"author":20,"featured_media":470076,"comment_status":"closed","ping_status":"open","sticky":false,"template":"","format":"standard","meta":{"rop_custom_images_group":[],"rop_custom_messages_group":[],"rop_publish_now":"initial","rop_publish_now_accounts":{"facebook_10159540855086992_322828327761733":""},"rop_publish_now_history":[],"rop_publish_now_status":"pending","footnotes":""},"categories":[181],"tags":[121],"class_list":["post-470075","post","type-post","status-publish","format-standard","has-post-thumbnail","hentry","category-huejutla","tag-huejutla","entry"],"_links":{"self":[{"href":"https:\/\/www.zunoticia.com\/noticias-de-hidalgo\/wp-json\/wp\/v2\/posts\/470075","targetHints":{"allow":["GET"]}}],"collection":[{"href":"https:\/\/www.zunoticia.com\/noticias-de-hidalgo\/wp-json\/wp\/v2\/posts"}],"about":[{"href":"https:\/\/www.zunoticia.com\/noticias-de-hidalgo\/wp-json\/wp\/v2\/types\/post"}],"author":[{"embeddable":true,"href":"https:\/\/www.zunoticia.com\/noticias-de-hidalgo\/wp-json\/wp\/v2\/users\/20"}],"replies":[{"embeddable":true,"href":"https:\/\/www.zunoticia.com\/noticias-de-hidalgo\/wp-json\/wp\/v2\/comments?post=470075"}],"version-history":[{"count":1,"href":"https:\/\/www.zunoticia.com\/noticias-de-hidalgo\/wp-json\/wp\/v2\/posts\/470075\/revisions"}],"predecessor-version":[{"id":470077,"href":"https:\/\/www.zunoticia.com\/noticias-de-hidalgo\/wp-json\/wp\/v2\/posts\/470075\/revisions\/470077"}],"wp:featuredmedia":[{"embeddable":true,"href":"https:\/\/www.zunoticia.com\/noticias-de-hidalgo\/wp-json\/wp\/v2\/media\/470076"}],"wp:attachment":[{"href":"https:\/\/www.zunoticia.com\/noticias-de-hidalgo\/wp-json\/wp\/v2\/media?parent=470075"}],"wp:term":[{"taxonomy":"category","embeddable":true,"href":"https:\/\/www.zunoticia.com\/noticias-de-hidalgo\/wp-json\/wp\/v2\/categories?post=470075"},{"taxonomy":"post_tag","embeddable":true,"href":"https:\/\/www.zunoticia.com\/noticias-de-hidalgo\/wp-json\/wp\/v2\/tags?post=470075"}],"curies":[{"name":"wp","href":"https:\/\/api.w.org\/{rel}","templated":true}]}}