{"id":470088,"date":"2023-02-27T16:26:30","date_gmt":"2023-02-27T22:26:30","guid":{"rendered":"https:\/\/www.zunoticia.com\/noticias-de-hidalgo\/?p=470088"},"modified":"2023-02-27T16:26:32","modified_gmt":"2023-02-27T22:26:32","slug":"programa-ine-recorrido-de-modulos-de-atencion-ciudadana-3","status":"publish","type":"post","link":"https:\/\/www.zunoticia.com\/noticias-de-hidalgo\/2023\/02\/27\/programa-ine-recorrido-de-modulos-de-atencion-ciudadana-3\/","title":{"rendered":"Programa INE recorrido de M\u00f3dulos de Atenci\u00f3n Ciudadana"},"content":{"rendered":"<aside class=\"mashsb-container mashsb-main mashsb-stretched\"><div class=\"mashsb-box\"><div class=\"mashsb-count mash-large\" style=\"float:left\"><div class=\"counts mashsbcount\">7<\/div><span class=\"mashsb-sharetext\">SHARES<\/span><\/div><div class=\"mashsb-buttons\"><a class=\"mashicon-facebook mash-large mash-center mashsb-noshadow\" href=\"https:\/\/www.facebook.com\/sharer.php?u=https%3A%2F%2Fwww.zunoticia.com%2Fnoticias-de-hidalgo%2F2023%2F02%2F27%2Fprograma-ine-recorrido-de-modulos-de-atencion-ciudadana-3%2F\" target=\"_top\" rel=\"nofollow\"><span class=\"icon\"><\/span><span class=\"text\">Share<\/span><\/a><a class=\"mashicon-twitter mash-large mash-center mashsb-noshadow\" href=\"https:\/\/twitter.com\/intent\/tweet?text=&amp;url=https:\/\/www.zunoticia.com\/noticias-de-hidalgo\/2023\/02\/27\/programa-ine-recorrido-de-modulos-de-atencion-ciudadana-3\/\" target=\"_top\" rel=\"nofollow\"><span class=\"icon\"><\/span><span class=\"text\">Tweet<\/span><\/a><div class=\"onoffswitch2 mash-large mashsb-noshadow\" style=\"display:none\"><\/div><\/div>\n            <\/div>\n                <div style=\"clear:both\"><\/div><div class=\"mashsb-toggle-container\"><\/div><\/aside>\n            <!-- Share buttons by mashshare.net - Version: 4.0.47-->\n<p><\/p>\n\n\n\n<p><em>Por Enedino Hern\u00e1ndez\/Zunoticia<\/em><\/p>\n\n\n\n<p><strong>Huejutla, Hgo<\/strong>.- Con toda anticipaci\u00f3n el vocal del Registro Federal de Electores del INE en Huejutla, Vicente Rodr\u00edguez, dio a conocer la programaci\u00f3n del recorrido de los M\u00f3dulos de Atenci\u00f3n Ciudadana, prevista para lo que resta de la presente semana.<\/p>\n\n\n\n<p>Dijo que el m\u00f3dulo que atiende los municipios de la huasteca estar\u00e1 este martes 28 de febrero en Huautla, durante los d\u00edas comprendidos del 1 al 3 de marzo estar\u00e1 en el municipio de Xochiatipan de 09:00 a las 16:00 horas, cuatro de la tarde, en donde se realizar\u00e1n todos los tr\u00e1mites, as\u00ed como la entrega de las credenciales.<\/p>\n\n\n\n<p>Sugiere a la ciudadan\u00eda a que acuda con su cubrebocas y si no es necesario que lleve acompa\u00f1antes, se le pide a que vaya solo a tramitar la credencial de elector, para con ello evitar aglomeraciones.<\/p>\n\n\n\n<p>En caso del m\u00f3dulo que recorre los municipios de la sierra de Hidalgo, el 28 de febrero estar\u00e1 en la localidad de Nonoalco perteneciente al municipio de Xochicoatl\u00e1n; los d\u00edas 1 y 2 de marzo estar\u00e1 en Tianguistengo y el 3 de marzo en Calnali.<\/p>\n\n\n\n<p>Pide a los ciudadanos a que permitan se les aplique gel antibacterial y se les tome la temperatura, a efecto de cumplir con las indicaciones sanitarias.<\/p>\n\n\n\n<p>Vicente Rodr\u00edguez, expone que el M\u00f3dulo de Atenci\u00f3n Ciudadana del INE ubicado en Huejutla, brinda atenci\u00f3n de 08:00 a las 15:00 horas, tres de la tarde, de lunes a viernes; en donde los ciudadanos pueden acudir para tramitar, actualizar y en su caso a recoger la credencial de elector.<\/p>\n\n\n\n<p>Concluy\u00f3 que son tres los principales requisitos que se requieren para poder hacer los tr\u00e1mites para obtener la credencial de elector que son, el acta de nacimiento, comprobante de domicilio y una identificaci\u00f3n oficial con fotograf\u00eda.<\/p>\n\n\n\n<p><\/p>\n\n\n\n<p><\/p>\n","protected":false},"excerpt":{"rendered":"<p>Por Enedino Hern\u00e1ndez\/Zunoticia Huejutla, Hgo.- Con toda anticipaci\u00f3n el vocal del Registro Federal de Electores del INE en Huejutla, Vicente Rodr\u00edguez, dio a conocer la programaci\u00f3n del recorrido de los M\u00f3dulos de Atenci\u00f3n Ciudadana, prevista para lo que resta de la presente semana. Dijo que el m\u00f3dulo que atiende los municipios de la huasteca estar\u00e1&hellip; <a class=\"more-link\" href=\"https:\/\/www.zunoticia.com\/noticias-de-hidalgo\/2023\/02\/27\/programa-ine-recorrido-de-modulos-de-atencion-ciudadana-3\/\">Seguir leyendo <span class=\"screen-reader-text\">Programa INE recorrido de M\u00f3dulos de Atenci\u00f3n Ciudadana<\/span><\/a><\/p>\n","protected":false},"author":20,"featured_media":470089,"comment_status":"closed","ping_status":"open","sticky":false,"template":"","format":"standard","meta":{"rop_custom_images_group":[],"rop_custom_messages_group":[],"rop_publish_now":"initial","rop_publish_now_accounts":{"facebook_10159540855086992_322828327761733":""},"rop_publish_now_history":[],"rop_publish_now_status":"pending","footnotes":""},"categories":[181],"tags":[121],"class_list":["post-470088","post","type-post","status-publish","format-standard","has-post-thumbnail","hentry","category-huejutla","tag-huejutla","entry"],"_links":{"self":[{"href":"https:\/\/www.zunoticia.com\/noticias-de-hidalgo\/wp-json\/wp\/v2\/posts\/470088","targetHints":{"allow":["GET"]}}],"collection":[{"href":"https:\/\/www.zunoticia.com\/noticias-de-hidalgo\/wp-json\/wp\/v2\/posts"}],"about":[{"href":"https:\/\/www.zunoticia.com\/noticias-de-hidalgo\/wp-json\/wp\/v2\/types\/post"}],"author":[{"embeddable":true,"href":"https:\/\/www.zunoticia.com\/noticias-de-hidalgo\/wp-json\/wp\/v2\/users\/20"}],"replies":[{"embeddable":true,"href":"https:\/\/www.zunoticia.com\/noticias-de-hidalgo\/wp-json\/wp\/v2\/comments?post=470088"}],"version-history":[{"count":1,"href":"https:\/\/www.zunoticia.com\/noticias-de-hidalgo\/wp-json\/wp\/v2\/posts\/470088\/revisions"}],"predecessor-version":[{"id":470090,"href":"https:\/\/www.zunoticia.com\/noticias-de-hidalgo\/wp-json\/wp\/v2\/posts\/470088\/revisions\/470090"}],"wp:featuredmedia":[{"embeddable":true,"href":"https:\/\/www.zunoticia.com\/noticias-de-hidalgo\/wp-json\/wp\/v2\/media\/470089"}],"wp:attachment":[{"href":"https:\/\/www.zunoticia.com\/noticias-de-hidalgo\/wp-json\/wp\/v2\/media?parent=470088"}],"wp:term":[{"taxonomy":"category","embeddable":true,"href":"https:\/\/www.zunoticia.com\/noticias-de-hidalgo\/wp-json\/wp\/v2\/categories?post=470088"},{"taxonomy":"post_tag","embeddable":true,"href":"https:\/\/www.zunoticia.com\/noticias-de-hidalgo\/wp-json\/wp\/v2\/tags?post=470088"}],"curies":[{"name":"wp","href":"https:\/\/api.w.org\/{rel}","templated":true}]}}