{"id":470100,"date":"2023-02-27T17:28:46","date_gmt":"2023-02-27T23:28:46","guid":{"rendered":"https:\/\/www.zunoticia.com\/noticias-de-hidalgo\/?p=470100"},"modified":"2023-02-27T17:28:47","modified_gmt":"2023-02-27T23:28:47","slug":"preside-edda-vite-inicio-de-la-jornada-nacional-de-capacitacion-de-sistemas-dif","status":"publish","type":"post","link":"https:\/\/www.zunoticia.com\/noticias-de-hidalgo\/2023\/02\/27\/preside-edda-vite-inicio-de-la-jornada-nacional-de-capacitacion-de-sistemas-dif\/","title":{"rendered":"\u00a0Preside Edda Vite inicio de la Jornada \u00a0Nacional de capacitaci\u00f3n de sistemas DIF"},"content":{"rendered":"<aside class=\"mashsb-container mashsb-main mashsb-stretched\"><div class=\"mashsb-box\"><div class=\"mashsb-count mash-large\" style=\"float:left\"><div class=\"counts mashsbcount\">6<\/div><span class=\"mashsb-sharetext\">SHARES<\/span><\/div><div class=\"mashsb-buttons\"><a class=\"mashicon-facebook mash-large mash-center mashsb-noshadow\" href=\"https:\/\/www.facebook.com\/sharer.php?u=https%3A%2F%2Fwww.zunoticia.com%2Fnoticias-de-hidalgo%2F2023%2F02%2F27%2Fpreside-edda-vite-inicio-de-la-jornada-nacional-de-capacitacion-de-sistemas-dif%2F\" target=\"_top\" rel=\"nofollow\"><span class=\"icon\"><\/span><span class=\"text\">Share<\/span><\/a><a class=\"mashicon-twitter mash-large mash-center mashsb-noshadow\" href=\"https:\/\/twitter.com\/intent\/tweet?text=&amp;url=https:\/\/www.zunoticia.com\/noticias-de-hidalgo\/2023\/02\/27\/preside-edda-vite-inicio-de-la-jornada-nacional-de-capacitacion-de-sistemas-dif\/\" target=\"_top\" rel=\"nofollow\"><span class=\"icon\"><\/span><span class=\"text\">Tweet<\/span><\/a><div class=\"onoffswitch2 mash-large mashsb-noshadow\" style=\"display:none\"><\/div><\/div>\n            <\/div>\n                <div style=\"clear:both\"><\/div><div class=\"mashsb-toggle-container\"><\/div><\/aside>\n            <!-- Share buttons by mashshare.net - Version: 4.0.47-->\n<p><\/p>\n\n\n\n<p>*Estas capacitaciones van a servir para que el Sistema DIF tome esa fuerza y ese liderazgo que le corresponde. Hag\u00e1moslo fuerte, hag\u00e1moslo profesional, se\u00f1al\u00f3.<\/p>\n\n\n\n<p><em>Por Redacci\u00f3n\/Zunoticia<\/em><\/p>\n\n\n\n<p><strong>Pachuca de Soto, Hgo<\/strong>.- Edda Vite, presidenta del Patronato del DIFH, inaugur\u00f3 la Jornada Nacional de Capacitaci\u00f3n de Sistemas DIF, que tiene como sede las instalaciones del Consejo de Ciencia, Tecnolog\u00eda e Innovaci\u00f3n de Hidalgo (Citnova) durante el 27 y 28 de febrero.<\/p>\n\n\n\n<p>Dicha actividad re\u00fane autoridades y personal de los Sistemas DIF de los estados de Aguascalientes, Puebla, Tamaulipas, Quintana Roo, Guerrero, Oaxaca y Durango. El prop\u00f3sito es transformar y unificar la asistencia social mediante la alineaci\u00f3n, actualizaci\u00f3n e intercambio de conocimiento que permita reducir las brechas de operaci\u00f3n que existen entre administraciones a nivel interestatal y nacional en el marco de la transici\u00f3n pol\u00edtica.<\/p>\n\n\n\n<p>En palabras de Francisco Antonio Meza, encargado de la Direcci\u00f3n General de Alimentaci\u00f3n y Desarrollo Comunitario del SNDIF: \u201cEste ejercicio tiene el prop\u00f3sito de hacer un intercambio entre la visi\u00f3n que tenemos en DIF Nacional y la visi\u00f3n de los Sistemas estatales para considerarnos un solo DIF, nos podamos seguir viendo de una manera cercana y tengamos m\u00e1s y mejores herramientas para atender a los grupos prioritarios\u201d.<\/p>\n\n\n\n<p>Por su parte, Efra\u00edn Cruz Morales, director general de Rehabilitaci\u00f3n e Inclusi\u00f3n del SNDIF, reconoci\u00f3 la gran disposici\u00f3n por parte de la Familia DIFH, encabezada por Edda Vite, para sumarse activamente a las acciones implementadas por Nuria Fern\u00e1ndez Espresate, titular del Sistema Nacional en concordancia con el gobierno federal para incrementar el apoyo a las y los mexicanos que m\u00e1s lo necesitan.&nbsp;<\/p>\n\n\n\n<p>Cruz Morales destac\u00f3 la repercusi\u00f3n que puede atraer esta actividad para la poblaci\u00f3n vulnerable del estado, pues se\u00f1al\u00f3 que a trav\u00e9s de estas capacitaciones, los Sistemas DIF estatales recibir\u00e1n orientaci\u00f3n para acceder al presupuesto nacional asignado al Programa de Atenci\u00f3n a Personas con Discapacidad (SO39), que en este a\u00f1o y el pr\u00f3ximo ascender\u00e1 a 78 millones de pesos.<\/p>\n\n\n\n<p>\u201cLo que vamos a ver el d\u00eda de hoy en materia de obtenci\u00f3n de recursos ser\u00e1 c\u00f3mo pueden ustedes bajarlos y apoyarse, a trav\u00e9s de unas reglas de operaci\u00f3n muy claras establecidas en el Diario Oficial de la Federaci\u00f3n. Esperamos que estas jornadas tengan \u00e9xito sobre todo para atraer el conocimiento y despu\u00e9s expandirlo con nuestros compa\u00f1eros de trabajo\u201d, indic\u00f3 Cruz Morales.<\/p>\n\n\n\n<p>En ese sentido Javier Rodr\u00edguez Sagah\u00f3n, titular del Sistema DIFH, reconoci\u00f3 la necesidad de contar con ejercicios de capacitaci\u00f3n que coadyuven a consolidar la transformaci\u00f3n del estado de Hidalgo.<\/p>\n\n\n\n<p>\u201cNuestro inter\u00e9s es que podamos dar mejores resultados a la gente, ser m\u00e1s eficientes, m\u00e1s eficaces, bajo los principios de honestidad, de trabajo y cercan\u00eda con la poblaci\u00f3n. Desde que llegamos al Sistema advertimos varias \u00e1reas de oportunidad y lo primero que hicimos fue capacitarnos, intentamos estar cerca para poder aprender. Sin duda esto ser\u00e1 un parteaguas para nosotros como sistema\u201d, expuso Rodr\u00edguez Sagah\u00f3n.<\/p>\n\n\n\n<p>Para finalizar el acto protocolario y dar paso a las actividades de capacitaci\u00f3n la presidenta del Patronato del Sistema DIFH dijo sentirse orgullosa de que por primera vez Hidalgo sea sede nacional en materia de capacitaci\u00f3n.&nbsp;<\/p>\n\n\n\n<p>Exhort\u00f3 al personal de cada estado a adquirir nuevos conocimientos sobre los temas asistenciales de competencia estatal que permitir\u00e1n realizar acciones asertivas en cada caso que se presente con las familias pertenecientes a grupos prioritarios.<\/p>\n\n\n\n<p>\u201cDeseo que estas capacitaciones nos permitan ampliar nuestros conocimientos, adquirir herramientas, habilidades y actitudes que fortalezcan nuestra capacidad de respuesta y que beneficien para un futuro lleno de oportunidad para la ni\u00f1ez y adolescencia. Que para los adultos mayores exista una mayor calidad de vida\u201d, mencion\u00f3.<\/p>\n\n\n\n<p>Edda Vite enfatiz\u00f3 la gran responsabilidad y alegr\u00eda con la que la Familia DIFH seguir\u00e1 sirviendo para llevar esperanza y amor al pueblo hidalguense basando su labor, en la adquisici\u00f3n de conocimientos, el trabajo en equipo y la coordinaci\u00f3n interinstitucional que se traduzca en mejores condiciones de vida para los grupos prioritarios del estado de Hidalgo.<\/p>\n\n\n\n<p>La jornada tuvo como invitada especial a Ver\u00f3nica Lezama Espinoza presidenta del&nbsp; DIF Quintana Roo, y&nbsp; de autoridades del SNDIF como Gloria Tokunga Casta\u00f1eda, directora general de Profesionalizaci\u00f3n; Efra\u00edn Cruz Morales, director general de Rehabilitaci\u00f3n e Inclusi\u00f3n; Rub\u00e9n Mart\u00ednez, director general de Integraci\u00f3n Social; Dulce Mej\u00eda, directora general de Representaci\u00f3n Jur\u00eddica y Restituci\u00f3n de Derechos de Ni\u00f1os, Ni\u00f1as y Adolescentes; Celia del Carmen G\u00f3mez, directora de Enlaces de Estado y Municipios; Francisco Antonio Meza, encargado de la direcci\u00f3n general de Alimentaci\u00f3n y Desarrollo Comunitario.<\/p>\n\n\n\n<p>Por parte del Sistema DIF Hidalgo asistieron: Celia Chavar\u00edn, directora general de Asistencia Social; Yolanda Ferrera, directora general de Planeaci\u00f3n, Administraci\u00f3n y Finanzas; Oralia Vega, coordinadora de la Junta General de Asistencia; y Karina Ram\u00edrez, procuradora de Protecci\u00f3n a Ni\u00f1as, Ni\u00f1os, Adolescentes y la Familia.&nbsp;<\/p>\n","protected":false},"excerpt":{"rendered":"<p>*Estas capacitaciones van a servir para que el Sistema DIF tome esa fuerza y ese liderazgo que le corresponde. Hag\u00e1moslo fuerte, hag\u00e1moslo profesional, se\u00f1al\u00f3. Por Redacci\u00f3n\/Zunoticia Pachuca de Soto, Hgo.- Edda Vite, presidenta del Patronato del DIFH, inaugur\u00f3 la Jornada Nacional de Capacitaci\u00f3n de Sistemas DIF, que tiene como sede las instalaciones del Consejo de&hellip; <a class=\"more-link\" href=\"https:\/\/www.zunoticia.com\/noticias-de-hidalgo\/2023\/02\/27\/preside-edda-vite-inicio-de-la-jornada-nacional-de-capacitacion-de-sistemas-dif\/\">Seguir leyendo <span class=\"screen-reader-text\">\u00a0Preside Edda Vite inicio de la Jornada \u00a0Nacional de capacitaci\u00f3n de sistemas DIF<\/span><\/a><\/p>\n","protected":false},"author":20,"featured_media":470101,"comment_status":"closed","ping_status":"open","sticky":false,"template":"","format":"standard","meta":{"rop_custom_images_group":[],"rop_custom_messages_group":[],"rop_publish_now":"initial","rop_publish_now_accounts":{"facebook_10159540855086992_322828327761733":""},"rop_publish_now_history":[],"rop_publish_now_status":"pending","footnotes":""},"categories":[208],"tags":[214],"class_list":["post-470100","post","type-post","status-publish","format-standard","has-post-thumbnail","hentry","category-estado","tag-estado","entry"],"_links":{"self":[{"href":"https:\/\/www.zunoticia.com\/noticias-de-hidalgo\/wp-json\/wp\/v2\/posts\/470100","targetHints":{"allow":["GET"]}}],"collection":[{"href":"https:\/\/www.zunoticia.com\/noticias-de-hidalgo\/wp-json\/wp\/v2\/posts"}],"about":[{"href":"https:\/\/www.zunoticia.com\/noticias-de-hidalgo\/wp-json\/wp\/v2\/types\/post"}],"author":[{"embeddable":true,"href":"https:\/\/www.zunoticia.com\/noticias-de-hidalgo\/wp-json\/wp\/v2\/users\/20"}],"replies":[{"embeddable":true,"href":"https:\/\/www.zunoticia.com\/noticias-de-hidalgo\/wp-json\/wp\/v2\/comments?post=470100"}],"version-history":[{"count":1,"href":"https:\/\/www.zunoticia.com\/noticias-de-hidalgo\/wp-json\/wp\/v2\/posts\/470100\/revisions"}],"predecessor-version":[{"id":470102,"href":"https:\/\/www.zunoticia.com\/noticias-de-hidalgo\/wp-json\/wp\/v2\/posts\/470100\/revisions\/470102"}],"wp:featuredmedia":[{"embeddable":true,"href":"https:\/\/www.zunoticia.com\/noticias-de-hidalgo\/wp-json\/wp\/v2\/media\/470101"}],"wp:attachment":[{"href":"https:\/\/www.zunoticia.com\/noticias-de-hidalgo\/wp-json\/wp\/v2\/media?parent=470100"}],"wp:term":[{"taxonomy":"category","embeddable":true,"href":"https:\/\/www.zunoticia.com\/noticias-de-hidalgo\/wp-json\/wp\/v2\/categories?post=470100"},{"taxonomy":"post_tag","embeddable":true,"href":"https:\/\/www.zunoticia.com\/noticias-de-hidalgo\/wp-json\/wp\/v2\/tags?post=470100"}],"curies":[{"name":"wp","href":"https:\/\/api.w.org\/{rel}","templated":true}]}}