{"id":470112,"date":"2023-02-27T18:30:51","date_gmt":"2023-02-28T00:30:51","guid":{"rendered":"https:\/\/www.zunoticia.com\/noticias-de-hidalgo\/?p=470112"},"modified":"2023-02-27T18:30:52","modified_gmt":"2023-02-28T00:30:52","slug":"continua-abierto-registro-para-cirugias-esteticas-infantiles-y-adolescentes","status":"publish","type":"post","link":"https:\/\/www.zunoticia.com\/noticias-de-hidalgo\/2023\/02\/27\/continua-abierto-registro-para-cirugias-esteticas-infantiles-y-adolescentes\/","title":{"rendered":"Contin\u00faa abierto registro para cirug\u00edas est\u00e9ticas infantiles y adolescentes"},"content":{"rendered":"<aside class=\"mashsb-container mashsb-main mashsb-stretched\"><div class=\"mashsb-box\"><div class=\"mashsb-count mash-large\" style=\"float:left\"><div class=\"counts mashsbcount\">18<\/div><span class=\"mashsb-sharetext\">SHARES<\/span><\/div><div class=\"mashsb-buttons\"><a class=\"mashicon-facebook mash-large mash-center mashsb-noshadow\" href=\"https:\/\/www.facebook.com\/sharer.php?u=https%3A%2F%2Fwww.zunoticia.com%2Fnoticias-de-hidalgo%2F2023%2F02%2F27%2Fcontinua-abierto-registro-para-cirugias-esteticas-infantiles-y-adolescentes%2F\" target=\"_top\" rel=\"nofollow\"><span class=\"icon\"><\/span><span class=\"text\">Share<\/span><\/a><a class=\"mashicon-twitter mash-large mash-center mashsb-noshadow\" href=\"https:\/\/twitter.com\/intent\/tweet?text=&amp;url=https:\/\/www.zunoticia.com\/noticias-de-hidalgo\/2023\/02\/27\/continua-abierto-registro-para-cirugias-esteticas-infantiles-y-adolescentes\/\" target=\"_top\" rel=\"nofollow\"><span class=\"icon\"><\/span><span class=\"text\">Tweet<\/span><\/a><div class=\"onoffswitch2 mash-large mashsb-noshadow\" style=\"display:none\"><\/div><\/div>\n            <\/div>\n                <div style=\"clear:both\"><\/div><div class=\"mashsb-toggle-container\"><\/div><\/aside>\n            <!-- Share buttons by mashshare.net - Version: 4.0.47-->\n<p><em>Por \u00c1ngel Silverio\/Zunoticia<\/em><\/p>\n\n\n\n<p><strong>San Felipe Orizatl\u00e1n, Hgo.-<\/strong> El Sistema DIF Hidalgo, a trav\u00e9s de los sistemas municipales, dio a conocer que contin\u00faa vigente el registro para que ni\u00f1as, ni\u00f1os y adolescentes puedan ser beneficiados con las Jornadas M\u00e9dicas de Subespecialidad totalmente gratis, sin embargo es necesario que acudan a valoraci\u00f3n ante el DIF Municipal.<\/p>\n\n\n\n<p>Lo anterior fue dado a conocer por el presidente del Sistema DIF Municipal, a cargo de Cesar Ra\u00fal Becerra, quien mencion\u00f3 que, del 17 al 21 de abril se estar\u00e1n realizando estas cirug\u00edas de manera gratuita, y podr\u00e1n acudir ni\u00f1os, ni\u00f1as y adolescentes de los distintos municipios, por ello en Orizatl\u00e1n, los interesados deben acudir a las instalaciones del DIF Local, para que sean evaluados.<\/p>\n\n\n\n<p>\u201cSe trata de cirug\u00edas como estrabismo, sindactilia (solo en manos), polidactilia (manos y pies), nevos pilosos, cicatriz queloide, as\u00ed como tambi\u00e9n secuelas de quemaduras, para ello deben acercarse al sistema DIF Municipal, y creo que es una excelente oportunidad para los padres de familia, que se acerquen y aqu\u00ed nosotros les damos m\u00e1s informaci\u00f3n\u201d indic\u00f3.<\/p>\n\n\n\n<p>Agradeci\u00f3 al Gobierno del Estado y al DIF Estatal, por este importante apoyo a los ni\u00f1os y j\u00f3venes de esta demarcaci\u00f3n, que tanto requieren de una cirug\u00eda est\u00e9tica, por lo que dijo que continuar\u00e1n gestionando m\u00e1s apoyos.<\/p>\n","protected":false},"excerpt":{"rendered":"<p>Por \u00c1ngel Silverio\/Zunoticia San Felipe Orizatl\u00e1n, Hgo.- El Sistema DIF Hidalgo, a trav\u00e9s de los sistemas municipales, dio a conocer que contin\u00faa vigente el registro para que ni\u00f1as, ni\u00f1os y adolescentes puedan ser beneficiados con las Jornadas M\u00e9dicas de Subespecialidad totalmente gratis, sin embargo es necesario que acudan a valoraci\u00f3n ante el DIF Municipal. Lo&hellip; <a class=\"more-link\" href=\"https:\/\/www.zunoticia.com\/noticias-de-hidalgo\/2023\/02\/27\/continua-abierto-registro-para-cirugias-esteticas-infantiles-y-adolescentes\/\">Seguir leyendo <span class=\"screen-reader-text\">Contin\u00faa abierto registro para cirug\u00edas est\u00e9ticas infantiles y adolescentes<\/span><\/a><\/p>\n","protected":false},"author":12,"featured_media":470108,"comment_status":"closed","ping_status":"open","sticky":false,"template":"","format":"standard","meta":{"rop_custom_images_group":[],"rop_custom_messages_group":[],"rop_publish_now":"initial","rop_publish_now_accounts":{"facebook_10159540855086992_322828327761733":""},"rop_publish_now_history":[],"rop_publish_now_status":"pending","footnotes":""},"categories":[180],"tags":[129],"class_list":["post-470112","post","type-post","status-publish","format-standard","has-post-thumbnail","hentry","category-orizatlan","tag-orizatlan","entry"],"_links":{"self":[{"href":"https:\/\/www.zunoticia.com\/noticias-de-hidalgo\/wp-json\/wp\/v2\/posts\/470112","targetHints":{"allow":["GET"]}}],"collection":[{"href":"https:\/\/www.zunoticia.com\/noticias-de-hidalgo\/wp-json\/wp\/v2\/posts"}],"about":[{"href":"https:\/\/www.zunoticia.com\/noticias-de-hidalgo\/wp-json\/wp\/v2\/types\/post"}],"author":[{"embeddable":true,"href":"https:\/\/www.zunoticia.com\/noticias-de-hidalgo\/wp-json\/wp\/v2\/users\/12"}],"replies":[{"embeddable":true,"href":"https:\/\/www.zunoticia.com\/noticias-de-hidalgo\/wp-json\/wp\/v2\/comments?post=470112"}],"version-history":[{"count":1,"href":"https:\/\/www.zunoticia.com\/noticias-de-hidalgo\/wp-json\/wp\/v2\/posts\/470112\/revisions"}],"predecessor-version":[{"id":470113,"href":"https:\/\/www.zunoticia.com\/noticias-de-hidalgo\/wp-json\/wp\/v2\/posts\/470112\/revisions\/470113"}],"wp:featuredmedia":[{"embeddable":true,"href":"https:\/\/www.zunoticia.com\/noticias-de-hidalgo\/wp-json\/wp\/v2\/media\/470108"}],"wp:attachment":[{"href":"https:\/\/www.zunoticia.com\/noticias-de-hidalgo\/wp-json\/wp\/v2\/media?parent=470112"}],"wp:term":[{"taxonomy":"category","embeddable":true,"href":"https:\/\/www.zunoticia.com\/noticias-de-hidalgo\/wp-json\/wp\/v2\/categories?post=470112"},{"taxonomy":"post_tag","embeddable":true,"href":"https:\/\/www.zunoticia.com\/noticias-de-hidalgo\/wp-json\/wp\/v2\/tags?post=470112"}],"curies":[{"name":"wp","href":"https:\/\/api.w.org\/{rel}","templated":true}]}}