{"id":470121,"date":"2023-02-27T19:13:20","date_gmt":"2023-02-28T01:13:20","guid":{"rendered":"https:\/\/www.zunoticia.com\/noticias-de-hidalgo\/?p=470121"},"modified":"2023-02-27T19:13:22","modified_gmt":"2023-02-28T01:13:22","slug":"para-seleccionar-al-candidato-de-morena-debe-verse-a-la-persona-ideal-que-represente-al-pueblo","status":"publish","type":"post","link":"https:\/\/www.zunoticia.com\/noticias-de-hidalgo\/2023\/02\/27\/para-seleccionar-al-candidato-de-morena-debe-verse-a-la-persona-ideal-que-represente-al-pueblo\/","title":{"rendered":"Para seleccionar al candidato de Morena, debe verse a la persona ideal que represente al pueblo"},"content":{"rendered":"<aside class=\"mashsb-container mashsb-main mashsb-stretched\"><div class=\"mashsb-box\"><div class=\"mashsb-count mash-large\" style=\"float:left\"><div class=\"counts mashsbcount\">22<\/div><span class=\"mashsb-sharetext\">SHARES<\/span><\/div><div class=\"mashsb-buttons\"><a class=\"mashicon-facebook mash-large mash-center mashsb-noshadow\" href=\"https:\/\/www.facebook.com\/sharer.php?u=https%3A%2F%2Fwww.zunoticia.com%2Fnoticias-de-hidalgo%2F2023%2F02%2F27%2Fpara-seleccionar-al-candidato-de-morena-debe-verse-a-la-persona-ideal-que-represente-al-pueblo%2F\" target=\"_top\" rel=\"nofollow\"><span class=\"icon\"><\/span><span class=\"text\">Share<\/span><\/a><a class=\"mashicon-twitter mash-large mash-center mashsb-noshadow\" href=\"https:\/\/twitter.com\/intent\/tweet?text=&amp;url=https:\/\/www.zunoticia.com\/noticias-de-hidalgo\/2023\/02\/27\/para-seleccionar-al-candidato-de-morena-debe-verse-a-la-persona-ideal-que-represente-al-pueblo\/\" target=\"_top\" rel=\"nofollow\"><span class=\"icon\"><\/span><span class=\"text\">Tweet<\/span><\/a><div class=\"onoffswitch2 mash-large mashsb-noshadow\" style=\"display:none\"><\/div><\/div>\n            <\/div>\n                <div style=\"clear:both\"><\/div><div class=\"mashsb-toggle-container\"><\/div><\/aside>\n            <!-- Share buttons by mashshare.net - Version: 4.0.47-->\n<p><em>Por Enedino Hern\u00e1ndez\/Zunoticia<\/em><\/p>\n\n\n\n<p><strong>Huejutla, Hgo.-<\/strong> \u201cPara seleccionar al candidato en el Movimiento de Regeneraci\u00f3n Nacional (Morena) se debe buscar a la persona ideal, que realmente represente al pueblo\u201d, se\u00f1al\u00f3 el miembro fundador del citado instituto pol\u00edtico en Huejutla, Francisco Flores Bustos.<\/p>\n\n\n\n<p>\u201cCreo que es el momento de que el pueblo elija a su gobernante, a quien realmente lo represente, ya sea para el ayuntamiento de Huejutla, as\u00ed como a diputados local, diputado federal, senador y a la presidencia de la Rep\u00fablica\u201d.<\/p>\n\n\n\n<p>Expone que ser\u00eda conveniente hacer una encuesta tomando en cuenta la opini\u00f3n de la base militante y al pueblo en general \u201clo primordial es escuchar y es el momento de que se tome en cuenta al pueblo, ya que se le ha estado enga\u00f1ando con los mismos\u201d.<\/p>\n\n\n\n<p>Dijo que, en el pueblo tambi\u00e9n ve que hay muchos aspirantes a candidatos \u201cahorita habr\u00e1n de llegar aspirantes a candidatos que llegan solo en estos momentos y que nada m\u00e1s ven esto cuando hay elecciones, como dijeran; se acercan al nopal nada m\u00e1s cuando ven las tunas maduras; eso no se vale, esos candidatos no nos sirven\u201d.<\/p>\n\n\n\n<p>Francisco Flores Bustos, insiste que este tipo de candidatos solo vienen, como el caso de un ayuntamiento, lo ven como un negocio \u201cson candidatos tradicionalistas que nada m\u00e1s se acercan en tiempos electorales y eso no va; \u201cpor lo que el pueblo tiene todo el derecho de elegir a su candidato, que realmente represente al pueblo, que sea un candidato del pueblo\u201d.<\/p>\n","protected":false},"excerpt":{"rendered":"<p>Por Enedino Hern\u00e1ndez\/Zunoticia Huejutla, Hgo.- \u201cPara seleccionar al candidato en el Movimiento de Regeneraci\u00f3n Nacional (Morena) se debe buscar a la persona ideal, que realmente represente al pueblo\u201d, se\u00f1al\u00f3 el miembro fundador del citado instituto pol\u00edtico en Huejutla, Francisco Flores Bustos. \u201cCreo que es el momento de que el pueblo elija a su gobernante, a&hellip; <a class=\"more-link\" href=\"https:\/\/www.zunoticia.com\/noticias-de-hidalgo\/2023\/02\/27\/para-seleccionar-al-candidato-de-morena-debe-verse-a-la-persona-ideal-que-represente-al-pueblo\/\">Seguir leyendo <span class=\"screen-reader-text\">Para seleccionar al candidato de Morena, debe verse a la persona ideal que represente al pueblo<\/span><\/a><\/p>\n","protected":false},"author":12,"featured_media":470117,"comment_status":"closed","ping_status":"open","sticky":false,"template":"","format":"standard","meta":{"rop_custom_images_group":[],"rop_custom_messages_group":[],"rop_publish_now":"initial","rop_publish_now_accounts":{"facebook_10159540855086992_322828327761733":""},"rop_publish_now_history":[],"rop_publish_now_status":"pending","footnotes":""},"categories":[181],"tags":[121],"class_list":["post-470121","post","type-post","status-publish","format-standard","has-post-thumbnail","hentry","category-huejutla","tag-huejutla","entry"],"_links":{"self":[{"href":"https:\/\/www.zunoticia.com\/noticias-de-hidalgo\/wp-json\/wp\/v2\/posts\/470121","targetHints":{"allow":["GET"]}}],"collection":[{"href":"https:\/\/www.zunoticia.com\/noticias-de-hidalgo\/wp-json\/wp\/v2\/posts"}],"about":[{"href":"https:\/\/www.zunoticia.com\/noticias-de-hidalgo\/wp-json\/wp\/v2\/types\/post"}],"author":[{"embeddable":true,"href":"https:\/\/www.zunoticia.com\/noticias-de-hidalgo\/wp-json\/wp\/v2\/users\/12"}],"replies":[{"embeddable":true,"href":"https:\/\/www.zunoticia.com\/noticias-de-hidalgo\/wp-json\/wp\/v2\/comments?post=470121"}],"version-history":[{"count":1,"href":"https:\/\/www.zunoticia.com\/noticias-de-hidalgo\/wp-json\/wp\/v2\/posts\/470121\/revisions"}],"predecessor-version":[{"id":470123,"href":"https:\/\/www.zunoticia.com\/noticias-de-hidalgo\/wp-json\/wp\/v2\/posts\/470121\/revisions\/470123"}],"wp:featuredmedia":[{"embeddable":true,"href":"https:\/\/www.zunoticia.com\/noticias-de-hidalgo\/wp-json\/wp\/v2\/media\/470117"}],"wp:attachment":[{"href":"https:\/\/www.zunoticia.com\/noticias-de-hidalgo\/wp-json\/wp\/v2\/media?parent=470121"}],"wp:term":[{"taxonomy":"category","embeddable":true,"href":"https:\/\/www.zunoticia.com\/noticias-de-hidalgo\/wp-json\/wp\/v2\/categories?post=470121"},{"taxonomy":"post_tag","embeddable":true,"href":"https:\/\/www.zunoticia.com\/noticias-de-hidalgo\/wp-json\/wp\/v2\/tags?post=470121"}],"curies":[{"name":"wp","href":"https:\/\/api.w.org\/{rel}","templated":true}]}}