{"id":470146,"date":"2023-02-27T21:09:44","date_gmt":"2023-02-28T03:09:44","guid":{"rendered":"https:\/\/www.zunoticia.com\/noticias-de-hidalgo\/?p=470146"},"modified":"2023-02-27T21:09:45","modified_gmt":"2023-02-28T03:09:45","slug":"consternacion-por-fallecimiento-de-ex-funcionario-y-medico-de-tlanchinol","status":"publish","type":"post","link":"https:\/\/www.zunoticia.com\/noticias-de-hidalgo\/2023\/02\/27\/consternacion-por-fallecimiento-de-ex-funcionario-y-medico-de-tlanchinol\/","title":{"rendered":"Consternaci\u00f3n por fallecimiento de Ex funcionario y M\u00e9dico de Tlanchinol"},"content":{"rendered":"<aside class=\"mashsb-container mashsb-main mashsb-stretched\"><div class=\"mashsb-box\"><div class=\"mashsb-count mash-large\" style=\"float:left\"><div class=\"counts mashsbcount\">54<\/div><span class=\"mashsb-sharetext\">SHARES<\/span><\/div><div class=\"mashsb-buttons\"><a class=\"mashicon-facebook mash-large mash-center mashsb-noshadow\" href=\"https:\/\/www.facebook.com\/sharer.php?u=https%3A%2F%2Fwww.zunoticia.com%2Fnoticias-de-hidalgo%2F2023%2F02%2F27%2Fconsternacion-por-fallecimiento-de-ex-funcionario-y-medico-de-tlanchinol%2F\" target=\"_top\" rel=\"nofollow\"><span class=\"icon\"><\/span><span class=\"text\">Share<\/span><\/a><a class=\"mashicon-twitter mash-large mash-center mashsb-noshadow\" href=\"https:\/\/twitter.com\/intent\/tweet?text=&amp;url=https:\/\/www.zunoticia.com\/noticias-de-hidalgo\/2023\/02\/27\/consternacion-por-fallecimiento-de-ex-funcionario-y-medico-de-tlanchinol\/\" target=\"_top\" rel=\"nofollow\"><span class=\"icon\"><\/span><span class=\"text\">Tweet<\/span><\/a><div class=\"onoffswitch2 mash-large mashsb-noshadow\" style=\"display:none\"><\/div><\/div>\n            <\/div>\n                <div style=\"clear:both\"><\/div><div class=\"mashsb-toggle-container\"><\/div><\/aside>\n            <!-- Share buttons by mashshare.net - Version: 4.0.47-->\n<p><em>Por Roberto Meza\/Zunoticia<\/em><\/p>\n\n\n\n<p><strong>Tlanchinol, Hgo.-<\/strong> Consternaci\u00f3n y dolor ha causado el fallecimiento&nbsp; del ex s\u00edndico procurador del ayuntamiento y M\u00e9dico del hospital Ilusi\u00f3n, Sa\u00fal Toledo Arcos, quien feneci\u00f3 la noche del pasado domingo.<\/p>\n\n\n\n<p>Sus familiares y amigos participan en el duelo, destacan que el M\u00e9dico Sa\u00fal Toledo Arcos, lleg\u00f3 a Tlanchinol hace ya muchos a\u00f1os y se qued\u00f3 a radicar y formar una familia en este municipio. Al participar en las actividades sociales y pol\u00edticas fue s\u00edndico procurador en el trienio del panista Alejandro Bautista Medina, tambi\u00e9n fue secretario general del PAN municipal, actualmente se laboraba en el Hospital Ilusi\u00f3n.<\/p>\n\n\n\n<p>Por lo anterior los tlanchinolenses lloran la partida de este gran profesionista, quien a toda hora atend\u00eda tambi\u00e9n a la poblaci\u00f3n en su casa.<\/p>\n","protected":false},"excerpt":{"rendered":"<p>Por Roberto Meza\/Zunoticia Tlanchinol, Hgo.- Consternaci\u00f3n y dolor ha causado el fallecimiento&nbsp; del ex s\u00edndico procurador del ayuntamiento y M\u00e9dico del hospital Ilusi\u00f3n, Sa\u00fal Toledo Arcos, quien feneci\u00f3 la noche del pasado domingo. Sus familiares y amigos participan en el duelo, destacan que el M\u00e9dico Sa\u00fal Toledo Arcos, lleg\u00f3 a Tlanchinol hace ya muchos a\u00f1os&hellip; <a class=\"more-link\" href=\"https:\/\/www.zunoticia.com\/noticias-de-hidalgo\/2023\/02\/27\/consternacion-por-fallecimiento-de-ex-funcionario-y-medico-de-tlanchinol\/\">Seguir leyendo <span class=\"screen-reader-text\">Consternaci\u00f3n por fallecimiento de Ex funcionario y M\u00e9dico de Tlanchinol<\/span><\/a><\/p>\n","protected":false},"author":12,"featured_media":470151,"comment_status":"closed","ping_status":"open","sticky":false,"template":"","format":"standard","meta":{"rop_custom_images_group":[],"rop_custom_messages_group":[],"rop_publish_now":"initial","rop_publish_now_accounts":{"facebook_10159540855086992_322828327761733":""},"rop_publish_now_history":[],"rop_publish_now_status":"pending","footnotes":""},"categories":[219,201],"tags":[127],"class_list":["post-470146","post","type-post","status-publish","format-standard","has-post-thumbnail","hentry","category-sierra","category-tlanchinol","tag-tlanchinol","entry"],"_links":{"self":[{"href":"https:\/\/www.zunoticia.com\/noticias-de-hidalgo\/wp-json\/wp\/v2\/posts\/470146","targetHints":{"allow":["GET"]}}],"collection":[{"href":"https:\/\/www.zunoticia.com\/noticias-de-hidalgo\/wp-json\/wp\/v2\/posts"}],"about":[{"href":"https:\/\/www.zunoticia.com\/noticias-de-hidalgo\/wp-json\/wp\/v2\/types\/post"}],"author":[{"embeddable":true,"href":"https:\/\/www.zunoticia.com\/noticias-de-hidalgo\/wp-json\/wp\/v2\/users\/12"}],"replies":[{"embeddable":true,"href":"https:\/\/www.zunoticia.com\/noticias-de-hidalgo\/wp-json\/wp\/v2\/comments?post=470146"}],"version-history":[{"count":1,"href":"https:\/\/www.zunoticia.com\/noticias-de-hidalgo\/wp-json\/wp\/v2\/posts\/470146\/revisions"}],"predecessor-version":[{"id":470153,"href":"https:\/\/www.zunoticia.com\/noticias-de-hidalgo\/wp-json\/wp\/v2\/posts\/470146\/revisions\/470153"}],"wp:featuredmedia":[{"embeddable":true,"href":"https:\/\/www.zunoticia.com\/noticias-de-hidalgo\/wp-json\/wp\/v2\/media\/470151"}],"wp:attachment":[{"href":"https:\/\/www.zunoticia.com\/noticias-de-hidalgo\/wp-json\/wp\/v2\/media?parent=470146"}],"wp:term":[{"taxonomy":"category","embeddable":true,"href":"https:\/\/www.zunoticia.com\/noticias-de-hidalgo\/wp-json\/wp\/v2\/categories?post=470146"},{"taxonomy":"post_tag","embeddable":true,"href":"https:\/\/www.zunoticia.com\/noticias-de-hidalgo\/wp-json\/wp\/v2\/tags?post=470146"}],"curies":[{"name":"wp","href":"https:\/\/api.w.org\/{rel}","templated":true}]}}